{"id":632774,"date":"2024-09-10T00:01:33","date_gmt":"2024-09-10T06:01:33","guid":{"rendered":"https:\/\/www.diarioimagen.net\/?p=632774"},"modified":"2024-09-10T22:21:54","modified_gmt":"2024-09-11T04:21:54","slug":"desacelera-inflacion-luego-de-cinco-meses-al-alza","status":"publish","type":"post","link":"https:\/\/www.diarioimagen.net\/?p=632774","title":{"rendered":"Desacelera inflaci\u00f3n luego de cinco meses al alza"},"content":{"rendered":"<p>&nbsp;<\/p>\n<ul>\n<li><em><strong>Se ubica en 4.99 por ciento anual<\/strong><\/em><\/li>\n<\/ul>\n<p>&nbsp;<\/p>\n<div id=\"attachment_632852\" style=\"width: 470px\" class=\"wp-caption aligncenter\"><a href=\"https:\/\/www.diarioimagen.net\/?attachment_id=632852\" rel=\"attachment wp-att-632852\"><img loading=\"lazy\" decoding=\"async\" aria-describedby=\"caption-attachment-632852\" class=\"size-full wp-image-632852\" src=\"https:\/\/www.diarioimagen.net\/wp-content\/uploads\/2024\/09\/desacelera-inflacion.jpg\" alt=\"\" width=\"460\" height=\"270\" srcset=\"https:\/\/www.diarioimagen.net\/wp-content\/uploads\/2024\/09\/desacelera-inflacion.jpg 460w, https:\/\/www.diarioimagen.net\/wp-content\/uploads\/2024\/09\/desacelera-inflacion-240x141.jpg 240w\" sizes=\"auto, (max-width: 460px) 100vw, 460px\" \/><\/a><p id=\"caption-attachment-632852\" class=\"wp-caption-text\">El \u00cdndice Nacional de Precios al Consumidor desaceler\u00f3 en agosto al llegar a 4.99% anual, inform\u00f3 el Instituto Nacional de Estad\u00edstica y Geograf\u00eda.<\/p><\/div>\n<p>&nbsp;<\/p>\n<p>Luego de cinco meses al alza, la inflaci\u00f3n en M\u00e9xico moder\u00f3 su marcha al registrar una variaci\u00f3n anual de 4.99%, tasa inferior al 5.57% reportado un mes antes, ante la ca\u00edda de los precios vol\u00e1tiles, inform\u00f3 este lunes el Instituto Nacional de Estad\u00edstica y Geograf\u00eda (Inegi).<\/p>\n<p>Con base en los datos del \u00edndice nacional de precios al consumidor (INPC), la inflaci\u00f3n general present\u00f3 un aumento de 0.01 por ciento en agosto, respecto al mes anterior. Con este resultado, la inflaci\u00f3n general anual pas\u00f3 de un 5.57 por ciento anual en julio a 4.99 por ciento anual en agosto.<\/p>\n<p>El incremento de los precios al consumidor en el pa\u00eds result\u00f3 ligeramente por debajo de las estimaciones del consenso de los analistas consultados por Citibanamex, que estimaban un aumento de 5.06 por ciento anual.<\/p>\n<p>Dentro de los productos que tuvieron una mayor incidencia para que la inflaci\u00f3n general mostrara una mayor desaceleraci\u00f3n fueron el chayote, con una ca\u00edda mensual de 61.07 por ciento; ejotes, chile serrano, tomate, chile poblano, transporte aereo, jitomate con un descenso de 20.78, 17.44, 16.82, 15.33, 14.76 y 10.07 por ciento, respectivamente.<\/p>\n<p>Entre los productos que mantuvieron una incidencia al alza fue el lim\u00f3n, con un avance de 18.16 por ciento; pi\u00f1a, 14.20 por ciento; uva, 9.50 por ciento; huevo, 3.61 por ciento, principalmente.<\/p>\n<p style=\"text-align: center;\"><strong>Baja el \u00edndice de precios subyacente<\/strong><\/p>\n<p>Por su parte, el \u00edndice de precios subyacente, que excluye de su c\u00e1lculo la energ\u00eda y los alimentos frescos, as\u00ed como determinar la trayectoria de los precios en el mediano y largo plazo, increment\u00f3 0.22 por ciento a tasa mensual y 4 por ciento a tasa anual, lo que signific\u00f3 su variaci\u00f3n m\u00e1s baja en 42 meses.<\/p>\n<p>El \u00edndice de precios no subyacente, que incluye la energ\u00eda y los alimentos frescos, registr\u00f3 una ca\u00edda de 0.70 por ciento mensual y un alza de 8.03 por ciento anual.<\/p>\n<p>Al interior del \u00edndice subyacente, a tasa mensual, los precios de las mercanc\u00edas subieron 0.18 por ciento y los de servicios, 0.27 por ciento<\/p>\n<p>\u201cA pesar de que la baja inflacionaria es positiva para el Banco de M\u00e9xico, la inflaci\u00f3n subyacente ya se atasc\u00f3 en la vecindad de 4 por ciento por cuatro quincenas\u00a0 consecutivas. Esto indica que la inflaci\u00f3n subyacente est\u00e1 corriendo a velocidad constante de 4 por ciento sin se\u00f1ales de desaceleraci\u00f3n.<\/p>\n<p>El riesgo es que a\u00fan considerando que los precios subyacentes se mueven a la velocidad m\u00ednima mensual de 0.15 por ciento, en el resto del a\u00f1o, la inflaci\u00f3n subyacente se quedar\u00e1 estancada en 4 por ciento de aqu\u00ed al final del a\u00f1o. El manejo del relajamiento monetario requiere de una mayor atenci\u00f3n\u201d, afirm\u00f3 Alfredo Couti\u00f1o, director de Moody\u2019s Analytics.<\/p>\n","protected":false},"excerpt":{"rendered":"<p>Luego de cinco meses al alza, la inflaci\u00f3n en M\u00e9xico moder\u00f3 su marcha al registrar una variaci\u00f3n anual de 4.99%, tasa inferior al 5.57% reportado un mes antes, ante la ca\u00edda de los precios vol\u00e1tiles, inform\u00f3 este lunes el Instituto\u00a0Nacional\u00a0de\u00a0Estad\u00edstica y Geograf\u00eda\u00a0(Inegi).<\/p>\n","protected":false},"author":3,"featured_media":632852,"comment_status":"open","ping_status":"open","sticky":false,"template":"","format":"standard","meta":{"_monsterinsights_skip_tracking":false,"_monsterinsights_sitenote_active":false,"_monsterinsights_sitenote_note":"","_monsterinsights_sitenote_category":0,"footnotes":""},"categories":[17,8],"tags":[43678,24442,932],"class_list":["post-632774","post","type-post","status-publish","format-standard","has-post-thumbnail","hentry","category-especiales","category-finanzas","tag-finanzas","tag-indice-nacional-de-precios-al-consumidor","tag-inflacion"],"_links":{"self":[{"href":"https:\/\/www.diarioimagen.net\/index.php?rest_route=\/wp\/v2\/posts\/632774","targetHints":{"allow":["GET"]}}],"collection":[{"href":"https:\/\/www.diarioimagen.net\/index.php?rest_route=\/wp\/v2\/posts"}],"about":[{"href":"https:\/\/www.diarioimagen.net\/index.php?rest_route=\/wp\/v2\/types\/post"}],"author":[{"embeddable":true,"href":"https:\/\/www.diarioimagen.net\/index.php?rest_route=\/wp\/v2\/users\/3"}],"replies":[{"embeddable":true,"href":"https:\/\/www.diarioimagen.net\/index.php?rest_route=%2Fwp%2Fv2%2Fcomments&post=632774"}],"version-history":[{"count":0,"href":"https:\/\/www.diarioimagen.net\/index.php?rest_route=\/wp\/v2\/posts\/632774\/revisions"}],"wp:featuredmedia":[{"embeddable":true,"href":"https:\/\/www.diarioimagen.net\/index.php?rest_route=\/wp\/v2\/media\/632852"}],"wp:attachment":[{"href":"https:\/\/www.diarioimagen.net\/index.php?rest_route=%2Fwp%2Fv2%2Fmedia&parent=632774"}],"wp:term":[{"taxonomy":"category","embeddable":true,"href":"https:\/\/www.diarioimagen.net\/index.php?rest_route=%2Fwp%2Fv2%2Fcategories&post=632774"},{"taxonomy":"post_tag","embeddable":true,"href":"https:\/\/www.diarioimagen.net\/index.php?rest_route=%2Fwp%2Fv2%2Ftags&post=632774"}],"curies":[{"name":"wp","href":"https:\/\/api.w.org\/{rel}","templated":true}]}}