{"id":632780,"date":"2024-09-10T00:07:32","date_gmt":"2024-09-10T06:07:32","guid":{"rendered":"https:\/\/www.diarioimagen.net\/?p=632780"},"modified":"2024-09-10T22:20:43","modified_gmt":"2024-09-11T04:20:43","slug":"investigadora-uaemex-aborda-los-cuidados-de-las-personas-adultas-mayores","status":"publish","type":"post","link":"https:\/\/www.diarioimagen.net\/?p=632780","title":{"rendered":"Investigadora UAEM\u00e9x aborda los cuidados de las personas adultas mayores"},"content":{"rendered":"<p>&nbsp;<\/p>\n<h2 style=\"text-align: center;\"><strong>Zoraida Ronz\u00f3n Hern\u00e1ndez<\/strong><\/h2>\n<p>&nbsp;<\/p>\n<div id=\"attachment_632845\" style=\"width: 470px\" class=\"wp-caption aligncenter\"><a href=\"https:\/\/www.diarioimagen.net\/?attachment_id=632845\" rel=\"attachment wp-att-632845\"><img loading=\"lazy\" decoding=\"async\" aria-describedby=\"caption-attachment-632845\" class=\"size-full wp-image-632845\" src=\"https:\/\/www.diarioimagen.net\/wp-content\/uploads\/2024\/09\/uaem-investigadora-1.jpg\" alt=\"\" width=\"460\" height=\"270\" srcset=\"https:\/\/www.diarioimagen.net\/wp-content\/uploads\/2024\/09\/uaem-investigadora-1.jpg 460w, https:\/\/www.diarioimagen.net\/wp-content\/uploads\/2024\/09\/uaem-investigadora-1-240x141.jpg 240w\" sizes=\"auto, (max-width: 460px) 100vw, 460px\" \/><\/a><p id=\"caption-attachment-632845\" class=\"wp-caption-text\">La investigadora enfatiz\u00f3 la importancia de contar con pol\u00edticas p\u00fablicas destinadas al cuidado y bienestar de las personas adultas mayores, en una sociedad con envejecimiento poblacional.<\/p><\/div>\n<p>&nbsp;<\/p>\n<p><strong>Toluca, Estado de M\u00e9xico.<\/strong>\u2014 Con el objetivo de observar los cuidados que se llevaron a cabo en torno a las personas adultas mayores durante y tras la crisis sanitaria por el virus SARS-CoV-2, Zoraida Ronz\u00f3n Hern\u00e1ndez,\u00a0 investigadora de la Universidad Aut\u00f3noma del Estado de M\u00e9xico (UAEM\u00e9x), realiz\u00f3 un trabajo de investigaci\u00f3n, el cual se llev\u00f3 a cabo durante un a\u00f1o y medio.<\/p>\n<p>En esta investigaci\u00f3n se pudo observar que se emplearon tres m\u00e9todos de atenci\u00f3n m\u00e9dica. El primer modelo se trata del \u201cm\u00e9dico hegem\u00f3nico\u201d, el cual consiste en tener atenci\u00f3n en una cl\u00ednica o centro de salud; el segundo modelo es el alternativo subordinado, en donde se a\u00f1ade una pr\u00e1ctica extra de cuidado como el temazcal y, por \u00faltimo, el modelo de autocuidado, en donde se atiende uno mismo, a trav\u00e9s de remedios caseros, complement\u00e1ndose entre los tres modelos.<\/p>\n<p>Ronz\u00f3n Hern\u00e1ndez pudo identificar dos din\u00e1micas familiares de cuidado en relaci\u00f3n al contexto de las personas adultas mayores. Por un lado, aquellos que ten\u00edan redes de apoyo familiar previas al confinamiento pudieron recibir atenci\u00f3n de parte de sus familiares, lo que facilit\u00f3 la interacci\u00f3n intergeneracional, mientras que las personas adultas mayores que carec\u00edan de estas redes tuvieron que enfrentar la situaci\u00f3n por s\u00ed mismos durante y despu\u00e9s del confinamiento.<\/p>\n<p>Los resultados que obtuvo fueron 50 narrativas autobiogr\u00e1ficas en 12 municipios del Estado de M\u00e9xico y 10 en la Ciudad de M\u00e9xico, a trav\u00e9s de las cuales se identificaron los cambios en las estructuras, los arreglos familiares y la forma de corresidencia entre las personas adultas mayores durante y despu\u00e9s del confinamiento, a corto y largo plazo.<\/p>\n<p>La investigadora mencion\u00f3 que nos encontramos en proceso de una sociedad con tendencia al envejecimiento y por ello, las personas a cargo de la toma de decisiones deber\u00edan tener conciencia de la necesidad de crear pol\u00edticas p\u00fablicas que promuevan el bienestar de las personas adultas mayores. A su vez, la investigadora comparti\u00f3 un logro alcanzado tras a\u00f1os de trabajo sobre vejez y envejecimiento, el cual fue ayudar a reformular, replantear y actualizar la Ley del Adulto Mayor del Estado de M\u00e9xico, siendo reformada el 05 de abril de 2024.<\/p>\n<p>Finalmente, la investigadora dej\u00f3 un mensaje muy motivador para aquellas mujeres que desean dedicarse a hacer ciencia: \u201cCada vez somos m\u00e1s mujeres que nos dedicamos a la investigaci\u00f3n. Tenemos la fortuna de que las que estamos aqu\u00ed podemos tener la oportunidad de tirar muros para las que vienen detr\u00e1s, para que en alg\u00fan momento esta paridad de g\u00e9nero y esta igualdad entre todas las mujeres y entre todas las personas sean una realidad, no s\u00f3lo un pronunciamiento pol\u00edtico, ni una idea ut\u00f3pica, sino que tengamos la posibilidad de dedicarnos a lo que nos gusta, y, afortunadamente, yo me dedico a lo que me gusta que es la investigaci\u00f3n social\u201d.<\/p>\n","protected":false},"excerpt":{"rendered":"<p>Con el objetivo de observar los cuidados que se llevaron a cabo en torno a las personas adultas mayores durante y tras la crisis sanitaria por el virus SARS-CoV-2, Zoraida Ronz\u00f3n Hern\u00e1ndez,\u00a0 investigadora de la Universidad Aut\u00f3noma del Estado de M\u00e9xico (UAEM\u00e9x), realiz\u00f3 un trabajo de investigaci\u00f3n, el cual se llev\u00f3 a cabo durante un a\u00f1o y medio.<\/p>\n","protected":false},"author":3,"featured_media":632845,"comment_status":"open","ping_status":"open","sticky":false,"template":"","format":"standard","meta":{"_monsterinsights_skip_tracking":false,"_monsterinsights_sitenote_active":false,"_monsterinsights_sitenote_note":"","_monsterinsights_sitenote_category":0,"footnotes":""},"categories":[5],"tags":[88335,43675,452,67878],"class_list":["post-632780","post","type-post","status-publish","format-standard","has-post-thumbnail","hentry","category-estado-de-mexico","tag-adultas-mayores","tag-estado-de-mexico","tag-toluca","tag-uaemex"],"_links":{"self":[{"href":"https:\/\/www.diarioimagen.net\/index.php?rest_route=\/wp\/v2\/posts\/632780","targetHints":{"allow":["GET"]}}],"collection":[{"href":"https:\/\/www.diarioimagen.net\/index.php?rest_route=\/wp\/v2\/posts"}],"about":[{"href":"https:\/\/www.diarioimagen.net\/index.php?rest_route=\/wp\/v2\/types\/post"}],"author":[{"embeddable":true,"href":"https:\/\/www.diarioimagen.net\/index.php?rest_route=\/wp\/v2\/users\/3"}],"replies":[{"embeddable":true,"href":"https:\/\/www.diarioimagen.net\/index.php?rest_route=%2Fwp%2Fv2%2Fcomments&post=632780"}],"version-history":[{"count":0,"href":"https:\/\/www.diarioimagen.net\/index.php?rest_route=\/wp\/v2\/posts\/632780\/revisions"}],"wp:featuredmedia":[{"embeddable":true,"href":"https:\/\/www.diarioimagen.net\/index.php?rest_route=\/wp\/v2\/media\/632845"}],"wp:attachment":[{"href":"https:\/\/www.diarioimagen.net\/index.php?rest_route=%2Fwp%2Fv2%2Fmedia&parent=632780"}],"wp:term":[{"taxonomy":"category","embeddable":true,"href":"https:\/\/www.diarioimagen.net\/index.php?rest_route=%2Fwp%2Fv2%2Fcategories&post=632780"},{"taxonomy":"post_tag","embeddable":true,"href":"https:\/\/www.diarioimagen.net\/index.php?rest_route=%2Fwp%2Fv2%2Ftags&post=632780"}],"curies":[{"name":"wp","href":"https:\/\/api.w.org\/{rel}","templated":true}]}}