{"id":632782,"date":"2024-09-10T00:02:00","date_gmt":"2024-09-10T06:02:00","guid":{"rendered":"https:\/\/www.diarioimagen.net\/?p=632782"},"modified":"2024-09-10T01:14:07","modified_gmt":"2024-09-10T07:14:07","slug":"ratifican-a-anuar-azar-figueroa-como-presidente-del-pan-en-estado-de-mexico","status":"publish","type":"post","link":"https:\/\/www.diarioimagen.net\/?p=632782","title":{"rendered":"Ratifican a Anuar Azar Figueroa como presidente del PAN en Estado de M\u00e9xico"},"content":{"rendered":"<p>&nbsp;<\/p>\n<ul>\n<li><em><strong>Leticia Zepeda, secretaria general<\/strong><\/em><\/li>\n<\/ul>\n<p><strong>\u00a0<\/strong><\/p>\n<h6>Arturo Baena<\/h6>\n<p>&nbsp;<\/p>\n<div id=\"attachment_632878\" style=\"width: 470px\" class=\"wp-caption aligncenter\"><a href=\"https:\/\/www.diarioimagen.net\/?attachment_id=632878\" rel=\"attachment wp-att-632878\"><img loading=\"lazy\" decoding=\"async\" aria-describedby=\"caption-attachment-632878\" class=\"size-full wp-image-632878\" src=\"https:\/\/www.diarioimagen.net\/wp-content\/uploads\/2024\/09\/ratifican-a-anuar.jpg\" alt=\"\" width=\"460\" height=\"270\" srcset=\"https:\/\/www.diarioimagen.net\/wp-content\/uploads\/2024\/09\/ratifican-a-anuar.jpg 460w, https:\/\/www.diarioimagen.net\/wp-content\/uploads\/2024\/09\/ratifican-a-anuar-240x141.jpg 240w\" sizes=\"auto, (max-width: 460px) 100vw, 460px\" \/><\/a><p id=\"caption-attachment-632878\" class=\"wp-caption-text\">Anuar Azar Figueroa fue ratificado como presidente del Partido Acci\u00f3n Nacional en el Estado de M\u00e9xico, para el periodo 2024- 2027.<\/p><\/div>\n<p>&nbsp;<\/p>\n<p><strong>Naucalpan, Estado de M\u00e9xico.\u2014<\/strong> Militantes, dirigentes, diputados, s\u00edndicos y regidores del Partido Acci\u00f3n Nacional (PAN), entre otros, respaldaron la ratificaci\u00f3n de Anuar Azar Figueroa, como presidente de ese instituto pol\u00edtico en el Estado de M\u00e9xico, para el periodo 2024-2027.<\/p>\n<p>A su vez, tambi\u00e9n fue aprobada la elecci\u00f3n de la diputada federal Leticia Zepeda como secretaria general y de los nuevos integrantes que conformar\u00e1n el Comit\u00e9 Directivo Estatal por parte del Consejo Estatal, a cargo de la Comisi\u00f3n Estatal de Procesos Electorales.<\/p>\n<p>En su mensaje, el presidente electo Anuar Azar, agradeci\u00f3 el apoyo del senador Enrique Vargas del Villar, as\u00ed como de la militancia panista por darle la oportunidad de poder continuar con este proyecto en el que buscar\u00e1 dar lo mejor para Acci\u00f3n Nacional.<\/p>\n<p>\u201c\u00a1S\u00ed se pudo! Este triunfo me compromete m\u00e1s que nunca, vamos a recuperar con determinaci\u00f3n y fuerza lo que nos pertenece, esta dirigencia se va a caracterizar por escuchar, por atender, por representar los intereses del panismo del Estado, tomando en cuenta todas las voces y todas las ideas\u201d, precis\u00f3.<\/p>\n<p>Posteriormente, se realiz\u00f3 la Toma de Compromiso de la planilla ganadora conformada por sus integrantes: Anuar Azar, presidente estatal; Leticia Zepeda, secretaria general; Vicencio Acevedo Gustavo Arturo, Selene Hern\u00e1ndez Ram\u00edrez, Ignacio Labra Delgadillo, Mar\u00eda de los \u00c1ngeles D\u00e1vila Vargas, H\u00e9ctor Quezada Quezada, Gabriela de Jes\u00fas Velasco Espinosa y Wilfrido Torres Gonz\u00e1lez.<\/p>\n<p>Finalmente, Anuar Azar destac\u00f3 que la nueva dirigencia estatal trabajar\u00e1 sin descanso para que Acci\u00f3n Nacional sea una oposici\u00f3n firme y defienda en todo momento el humanismo pol\u00edtico de manera libre y democr\u00e1tica.<\/p>\n","protected":false},"excerpt":{"rendered":"<p>Militantes, dirigentes, diputados, s\u00edndicos y regidores del Partido Acci\u00f3n Nacional (PAN), entre otros, respaldaron la ratificaci\u00f3n de Anuar Azar Figueroa, como presidente de ese instituto pol\u00edtico en el Estado de M\u00e9xico, para el periodo 2024-2027.<\/p>\n","protected":false},"author":3,"featured_media":632878,"comment_status":"open","ping_status":"open","sticky":false,"template":"","format":"standard","meta":{"_monsterinsights_skip_tracking":false,"_monsterinsights_sitenote_active":false,"_monsterinsights_sitenote_note":"","_monsterinsights_sitenote_category":0,"footnotes":""},"categories":[5],"tags":[93709,91,64035],"class_list":["post-632782","post","type-post","status-publish","format-standard","has-post-thumbnail","hentry","category-estado-de-mexico","tag-anuar-azar-figueroa","tag-pan","tag-ratifican"],"_links":{"self":[{"href":"https:\/\/www.diarioimagen.net\/index.php?rest_route=\/wp\/v2\/posts\/632782","targetHints":{"allow":["GET"]}}],"collection":[{"href":"https:\/\/www.diarioimagen.net\/index.php?rest_route=\/wp\/v2\/posts"}],"about":[{"href":"https:\/\/www.diarioimagen.net\/index.php?rest_route=\/wp\/v2\/types\/post"}],"author":[{"embeddable":true,"href":"https:\/\/www.diarioimagen.net\/index.php?rest_route=\/wp\/v2\/users\/3"}],"replies":[{"embeddable":true,"href":"https:\/\/www.diarioimagen.net\/index.php?rest_route=%2Fwp%2Fv2%2Fcomments&post=632782"}],"version-history":[{"count":0,"href":"https:\/\/www.diarioimagen.net\/index.php?rest_route=\/wp\/v2\/posts\/632782\/revisions"}],"wp:featuredmedia":[{"embeddable":true,"href":"https:\/\/www.diarioimagen.net\/index.php?rest_route=\/wp\/v2\/media\/632878"}],"wp:attachment":[{"href":"https:\/\/www.diarioimagen.net\/index.php?rest_route=%2Fwp%2Fv2%2Fmedia&parent=632782"}],"wp:term":[{"taxonomy":"category","embeddable":true,"href":"https:\/\/www.diarioimagen.net\/index.php?rest_route=%2Fwp%2Fv2%2Fcategories&post=632782"},{"taxonomy":"post_tag","embeddable":true,"href":"https:\/\/www.diarioimagen.net\/index.php?rest_route=%2Fwp%2Fv2%2Ftags&post=632782"}],"curies":[{"name":"wp","href":"https:\/\/api.w.org\/{rel}","templated":true}]}}