{"id":632784,"date":"2024-09-10T00:03:40","date_gmt":"2024-09-10T06:03:40","guid":{"rendered":"https:\/\/www.diarioimagen.net\/?p=632784"},"modified":"2024-09-10T01:14:40","modified_gmt":"2024-09-10T07:14:40","slug":"remodela-el-smsem-la-sala-de-unidad-sindical-manuel-hinojosa","status":"publish","type":"post","link":"https:\/\/www.diarioimagen.net\/?p=632784","title":{"rendered":"Remodela el SMSEM la sala de Unidad Sindical Manuel Hinojosa"},"content":{"rendered":"<p>&nbsp;<\/p>\n<ul>\n<li><em><strong>Se increment\u00f3 la cantidad de butacas<\/strong><\/em><\/li>\n<\/ul>\n<p>&nbsp;<\/p>\n<div id=\"attachment_632880\" style=\"width: 470px\" class=\"wp-caption aligncenter\"><a href=\"https:\/\/www.diarioimagen.net\/?attachment_id=632880\" rel=\"attachment wp-att-632880\"><img loading=\"lazy\" decoding=\"async\" aria-describedby=\"caption-attachment-632880\" class=\"size-full wp-image-632880\" src=\"https:\/\/www.diarioimagen.net\/wp-content\/uploads\/2024\/09\/remodela-smsem.jpg\" alt=\"\" width=\"460\" height=\"270\" srcset=\"https:\/\/www.diarioimagen.net\/wp-content\/uploads\/2024\/09\/remodela-smsem.jpg 460w, https:\/\/www.diarioimagen.net\/wp-content\/uploads\/2024\/09\/remodela-smsem-240x141.jpg 240w\" sizes=\"auto, (max-width: 460px) 100vw, 460px\" \/><\/a><p id=\"caption-attachment-632880\" class=\"wp-caption-text\">El auditorio \u201cD\u00eda de la Unidad Sindical\u201d alberga actividades culturales, acad\u00e9micas y pol\u00edtico-sindicales, con el objetivo de fortalecer los valores identitarios del magisterio estatal.<\/p><\/div>\n<p>&nbsp;<\/p>\n<p><strong>Toluca, Estado de M\u00e9xico.\u2014<\/strong> El Comit\u00e9 Ejecutivo Estatal 2021-2024 del Sindicato de Maestros al Servicio del Estado de M\u00e9xico (SMSEM) concluy\u00f3 la remodelaci\u00f3n del Auditorio de la Unidad Sindical, un espacio que originalmente abri\u00f3 sus puertas durante la dirigencia 2018-2021.<\/p>\n<p>Bajo la direcci\u00f3n de Marco Aurelio Carbajal Leyva se mejor\u00f3 el sistema de aire acondicionado, se increment\u00f3 la cantidad de butacas \u2014ahora equipadas con portavasos y respaldo m\u00e1s alto\u2014 y se realiz\u00f3 una distribuci\u00f3n m\u00e1s eficiente del espacio. Tambi\u00e9n se renov\u00f3 el tel\u00f3n, se actualiz\u00f3 el equipo de sonido y se alfombr\u00f3 el auditorio.<\/p>\n<p>El auditorio, ubicado en la Unidad Acad\u00e9mica de Santa Cruz Atzcapotzaltongo, est\u00e1 destinado a albergar actividades culturales, acad\u00e9micas y pol\u00edtico-sindicales, con el objetivo de fortalecer los valores identitarios del magisterio estatal.<\/p>\n<p>La renovada sala \u201cManuel Hinojosa Giles\u201d ya ha sido escenario de la conmemoraci\u00f3n del \u201cD\u00eda de la Unidad Sindical\u201d , el homenaje p\u00f3stumo al profesor Ignacio Torres Olascoaga, actividades del \u201cVerano de la Unidad Sindical\u201d.<\/p>\n<p>Adem\u00e1s de reuniones con Comit\u00e9s Delegacionales, encuentros con estudiantes de Escuelas Normales, e incluso la entrega de la Condecoraci\u00f3n \u201cMaestro Altamirano\u201d Promoci\u00f3n 2024, en conjunto con la Secretar\u00eda de Educaci\u00f3n, Ciencia, Tecnolog\u00eda e Innovaci\u00f3n.<\/p>\n","protected":false},"excerpt":{"rendered":"<p>El Comit\u00e9 Ejecutivo Estatal 2021-2024 del Sindicato de Maestros al Servicio del Estado de M\u00e9xico (SMSEM) concluy\u00f3 la remodelaci\u00f3n del Auditorio de la Unidad Sindical, un espacio que originalmente abri\u00f3 sus puertas durante la dirigencia 2018-2021.<\/p>\n","protected":false},"author":3,"featured_media":632880,"comment_status":"open","ping_status":"open","sticky":false,"template":"","format":"standard","meta":{"_monsterinsights_skip_tracking":false,"_monsterinsights_sitenote_active":false,"_monsterinsights_sitenote_note":"","_monsterinsights_sitenote_category":0,"footnotes":""},"categories":[5],"tags":[43675,100799,657,452],"class_list":["post-632784","post","type-post","status-publish","format-standard","has-post-thumbnail","hentry","category-estado-de-mexico","tag-estado-de-mexico","tag-remodela","tag-smsem","tag-toluca"],"_links":{"self":[{"href":"https:\/\/www.diarioimagen.net\/index.php?rest_route=\/wp\/v2\/posts\/632784","targetHints":{"allow":["GET"]}}],"collection":[{"href":"https:\/\/www.diarioimagen.net\/index.php?rest_route=\/wp\/v2\/posts"}],"about":[{"href":"https:\/\/www.diarioimagen.net\/index.php?rest_route=\/wp\/v2\/types\/post"}],"author":[{"embeddable":true,"href":"https:\/\/www.diarioimagen.net\/index.php?rest_route=\/wp\/v2\/users\/3"}],"replies":[{"embeddable":true,"href":"https:\/\/www.diarioimagen.net\/index.php?rest_route=%2Fwp%2Fv2%2Fcomments&post=632784"}],"version-history":[{"count":0,"href":"https:\/\/www.diarioimagen.net\/index.php?rest_route=\/wp\/v2\/posts\/632784\/revisions"}],"wp:featuredmedia":[{"embeddable":true,"href":"https:\/\/www.diarioimagen.net\/index.php?rest_route=\/wp\/v2\/media\/632880"}],"wp:attachment":[{"href":"https:\/\/www.diarioimagen.net\/index.php?rest_route=%2Fwp%2Fv2%2Fmedia&parent=632784"}],"wp:term":[{"taxonomy":"category","embeddable":true,"href":"https:\/\/www.diarioimagen.net\/index.php?rest_route=%2Fwp%2Fv2%2Fcategories&post=632784"},{"taxonomy":"post_tag","embeddable":true,"href":"https:\/\/www.diarioimagen.net\/index.php?rest_route=%2Fwp%2Fv2%2Ftags&post=632784"}],"curies":[{"name":"wp","href":"https:\/\/api.w.org\/{rel}","templated":true}]}}