{"id":632786,"date":"2024-09-10T00:04:58","date_gmt":"2024-09-10T06:04:58","guid":{"rendered":"https:\/\/www.diarioimagen.net\/?p=632786"},"modified":"2024-09-10T22:44:09","modified_gmt":"2024-09-11T04:44:09","slug":"avanza-en-naucalpan-proyecto-de-saneamiento-del-rio-hondo","status":"publish","type":"post","link":"https:\/\/www.diarioimagen.net\/?p=632786","title":{"rendered":"Avanza en Naucalpan proyecto\u00a0de\u00a0saneamiento del R\u00edo\u00a0Hondo"},"content":{"rendered":"<p>&nbsp;<\/p>\n<ul>\n<li><em><strong>Cooperaci\u00f3n con Pa\u00edses Bajos<\/strong><\/em><\/li>\n<\/ul>\n<p>&nbsp;<\/p>\n<div id=\"attachment_632882\" style=\"width: 470px\" class=\"wp-caption aligncenter\"><a href=\"https:\/\/www.diarioimagen.net\/?attachment_id=632882\" rel=\"attachment wp-att-632882\"><img loading=\"lazy\" decoding=\"async\" aria-describedby=\"caption-attachment-632882\" class=\"size-full wp-image-632882\" src=\"https:\/\/www.diarioimagen.net\/wp-content\/uploads\/2024\/09\/avanza-en-naucalpan.jpg\" alt=\"\" width=\"460\" height=\"270\" srcset=\"https:\/\/www.diarioimagen.net\/wp-content\/uploads\/2024\/09\/avanza-en-naucalpan.jpg 460w, https:\/\/www.diarioimagen.net\/wp-content\/uploads\/2024\/09\/avanza-en-naucalpan-240x141.jpg 240w\" sizes=\"auto, (max-width: 460px) 100vw, 460px\" \/><\/a><p id=\"caption-attachment-632882\" class=\"wp-caption-text\">En una reuni\u00f3n entre la alcaldesa Ang\u00e9lica Moya Mar\u00edn y representantes de los Pa\u00edses Bajos, liderados por Wilfred Mohr, y el embajador de ese pa\u00eds en M\u00e9xico, Roger Peniche Salas, se expusieron los avances del proyecto de saneamiento del R\u00edo Hondo.<\/p><\/div>\n<p>&nbsp;<\/p>\n<p><strong>Naucalpan, Estado de M\u00e9xico.\u2014<\/strong> El gobierno de esta localidad cuenta ya con un expediente completo del proyecto de saneamiento del R\u00edo Hondo, el cual incluye estudios t\u00e9cnicos, de factibilidad, autorizaciones en t\u00e9rminos ambientales y de desarrollo urbano, que ha sido revisado por diversos organismos financieros e instituciones de Pa\u00edses Bajos, para su autorizaci\u00f3n al cuerpo edilicio y al Congreso del Estado de M\u00e9xico.<\/p>\n<p>Durante una reuni\u00f3n entre autoridades municipales encabezadas por la alcaldesa Ang\u00e9lica Moya Mar\u00edn y representantes de los Pa\u00edses Bajos, liderados por Wilfred Mohr, embajador de ese pa\u00eds en M\u00e9xico, Roger Peniche Salas, consultor de la empresa Mexan, expuso los avances del proyecto y expres\u00f3 que el siguiente paso \u201cpr\u00e1cticamente es presentarlo para que pueda ser sujeto de votaci\u00f3n o de autorizaci\u00f3n en las instancias correspondientes, que dada las caracter\u00edsticas del proyecto, que es un contrato de largo plazo, requiere de una autorizaci\u00f3n de Cabildo y del Congreso\u201d.<\/p>\n<p>Al dar la bienvenida a la comitiva de Pa\u00edses Bajos, la presidenta municipal Ang\u00e9lica Moya Mar\u00edn destac\u00f3 que el tema del agua es de suma importancia en t\u00e9rminos de viabilidad y de ciudades sustentables, \u201cy hoy nos toca la puerta con un sentido de urgencia y los gobiernos tenemos que accionar, nosotros hemos cumplido con nuestra parte acordada desde las primeras reuniones que tuvimos y el siguiente paso es ver reflejado este trabajo f\u00edsicamente\u201d.<\/p>\n<p>Afirm\u00f3: \u201cQueremos que quede constancia de c\u00f3mo se est\u00e1 llevando a cabo ese esfuerzo que ustedes hacen a nivel internacional y nosotros a nivel local, as\u00ed como el de todas las partes involucradas para palparlo en la realidad, \u201ceste gobierno municipal siempre est\u00e1 a favor de que Naucalpan se convierta en un municipio que encaje en los objetivos de la Agenda de Desarrollo Sostenible 2030 y afrontar la crisis h\u00eddrica que se vive en el Valle de M\u00e9xico\u201d.<\/p>\n<p>La ministra Meike van Ginneken, enviada especial para asuntos internacionales del agua de Pa\u00edses Bajos, mostr\u00f3 su entusiasmo por los avances de este proyecto que traer\u00e1 grandes beneficios a las comunidades tras un adecuado tratamiento de aguas residuales, \u201cSingapur es el pa\u00eds campe\u00f3n en esta materia, y eso es lo que queremos para Naucalpan\u201d.<\/p>\n<p>El embajador Wilfred Mohr indic\u00f3 que \u201cNaucalpan fue de los primeros municipios en apuntarse a la Water Action Agenda celebrada en Nueva York, a partir de ah\u00ed empezamos a trabajar en el rescate del R\u00edo Hondo y estamos avanzando satisfactoriamente\u201d.<\/p>\n","protected":false},"excerpt":{"rendered":"<p>El gobierno de esta localidad cuenta ya con un expediente completo del proyecto de saneamiento del R\u00edo Hondo, el cual incluye estudios t\u00e9cnicos, de factibilidad, autorizaciones en t\u00e9rminos ambientales y de desarrollo urbano, que ha sido revisado por diversos organismos financieros e instituciones de Pa\u00edses Bajos, para su autorizaci\u00f3n al cuerpo edilicio y al Congreso del Estado de M\u00e9xico.<\/p>\n","protected":false},"author":3,"featured_media":632882,"comment_status":"open","ping_status":"open","sticky":false,"template":"","format":"standard","meta":{"_monsterinsights_skip_tracking":false,"_monsterinsights_sitenote_active":false,"_monsterinsights_sitenote_note":"","_monsterinsights_sitenote_category":0,"footnotes":""},"categories":[5],"tags":[43675,970,93929],"class_list":["post-632786","post","type-post","status-publish","format-standard","has-post-thumbnail","hentry","category-estado-de-mexico","tag-estado-de-mexico","tag-naucalpan","tag-rio-hondo"],"_links":{"self":[{"href":"https:\/\/www.diarioimagen.net\/index.php?rest_route=\/wp\/v2\/posts\/632786","targetHints":{"allow":["GET"]}}],"collection":[{"href":"https:\/\/www.diarioimagen.net\/index.php?rest_route=\/wp\/v2\/posts"}],"about":[{"href":"https:\/\/www.diarioimagen.net\/index.php?rest_route=\/wp\/v2\/types\/post"}],"author":[{"embeddable":true,"href":"https:\/\/www.diarioimagen.net\/index.php?rest_route=\/wp\/v2\/users\/3"}],"replies":[{"embeddable":true,"href":"https:\/\/www.diarioimagen.net\/index.php?rest_route=%2Fwp%2Fv2%2Fcomments&post=632786"}],"version-history":[{"count":0,"href":"https:\/\/www.diarioimagen.net\/index.php?rest_route=\/wp\/v2\/posts\/632786\/revisions"}],"wp:featuredmedia":[{"embeddable":true,"href":"https:\/\/www.diarioimagen.net\/index.php?rest_route=\/wp\/v2\/media\/632882"}],"wp:attachment":[{"href":"https:\/\/www.diarioimagen.net\/index.php?rest_route=%2Fwp%2Fv2%2Fmedia&parent=632786"}],"wp:term":[{"taxonomy":"category","embeddable":true,"href":"https:\/\/www.diarioimagen.net\/index.php?rest_route=%2Fwp%2Fv2%2Fcategories&post=632786"},{"taxonomy":"post_tag","embeddable":true,"href":"https:\/\/www.diarioimagen.net\/index.php?rest_route=%2Fwp%2Fv2%2Ftags&post=632786"}],"curies":[{"name":"wp","href":"https:\/\/api.w.org\/{rel}","templated":true}]}}