{"id":632944,"date":"2024-09-11T00:02:03","date_gmt":"2024-09-11T06:02:03","guid":{"rendered":"https:\/\/www.diarioimagen.net\/?p=632944"},"modified":"2024-09-11T00:48:08","modified_gmt":"2024-09-11T06:48:08","slug":"en-funciones-sismografo-instalado-en-la-fes-acatlan-en-naucalpan","status":"publish","type":"post","link":"https:\/\/www.diarioimagen.net\/?p=632944","title":{"rendered":"En funciones, sism\u00f3grafo instalado en la FES Acatl\u00e1n, en Naucalpan"},"content":{"rendered":"<p>&nbsp;<\/p>\n<ul>\n<li><em><strong>Analizan estruendos en Praderas de San Mateo<\/strong><\/em><\/li>\n<\/ul>\n<p>&nbsp;<\/p>\n<div id=\"attachment_633046\" style=\"width: 470px\" class=\"wp-caption aligncenter\"><a href=\"https:\/\/www.diarioimagen.net\/?attachment_id=633046\" rel=\"attachment wp-att-633046\"><img loading=\"lazy\" decoding=\"async\" aria-describedby=\"caption-attachment-633046\" class=\"size-full wp-image-633046\" src=\"https:\/\/www.diarioimagen.net\/wp-content\/uploads\/2024\/09\/enfunciones-sismografo.jpg\" alt=\"\" width=\"460\" height=\"270\" srcset=\"https:\/\/www.diarioimagen.net\/wp-content\/uploads\/2024\/09\/enfunciones-sismografo.jpg 460w, https:\/\/www.diarioimagen.net\/wp-content\/uploads\/2024\/09\/enfunciones-sismografo-240x141.jpg 240w\" sizes=\"auto, (max-width: 460px) 100vw, 460px\" \/><\/a><p id=\"caption-attachment-633046\" class=\"wp-caption-text\">El Servicio Sismol\u00f3gico Nacional instal\u00f3 en la Facultad de Estudios Superiores de Acatl\u00e1n un sism\u00f3grafo para determinar el origen de los estruendos en Praderas de San Mateo.<\/p><\/div>\n<p>&nbsp;<\/p>\n<p><strong>Naucalpan, Estado de M\u00e9xico.\u2014 <\/strong>El sism\u00f3grafo port\u00e1til instalado por el Servicio Sismol\u00f3gico Nacional en la FES Acatl\u00e1n, como parte de las acciones impulsadas por el gobierno de esta localidad, para determinar el origen de los estruendos en Praderas de San Mateo, est\u00e1 en funcionamiento y detect\u00f3 los microsismos registrados en este municipio los pasados 28 de agosto y 3 de septiembre.<\/p>\n<p>Mois\u00e9s Minquini Matilde, coordinador de Protecci\u00f3n Civil y Bomberos de Naucalpan, inform\u00f3 que por instrucciones de la alcaldesa Ang\u00e9lica Moya Mar\u00edn, se trabaja con autoridades del Estado de M\u00e9xico y especialistas de la Facultad de Estudios Superiores (FES) y el Servicio Sismol\u00f3gico Nacional (SSN), ambos de la UNAM, para determinar con precisi\u00f3n las causas de los estruendos, con el objetivo de salvaguardar a los habitantes de dicha comunidad y sus bienes.<\/p>\n<p>Asegur\u00f3 que especialistas de la FES Acatl\u00e1n elaborar\u00e1n un mapa geol\u00f3gico de la zona de Praderas de San Mateo, lo que es complicado y requiere investigaci\u00f3n y estudios, por lo que ya est\u00e1 en funcionamiento el sism\u00f3grafo port\u00e1til del Servicio Sismol\u00f3gico Nacional (SSN) instalado en la FES Acatl\u00e1n.<\/p>\n<p>Minquini Matilde dijo que Protecci\u00f3n Civil municipal utiliza un georradar para detectar cavidades en la comunidad, lo que hasta el momento es negativo, adem\u00e1s de capacitar a colonos para saber qu\u00e9 hacer en casos de emergencia y pr\u00f3ximamente quedar\u00e1n integradas brigadas comunitarias al respecto.<\/p>\n<p>Ricardo Garc\u00eda Valdivia, coordinador del Programa de Ingeniera Civil de la FES Acatl\u00e1n, afirm\u00f3 que el sism\u00f3grafo port\u00e1til detecta la onda de movimientos, con lo que los especialistas pueden definir magnitud, profundidad y otros datos acerca del sismo.<\/p>\n<p>\u201cEs para obtener datos representativos y est\u00e1 registrado en la red de mediciones de geof\u00edsica de la UNAM, entonces transmite en tiempo real lo que se vaya midiendo\u201d, expres\u00f3.<\/p>\n<p>Garc\u00eda Valdivia record\u00f3 que est\u00e1 en proceso la elaboraci\u00f3n de un plan de trabajo conjunto con el Instituto de Geof\u00edsica de la UNAM, del que depende el SSN, lo que est\u00e1 supeditado a varios factores, como la disponibilidad de tiempo, los espacios y sobre todo los equipos de medici\u00f3n que se tengan.<\/p>\n<p>Mencion\u00f3 que el asunto puede atenderse desde dos puntos de vista: de la geolog\u00eda, para analizar qu\u00e9 es lo que ocurre en el entorno y produce los movimientos del subsuelo, y el estructural, para atender las necesidades de la poblaci\u00f3n cuyas viviendas sufrieron alg\u00fan da\u00f1o.<\/p>\n","protected":false},"excerpt":{"rendered":"<p>El sism\u00f3grafo port\u00e1til instalado por el Servicio Sismol\u00f3gico Nacional en la FES Acatl\u00e1n, como parte de las acciones impulsadas por el gobierno de esta localidad, para determinar el origen de los estruendos en Praderas de San Mateo, est\u00e1 en funcionamiento y detect\u00f3 los microsismos registrados en este municipio los pasados 28 de agosto y 3 de septiembre.<\/p>\n","protected":false},"author":3,"featured_media":633046,"comment_status":"open","ping_status":"open","sticky":false,"template":"","format":"standard","meta":{"_monsterinsights_skip_tracking":false,"_monsterinsights_sitenote_active":false,"_monsterinsights_sitenote_note":"","_monsterinsights_sitenote_category":0,"footnotes":""},"categories":[5],"tags":[67517,99465],"class_list":["post-632944","post","type-post","status-publish","format-standard","has-post-thumbnail","hentry","category-estado-de-mexico","tag-fes-acatlan","tag-praderas-de-san-mateo"],"_links":{"self":[{"href":"https:\/\/www.diarioimagen.net\/index.php?rest_route=\/wp\/v2\/posts\/632944","targetHints":{"allow":["GET"]}}],"collection":[{"href":"https:\/\/www.diarioimagen.net\/index.php?rest_route=\/wp\/v2\/posts"}],"about":[{"href":"https:\/\/www.diarioimagen.net\/index.php?rest_route=\/wp\/v2\/types\/post"}],"author":[{"embeddable":true,"href":"https:\/\/www.diarioimagen.net\/index.php?rest_route=\/wp\/v2\/users\/3"}],"replies":[{"embeddable":true,"href":"https:\/\/www.diarioimagen.net\/index.php?rest_route=%2Fwp%2Fv2%2Fcomments&post=632944"}],"version-history":[{"count":0,"href":"https:\/\/www.diarioimagen.net\/index.php?rest_route=\/wp\/v2\/posts\/632944\/revisions"}],"wp:featuredmedia":[{"embeddable":true,"href":"https:\/\/www.diarioimagen.net\/index.php?rest_route=\/wp\/v2\/media\/633046"}],"wp:attachment":[{"href":"https:\/\/www.diarioimagen.net\/index.php?rest_route=%2Fwp%2Fv2%2Fmedia&parent=632944"}],"wp:term":[{"taxonomy":"category","embeddable":true,"href":"https:\/\/www.diarioimagen.net\/index.php?rest_route=%2Fwp%2Fv2%2Fcategories&post=632944"},{"taxonomy":"post_tag","embeddable":true,"href":"https:\/\/www.diarioimagen.net\/index.php?rest_route=%2Fwp%2Fv2%2Ftags&post=632944"}],"curies":[{"name":"wp","href":"https:\/\/api.w.org\/{rel}","templated":true}]}}