{"id":632946,"date":"2024-09-11T00:01:11","date_gmt":"2024-09-11T06:01:11","guid":{"rendered":"https:\/\/www.diarioimagen.net\/?p=632946"},"modified":"2024-09-11T00:47:32","modified_gmt":"2024-09-11T06:47:32","slug":"amagan-los-transportistas-con-volver-a-bloquear-casetas-de-cobro","status":"publish","type":"post","link":"https:\/\/www.diarioimagen.net\/?p=632946","title":{"rendered":"Amagan los transportistas con volver a bloquear casetas de cobro"},"content":{"rendered":"<p>&nbsp;<\/p>\n<ul>\n<li><em><strong>Si no se respetan acuerdos<\/strong><\/em><\/li>\n<\/ul>\n<p>&nbsp;<\/p>\n<div id=\"attachment_633044\" style=\"width: 470px\" class=\"wp-caption aligncenter\"><a href=\"https:\/\/www.diarioimagen.net\/?attachment_id=633044\" rel=\"attachment wp-att-633044\"><img loading=\"lazy\" decoding=\"async\" aria-describedby=\"caption-attachment-633044\" class=\"size-full wp-image-633044\" src=\"https:\/\/www.diarioimagen.net\/wp-content\/uploads\/2024\/09\/amagan-transportistas.jpg\" alt=\"\" width=\"460\" height=\"270\" srcset=\"https:\/\/www.diarioimagen.net\/wp-content\/uploads\/2024\/09\/amagan-transportistas.jpg 460w, https:\/\/www.diarioimagen.net\/wp-content\/uploads\/2024\/09\/amagan-transportistas-240x141.jpg 240w\" sizes=\"auto, (max-width: 460px) 100vw, 460px\" \/><\/a><p id=\"caption-attachment-633044\" class=\"wp-caption-text\">Transportistas de Unidades de Transporte de Personal, Organizaciones de Taxistas de Jilotepec e\u00a0 integrantes de la Alianza de Transportistas, Comerciantes y Anexas de M\u00e9xico amenazaron con volver a bloquear casetas de cobro si no se respetan acuerdos.<\/p><\/div>\n<p>&nbsp;<\/p>\n<p><strong>Valle de M\u00e9xico.\u2014<\/strong> De no cumplir acuerdos, la Uni\u00f3n de Transportistas de Unidades de Transporte de Personal, Organizaciones de Taxistas de Jilotepec, operadores de gr\u00faas y conductores de transporte de carga e\u00a0 integrantes de la Alianza de Transportistas, Comerciantes y Anexas de M\u00e9xico (ACME) amenazaron con volver a bloquear casetas de cobro.<\/p>\n<p>En las exigencias argumentan que autoridades siguen sin escucharlos y sin poner medidas a la inseguridad que est\u00e1n viviendo. Previamente, a trav\u00e9s de un comunicado difundido en redes sociales, se contemplan bloqueos en el Arco Norte y Atlacomulco \u2013 Toluca; para exigir al titular de Movilidad del Estado de M\u00e9xico, Daniel Andr\u00e9s Sibaja Gonz\u00e1lez, que los escuche, para ver de qu\u00e9 manera puede ayudarlos para eliminar las acciones de extorsi\u00f3n y amenazas de las que son v\u00edctimas, aseguran. \u201cNo nos brindan garant\u00edas en el transporte, tenemos un secretario gris\u201d afirman.<\/p>\n","protected":false},"excerpt":{"rendered":"<p>De no cumplir acuerdos, la Uni\u00f3n de Transportistas de Unidades de Transporte de Personal, Organizaciones de Taxistas de Jilotepec, operadores de gr\u00faas y conductores de transporte de carga e\u00a0 integrantes de la Alianza de Transportistas, Comerciantes y Anexas de M\u00e9xico (ACME) amenazaron con volver a bloquear casetas de cobro.<\/p>\n","protected":false},"author":3,"featured_media":633044,"comment_status":"open","ping_status":"open","sticky":false,"template":"","format":"standard","meta":{"_monsterinsights_skip_tracking":false,"_monsterinsights_sitenote_active":false,"_monsterinsights_sitenote_note":"","_monsterinsights_sitenote_category":0,"footnotes":""},"categories":[5],"tags":[19218,100816],"class_list":["post-632946","post","type-post","status-publish","format-standard","has-post-thumbnail","hentry","category-estado-de-mexico","tag-bloqueo","tag-casetas-de-cobro"],"_links":{"self":[{"href":"https:\/\/www.diarioimagen.net\/index.php?rest_route=\/wp\/v2\/posts\/632946","targetHints":{"allow":["GET"]}}],"collection":[{"href":"https:\/\/www.diarioimagen.net\/index.php?rest_route=\/wp\/v2\/posts"}],"about":[{"href":"https:\/\/www.diarioimagen.net\/index.php?rest_route=\/wp\/v2\/types\/post"}],"author":[{"embeddable":true,"href":"https:\/\/www.diarioimagen.net\/index.php?rest_route=\/wp\/v2\/users\/3"}],"replies":[{"embeddable":true,"href":"https:\/\/www.diarioimagen.net\/index.php?rest_route=%2Fwp%2Fv2%2Fcomments&post=632946"}],"version-history":[{"count":0,"href":"https:\/\/www.diarioimagen.net\/index.php?rest_route=\/wp\/v2\/posts\/632946\/revisions"}],"wp:featuredmedia":[{"embeddable":true,"href":"https:\/\/www.diarioimagen.net\/index.php?rest_route=\/wp\/v2\/media\/633044"}],"wp:attachment":[{"href":"https:\/\/www.diarioimagen.net\/index.php?rest_route=%2Fwp%2Fv2%2Fmedia&parent=632946"}],"wp:term":[{"taxonomy":"category","embeddable":true,"href":"https:\/\/www.diarioimagen.net\/index.php?rest_route=%2Fwp%2Fv2%2Fcategories&post=632946"},{"taxonomy":"post_tag","embeddable":true,"href":"https:\/\/www.diarioimagen.net\/index.php?rest_route=%2Fwp%2Fv2%2Ftags&post=632946"}],"curies":[{"name":"wp","href":"https:\/\/api.w.org\/{rel}","templated":true}]}}