{"id":632958,"date":"2024-09-11T00:01:46","date_gmt":"2024-09-11T06:01:46","guid":{"rendered":"https:\/\/www.diarioimagen.net\/?p=632958"},"modified":"2024-09-11T00:49:54","modified_gmt":"2024-09-11T06:49:54","slug":"abusos-del-poder-judicial-no-acabaran-de-la-noche-a-la-manana-acepta-amlo","status":"publish","type":"post","link":"https:\/\/www.diarioimagen.net\/?p=632958","title":{"rendered":"Abusos del Poder Judicial no acabar\u00e1n de la noche a la ma\u00f1ana, acepta AMLO"},"content":{"rendered":"<p>&nbsp;<\/p>\n<h2 style=\"text-align: center;\">Pese a una reforma judicial<\/h2>\n<p>&nbsp;<\/p>\n<ul>\n<li><strong><em>\u201cJueces van a tener un comportamiento distinto porque ya no se sentir\u00e1n influyentes\u201d<\/em><\/strong><\/li>\n<\/ul>\n<p>&nbsp;<\/p>\n<div id=\"attachment_633051\" style=\"width: 470px\" class=\"wp-caption aligncenter\"><a href=\"https:\/\/www.diarioimagen.net\/?attachment_id=633051\" rel=\"attachment wp-att-633051\"><img loading=\"lazy\" decoding=\"async\" aria-describedby=\"caption-attachment-633051\" class=\"size-full wp-image-633051\" src=\"https:\/\/www.diarioimagen.net\/wp-content\/uploads\/2024\/09\/abusos-poder-judicial.jpg\" alt=\"\" width=\"460\" height=\"270\" srcset=\"https:\/\/www.diarioimagen.net\/wp-content\/uploads\/2024\/09\/abusos-poder-judicial.jpg 460w, https:\/\/www.diarioimagen.net\/wp-content\/uploads\/2024\/09\/abusos-poder-judicial-240x141.jpg 240w\" sizes=\"auto, (max-width: 460px) 100vw, 460px\" \/><\/a><p id=\"caption-attachment-633051\" class=\"wp-caption-text\">El presidente Andr\u00e9s Manuel L\u00f3pez Obrador afirm\u00f3 que con la reforma al Poder Judicial de la Federaci\u00f3n, los abusos no se van a terminar \u201cde la noche a la ma\u00f1ana\u201d.<\/p><\/div>\n<p>&nbsp;<\/p>\n<p>&nbsp;<\/p>\n<p>Los problemas o abusos de autoridad en el Poder Judicial de la Federaci\u00f3n no se van a terminar \u201cde la noche a la ma\u00f1ana\u201d con la reforma, pero ya el juez va a tener un comportamiento distinto, porque no se va a sentir influyente o producto del influyentismo ni del nepotismo\u201d, afirm\u00f3 el presidente Andr\u00e9s Manuel L\u00f3pez Obrador.<\/p>\n<p>El mandatario rechaz\u00f3 las cr\u00edticas de que la medida podr\u00eda no garantizar la eliminaci\u00f3n de la corrupci\u00f3n o que podr\u00eda abrir la puerta a un r\u00e9gimen autoritario. Adem\u00e1s, las calific\u00f3 de deshonestidad intelectual y de carecer de \u201crigor te\u00f3rico acad\u00e9mico\u201d.<\/p>\n<p>El titular del Ejecutuvo federal insisti\u00f3 en su conferencia ma\u00f1anera de este martes 10 de septiembre en que la reforma es necesaria para limpiar el gobierno de privilegios y corrupci\u00f3n, \u201ccomo se barren las escaleras, de arriba hacia abajo\u201d.<\/p>\n<p>\u201cLo que m\u00e1s les preocupa a los que est\u00e1n en contra de esta reforma es que van a perder sus privilegios, porque el Poder Judicial est\u00e1 al servicio de potentados, al servicio de la delincuencia de cuello blanco. Hay ministros que dependen de los hombres con m\u00e1s poder econ\u00f3mico en el pa\u00eds, est\u00e1n al servicio de las grandes corporaciones econ\u00f3micas, financieras, nacionales y del extranjero\u201d, dijo.<\/p>\n<p>L\u00f3pez Obrador record\u00f3 que la esencia de la reforma es que los miembros del Poder Judicial sean elegidos por los ciudadanos, para que se sientan \u201clibres de impartir justicia\u201d.<\/p>\n<p>Por otro lado, reiter\u00f3 que la reforma contempla la creaci\u00f3n de un tribunal independiente encargado de sancionar a jueces, magistrados y ministros en caso de corrupci\u00f3n. Critic\u00f3 que, hasta ahora, no ha habido consecuencias para jueces corruptos, y subray\u00f3 que el nuevo tribunal tendr\u00eda la facultad de actuar contra estos actos, algo que, seg\u00fan \u00e9l, no sucede actualmente bajo el Consejo de la Judicatura Federal.<\/p>\n<p style=\"text-align: center;\"><strong>Hasta 26 familiares en una misma instituci\u00f3n<\/strong><\/p>\n<p>El gobierno federal inform\u00f3 que dentro del Poder Judicial existe un \u201centramado de nepotismo\u201d, pues pr\u00e1cticamente la mitad de los trabajadores de esa instancia tienen al menos un familiar trabajando dentro de la misma.<\/p>\n<p>Con base en datos del propio Consejo de la Judicatura Federal (CJF), la persona que acumula m\u00e1s familiares en Poder Judicial tiene 26 parientes trabajando en la misma instituci\u00f3n, incluyendo un magistrado, 13 secretarios, dos actuarios y diez oficiales.<\/p>\n<p>La informaci\u00f3n presentada en la conferencia del presidente Andr\u00e9s Manuel L\u00f3pez Obrador, muestra que 49 por ciento de los trabajadores de este poder tiene al menos un familiar trabajando dentro de esta instancia.<\/p>\n<p>De acuerdo con un estudio de diciembre de 2022, se revel\u00f3 que \u201cexiste un entramado de familiares\u201d que participan en el Poder Judicial, que abarca a 24 mil 546 personas con un pariente en el seno de este poder.<\/p>\n<p>En la ma\u00f1anera, la titular de la Secretar\u00eda de Gobernaci\u00f3n, Luisa Alcalde, present\u00f3 estos datos que tambi\u00e9n muestran que 85.4 por ciento de los magistrados y 67 por ciento de los jueces tienen familiares dentro del Poder Judicial.<\/p>\n<p>Con base en la informaci\u00f3n, los magistrados tienen en promedio 4.7 parientes trabajando en este poder.<\/p>\n<p>Asimismo, 23.7 por ciento del personal del Poder Judicial tiene m\u00e1s de cuatro familiares trabajando en la instituci\u00f3n.<\/p>\n<p>Estos datos, fueron dados a conocer por la administraci\u00f3n de L\u00f3pez Obrador a unas horas que iniciara la discusi\u00f3n en el Senado para la aprobaci\u00f3n de la reforma al Poder Judicial.<\/p>\n","protected":false},"excerpt":{"rendered":"<p>Los problemas o abusos de autoridad en el Poder Judicial de la Federaci\u00f3n no se van a terminar \u201cde la noche a la ma\u00f1ana\u201d con la reforma, pero ya el juez va a tener un comportamiento distinto, porque no se va a sentir influyente o producto del influyentismo ni del nepotismo\u201d, afirm\u00f3 el presidente Andr\u00e9s Manuel L\u00f3pez Obrador.<\/p>\n","protected":false},"author":3,"featured_media":633051,"comment_status":"open","ping_status":"open","sticky":false,"template":"","format":"standard","meta":{"_monsterinsights_skip_tracking":false,"_monsterinsights_sitenote_active":false,"_monsterinsights_sitenote_note":"","_monsterinsights_sitenote_category":0,"footnotes":""},"categories":[3],"tags":[83069,2545,100244],"class_list":["post-632958","post","type-post","status-publish","format-standard","has-post-thumbnail","hentry","category-nacional","tag-abusos","tag-amlo","tag-reforma-judicial"],"_links":{"self":[{"href":"https:\/\/www.diarioimagen.net\/index.php?rest_route=\/wp\/v2\/posts\/632958","targetHints":{"allow":["GET"]}}],"collection":[{"href":"https:\/\/www.diarioimagen.net\/index.php?rest_route=\/wp\/v2\/posts"}],"about":[{"href":"https:\/\/www.diarioimagen.net\/index.php?rest_route=\/wp\/v2\/types\/post"}],"author":[{"embeddable":true,"href":"https:\/\/www.diarioimagen.net\/index.php?rest_route=\/wp\/v2\/users\/3"}],"replies":[{"embeddable":true,"href":"https:\/\/www.diarioimagen.net\/index.php?rest_route=%2Fwp%2Fv2%2Fcomments&post=632958"}],"version-history":[{"count":0,"href":"https:\/\/www.diarioimagen.net\/index.php?rest_route=\/wp\/v2\/posts\/632958\/revisions"}],"wp:featuredmedia":[{"embeddable":true,"href":"https:\/\/www.diarioimagen.net\/index.php?rest_route=\/wp\/v2\/media\/633051"}],"wp:attachment":[{"href":"https:\/\/www.diarioimagen.net\/index.php?rest_route=%2Fwp%2Fv2%2Fmedia&parent=632958"}],"wp:term":[{"taxonomy":"category","embeddable":true,"href":"https:\/\/www.diarioimagen.net\/index.php?rest_route=%2Fwp%2Fv2%2Fcategories&post=632958"},{"taxonomy":"post_tag","embeddable":true,"href":"https:\/\/www.diarioimagen.net\/index.php?rest_route=%2Fwp%2Fv2%2Ftags&post=632958"}],"curies":[{"name":"wp","href":"https:\/\/api.w.org\/{rel}","templated":true}]}}