{"id":632962,"date":"2024-09-11T00:03:44","date_gmt":"2024-09-11T06:03:44","guid":{"rendered":"https:\/\/www.diarioimagen.net\/?p=632962"},"modified":"2024-09-11T00:58:09","modified_gmt":"2024-09-11T06:58:09","slug":"una-familia-de-diez-regresa-con-su-divertida-temporada-11","status":"publish","type":"post","link":"https:\/\/www.diarioimagen.net\/?p=632962","title":{"rendered":"\u201cUna Familia de Diez\u201d regresa con su divertida temporada 11"},"content":{"rendered":"<p>&nbsp;<\/p>\n<h2 style=\"text-align: center;\">A trav\u00e9s de las estrellas<\/h2>\n<p><strong>\u00a0<\/strong><\/p>\n<ul>\n<li><strong><em>Se transmitir\u00e1 los domingos a partir del 15 de septiembre a las 19:00 horas<\/em><\/strong><\/li>\n<\/ul>\n<p><strong>\u00a0<\/strong><\/p>\n<h6>Mitzi Fern\u00e1ndez<\/h6>\n<p>&nbsp;<\/p>\n<div id=\"attachment_633063\" style=\"width: 470px\" class=\"wp-caption aligncenter\"><a href=\"https:\/\/www.diarioimagen.net\/?attachment_id=633063\" rel=\"attachment wp-att-633063\"><img loading=\"lazy\" decoding=\"async\" aria-describedby=\"caption-attachment-633063\" class=\"size-full wp-image-633063\" src=\"https:\/\/www.diarioimagen.net\/wp-content\/uploads\/2024\/09\/una-familia-de-10.jpg\" alt=\"\" width=\"460\" height=\"270\" srcset=\"https:\/\/www.diarioimagen.net\/wp-content\/uploads\/2024\/09\/una-familia-de-10.jpg 460w, https:\/\/www.diarioimagen.net\/wp-content\/uploads\/2024\/09\/una-familia-de-10-240x141.jpg 240w\" sizes=\"auto, (max-width: 460px) 100vw, 460px\" \/><\/a><p id=\"caption-attachment-633063\" class=\"wp-caption-text\">El elenco que formar\u00e1 parte de esta temporada se conforma por Mariana Botas, Andrea Torre, Eduardo Manzano, Zully Keith, Jorge Ortiz de Pinedo y m\u00e1s. (Foto: Mitzi Fern\u00e1ndez).<\/p><\/div>\n<p>&nbsp;<\/p>\n<p>Fue hace 17 a\u00f1os que comenzaba la historia de la exitosa serie \u201cUna Familia de Diez\u201d, ahora este 15 de septiembre llega al <em>canal de las estrellas<\/em> con su divertida temporada n\u00famero 11, convirti\u00e9ndose en una de las franquicias m\u00e1s grandes de la comedia.<\/p>\n<p>El elenco que formar\u00e1 parte de esta temporada est\u00e1 conformado por El Chevo, Luz Edith Rojas, Oswaldo Zarate, Wendy Braga, Mois\u00e9s Iv\u00e1n Mora, Mar\u00eda Fernanda Garc\u00eda, Mariana Botas, Andrea Torre, Eduardo Manzano, Zully Keith y Jorge Ortiz de Pinedo.<\/p>\n<p>En conferencia de prensa pudimos apreciar el avance de la historia, donde cada personaje de la familia est\u00e1 encontrando su camino fuera del departamento que los acogi\u00f3, lo que desatar\u00e1 las pr\u00f3ximas aventuras.<\/p>\n<p>El comediante Jorge Ortiz de Pinedo al ver el avance y darse cuenta que salieron dos de sus peque\u00f1os nietos coment\u00f3 \u201cEsos dos son mis nietos, me emocion\u00e9, nos hemos convertido en una familia de verdad, estoy muy orgullosos y agradecido, dispuesto a seguir entreteniendo al p\u00fablico. Y agradecido que Televisa nos permita seguir grabando en Acapulco, pues ah\u00ed radico y mucha gente quiere a este lugar\u201d.<\/p>\n<p>Zully Keith comparti\u00f3 su experiencia sobre grabar en este lugar y dijo \u201chemos sido muy bien recibidos en Acapulco, es maravilloso como vivimos, en cuanto a trabajo es un poco dif\u00edcil por el clima, pero lidiamos con eso, con la ayuda de nuestro equipo\u201d.<\/p>\n<p>Cuando le preguntaron al actor si imaginaba llegar tan lejos respondi\u00f3, \u201cPienso que todos los productores queremos que los programas ser\u00e1n un trancazo, pero se necesita un buen argumento y un equipo profesional, claro que me imaginaba llegar lejos, pero no tanto, estoy feliz\u201d.<\/p>\n<p>Fue en ese momento en el que los dem\u00e1s integrantes del elenco y Mariana Botas comenzaron a hacer un recuento de los a\u00f1os que han compartido, \u201ctengo 34 a\u00f1os as\u00ed que llevo la mitad de mi vida haciendo \u2018Una familia de Diez\u2019, es algo muy bonito con un proyecto que me ha dado tanto profesionalmente\u201d.<\/p>\n<p>Llenos de bellas y curiosas an\u00e9cdotas contaron que en esta nueva temporada se unen nuevos personajes, as\u00ed como ya mencionamos la aparici\u00f3n de los nietos de Jorge Ortiz e hijos de Andrea Torre quien muy emocionada explic\u00f3 como sucedi\u00f3 \u201cest\u00e1bamos grabando y necesitaban ni\u00f1os peque\u00f1os y les dije a mis hijos, que encantados aceptaron, los dirigi\u00f3 su abuelo, y la verdad no sab\u00eda que sal\u00edan en el adelanto, fue muy bonito, es su debut en televisi\u00f3n\u201d.<\/p>\n<p>Algo que se aclar\u00f3 es que por el momento no tienen pensado ponerle fin a esta serie y con unas emotivas palabras Zully Keith defendi\u00f3 el gran talento que tiene Jorge Ortiz de Pinedo para la comedia y dirigir, pues tiene much\u00edsima energ\u00eda y ganas de trabajar, cuentan incluso que llega a amansar a los ni\u00f1os de tanta energ\u00eda que tiene para dar.<\/p>\n<p>No olvides sintonizar el canal de las estrellas los domingos a las 19:00 horas a partir del 15 de septiembre para no perderte esta nueva temporada.<\/p>\n<p>&nbsp;<\/p>\n<blockquote><p><strong>No olvides sintonizar el canal de las estrellas los domingos a las 19:00 horas a partir del 15 de septiembre, para no perderte esta nueva temporada de \u201cUna Familia de Diez\u201d<\/strong><\/p><\/blockquote>\n","protected":false},"excerpt":{"rendered":"<p>Fue hace 17 a\u00f1os que comenzaba la historia de la exitosa serie \u201cUna Familia de Diez\u201d, ahora este 15 de septiembre llega al canal de las estrellas con su divertida temporada n\u00famero 11, convirti\u00e9ndose en una de las franquicias m\u00e1s grandes de la comedia.<\/p>\n","protected":false},"author":3,"featured_media":633063,"comment_status":"open","ping_status":"open","sticky":false,"template":"","format":"standard","meta":{"_monsterinsights_skip_tracking":false,"_monsterinsights_sitenote_active":false,"_monsterinsights_sitenote_note":"","_monsterinsights_sitenote_category":0,"footnotes":""},"categories":[12],"tags":[100817,37380,81793],"class_list":["post-632962","post","type-post","status-publish","format-standard","has-post-thumbnail","hentry","category-espectaculos","tag-divertida","tag-temporada","tag-una-familia-de-diez"],"_links":{"self":[{"href":"https:\/\/www.diarioimagen.net\/index.php?rest_route=\/wp\/v2\/posts\/632962","targetHints":{"allow":["GET"]}}],"collection":[{"href":"https:\/\/www.diarioimagen.net\/index.php?rest_route=\/wp\/v2\/posts"}],"about":[{"href":"https:\/\/www.diarioimagen.net\/index.php?rest_route=\/wp\/v2\/types\/post"}],"author":[{"embeddable":true,"href":"https:\/\/www.diarioimagen.net\/index.php?rest_route=\/wp\/v2\/users\/3"}],"replies":[{"embeddable":true,"href":"https:\/\/www.diarioimagen.net\/index.php?rest_route=%2Fwp%2Fv2%2Fcomments&post=632962"}],"version-history":[{"count":0,"href":"https:\/\/www.diarioimagen.net\/index.php?rest_route=\/wp\/v2\/posts\/632962\/revisions"}],"wp:featuredmedia":[{"embeddable":true,"href":"https:\/\/www.diarioimagen.net\/index.php?rest_route=\/wp\/v2\/media\/633063"}],"wp:attachment":[{"href":"https:\/\/www.diarioimagen.net\/index.php?rest_route=%2Fwp%2Fv2%2Fmedia&parent=632962"}],"wp:term":[{"taxonomy":"category","embeddable":true,"href":"https:\/\/www.diarioimagen.net\/index.php?rest_route=%2Fwp%2Fv2%2Fcategories&post=632962"},{"taxonomy":"post_tag","embeddable":true,"href":"https:\/\/www.diarioimagen.net\/index.php?rest_route=%2Fwp%2Fv2%2Ftags&post=632962"}],"curies":[{"name":"wp","href":"https:\/\/api.w.org\/{rel}","templated":true}]}}