{"id":633092,"date":"2024-09-12T00:07:40","date_gmt":"2024-09-12T06:07:40","guid":{"rendered":"https:\/\/www.diarioimagen.net\/?p=633092"},"modified":"2024-09-13T00:08:38","modified_gmt":"2024-09-13T06:08:38","slug":"uaemex-reconoce-la-excelencia-academica-de-su-comunidad-docente-2","status":"publish","type":"post","link":"https:\/\/www.diarioimagen.net\/?p=633092","title":{"rendered":"UAEM\u00e9x reconoce la excelencia acad\u00e9mica de su comunidad docente"},"content":{"rendered":"<p>&nbsp;<\/p>\n<div id=\"attachment_633184\" style=\"width: 470px\" class=\"wp-caption aligncenter\"><a href=\"https:\/\/www.diarioimagen.net\/?attachment_id=633184\" rel=\"attachment wp-att-633184\"><img loading=\"lazy\" decoding=\"async\" aria-describedby=\"caption-attachment-633184\" class=\"size-full wp-image-633184\" src=\"https:\/\/www.diarioimagen.net\/wp-content\/uploads\/2024\/09\/uaem-reconoce-excelencia.jpg\" alt=\"\" width=\"460\" height=\"270\" srcset=\"https:\/\/www.diarioimagen.net\/wp-content\/uploads\/2024\/09\/uaem-reconoce-excelencia.jpg 460w, https:\/\/www.diarioimagen.net\/wp-content\/uploads\/2024\/09\/uaem-reconoce-excelencia-240x141.jpg 240w\" sizes=\"auto, (max-width: 460px) 100vw, 460px\" \/><\/a><p id=\"caption-attachment-633184\" class=\"wp-caption-text\">El rector de la UAEM\u00e9x, Carlos Eduardo Barrera D\u00edaz, encabez\u00f3 la ceremonia de Entrega de Nombramientos de Definitividad a su comunidad docente.<\/p><\/div>\n<p>&nbsp;<\/p>\n<p><strong>Toluca, Estado de M\u00e9xico.<\/strong>\u2014 Por su contribuci\u00f3n a la consolidaci\u00f3n de una instituci\u00f3n de excelencia acad\u00e9mica, dedicada a la formaci\u00f3n de profesionales competentes y con gran sentido de responsabilidad social, el rector de la Universidad Aut\u00f3noma del Estado de M\u00e9xico (UAEM\u00e9x), Carlos Eduardo Barrera D\u00edaz, encabez\u00f3 la ceremonia de Entrega de Nombramientos de Definitividad en la Sala \u201cBenito Ju\u00e1rez Garc\u00eda\u201d del Edificio de Rector\u00eda.<\/p>\n<p>Acompa\u00f1ado por el secretario de Docencia de la UAEM\u00e9x, Jos\u00e9 Raymundo Marcial Romero, Barrera D\u00edaz hizo entrega de 39 nombramientos a las y los profesores de tiempo completo, medio tiempo, t\u00e9cnicos acad\u00e9micos y de asignatura. En este marco, el rector de la M\u00e1xima Casa de Estudios mexiquense felicit\u00f3 a la plantilla docente que, a trav\u00e9s de su labor acad\u00e9mica, han demostrado su voluntad de aprender, compartir sus conocimientos y disfrutar del proceso de ense\u00f1anza-aprendizaje, pues de esta manera cumplen con los est\u00e1ndares de calidad que aseguran la excelencia educativa que caracteriza a la instituci\u00f3n.<\/p>\n<p>Asimismo, Barrera D\u00edaz resalt\u00f3 que a lo largo de la Administraci\u00f3n Universitaria 2021-2025, se han entregado aproximadamente 400 nombramientos, representando un destacado logro para la Aut\u00f3noma mexiquense, pues reconoce a las y los docentes que, desde las aulas, se han mantenido en capacitaci\u00f3n, en di\u00e1logo continuo con sus colegas, con autoridades y, sobre todo, con el alumnado, fomentando los valores y manteniendo vivo el inter\u00e9s por aprender y descubrir.<\/p>\n<p>\u201cAl integrarse de manera definitiva a la plantilla docente de sus espacios, ustedes no solo fortalecen su profesi\u00f3n, sino que tambi\u00e9n se comprometen a seguir construyendo una sociedad m\u00e1s justa y preparada para enfrentar los desaf\u00edos del ma\u00f1ana\u201d, dijo.<\/p>\n<p>En su intervenci\u00f3n, Marcial Romero puntualiz\u00f3 que con la entrega de estos nombramientos, la UAEM\u00e9x reafirma su responsabilidad con su comunidad docente al reconocer su esfuerzo, dedicaci\u00f3n y excelencia que transforma la vida de las y los estudiantes universitarios.<\/p>\n<p>En este sentido, asever\u00f3 que con este nombramiento, las y los docentes han adquirido el compromiso de cumplir con la formaci\u00f3n de generaciones agentes de cambio, adem\u00e1s, les invit\u00f3 a seguir mejorando e innovando para mantener el humanismo, la generosidad y la empat\u00eda, pues con estas bases se seguir\u00e1 consolidando y reconociendo a la Aut\u00f3noma mexiquense como la mejor universidad p\u00fablica estatal del pa\u00eds.<\/p>\n<p>Por su parte, la profesora de tiempo completo de la Facultad de Econom\u00eda, Marlen Roc\u00edo Reyes Hern\u00e1ndez destac\u00f3 el esfuerzo de la UAEM\u00e9x por priorizar la educaci\u00f3n, pues al reconocer al profesorado universitario, se contribuye a la formaci\u00f3n de generaciones preparadas para enfrentar los retos actuales y futuros, comprometidas con la construcci\u00f3n de sociedades justas, democr\u00e1ticas y libres.<\/p>\n<p>Al acto asistieron la secretaria de Administraci\u00f3n, Er\u00e9ndira Fierro Moreno; la docente de tiempo completo del Plantel \u201cDr. \u00c1ngel Mar\u00eda Garibay Kintana\u201d de la Escuela Preparatoria, Arlette Navarrete Cruz; integrantes del Colegio de Directores y del Gabinete Universitario, as\u00ed como la comunidad verde y oro.<\/p>\n","protected":false},"excerpt":{"rendered":"<p>Por su contribuci\u00f3n a la consolidaci\u00f3n de una instituci\u00f3n de excelencia acad\u00e9mica, dedicada a la formaci\u00f3n de profesionales competentes y con gran sentido de responsabilidad social, el rector de la Universidad Aut\u00f3noma del Estado de M\u00e9xico (UAEM\u00e9x), Carlos Eduardo Barrera D\u00edaz, encabez\u00f3 la ceremonia de Entrega de Nombramientos de Definitividad en la Sala \u201cBenito Ju\u00e1rez Garc\u00eda\u201d del Edificio de Rector\u00eda.<\/p>\n","protected":false},"author":3,"featured_media":633184,"comment_status":"open","ping_status":"open","sticky":false,"template":"","format":"standard","meta":{"_monsterinsights_skip_tracking":false,"_monsterinsights_sitenote_active":false,"_monsterinsights_sitenote_note":"","_monsterinsights_sitenote_category":0,"footnotes":""},"categories":[5],"tags":[92667,54813,67878],"class_list":["post-633092","post","type-post","status-publish","format-standard","has-post-thumbnail","hentry","category-estado-de-mexico","tag-carlos-eduardo-barrera-diaz","tag-comunidad","tag-uaemex"],"_links":{"self":[{"href":"https:\/\/www.diarioimagen.net\/index.php?rest_route=\/wp\/v2\/posts\/633092","targetHints":{"allow":["GET"]}}],"collection":[{"href":"https:\/\/www.diarioimagen.net\/index.php?rest_route=\/wp\/v2\/posts"}],"about":[{"href":"https:\/\/www.diarioimagen.net\/index.php?rest_route=\/wp\/v2\/types\/post"}],"author":[{"embeddable":true,"href":"https:\/\/www.diarioimagen.net\/index.php?rest_route=\/wp\/v2\/users\/3"}],"replies":[{"embeddable":true,"href":"https:\/\/www.diarioimagen.net\/index.php?rest_route=%2Fwp%2Fv2%2Fcomments&post=633092"}],"version-history":[{"count":0,"href":"https:\/\/www.diarioimagen.net\/index.php?rest_route=\/wp\/v2\/posts\/633092\/revisions"}],"wp:featuredmedia":[{"embeddable":true,"href":"https:\/\/www.diarioimagen.net\/index.php?rest_route=\/wp\/v2\/media\/633184"}],"wp:attachment":[{"href":"https:\/\/www.diarioimagen.net\/index.php?rest_route=%2Fwp%2Fv2%2Fmedia&parent=633092"}],"wp:term":[{"taxonomy":"category","embeddable":true,"href":"https:\/\/www.diarioimagen.net\/index.php?rest_route=%2Fwp%2Fv2%2Fcategories&post=633092"},{"taxonomy":"post_tag","embeddable":true,"href":"https:\/\/www.diarioimagen.net\/index.php?rest_route=%2Fwp%2Fv2%2Ftags&post=633092"}],"curies":[{"name":"wp","href":"https:\/\/api.w.org\/{rel}","templated":true}]}}