{"id":633096,"date":"2024-09-12T00:02:42","date_gmt":"2024-09-12T06:02:42","guid":{"rendered":"https:\/\/www.diarioimagen.net\/?p=633096"},"modified":"2024-09-12T01:40:54","modified_gmt":"2024-09-12T07:40:54","slug":"refrenda-isaac-montoya-compromiso-de-trabajar-de-la-mano-de-naucalpenses","status":"publish","type":"post","link":"https:\/\/www.diarioimagen.net\/?p=633096","title":{"rendered":"Refrenda Isaac Montoya compromiso de trabajar de la mano de naucalpenses"},"content":{"rendered":"<p>&nbsp;<\/p>\n<ul>\n<li><em><strong>Gira de agradecimiento<\/strong><\/em><\/li>\n<\/ul>\n<p>&nbsp;<\/p>\n<div id=\"attachment_633202\" style=\"width: 470px\" class=\"wp-caption aligncenter\"><a href=\"https:\/\/www.diarioimagen.net\/?attachment_id=633202\" rel=\"attachment wp-att-633202\"><img loading=\"lazy\" decoding=\"async\" aria-describedby=\"caption-attachment-633202\" class=\"size-full wp-image-633202\" src=\"https:\/\/www.diarioimagen.net\/wp-content\/uploads\/2024\/09\/refrenda-isaac.jpg\" alt=\"\" width=\"460\" height=\"270\" srcset=\"https:\/\/www.diarioimagen.net\/wp-content\/uploads\/2024\/09\/refrenda-isaac.jpg 460w, https:\/\/www.diarioimagen.net\/wp-content\/uploads\/2024\/09\/refrenda-isaac-240x141.jpg 240w\" sizes=\"auto, (max-width: 460px) 100vw, 460px\" \/><\/a><p id=\"caption-attachment-633202\" class=\"wp-caption-text\">Isaac Montoya, presidente municipal electo de Naucalpan, reiter\u00f3 su compromiso de trabajar de la mano de las y los naucalpenses.<\/p><\/div>\n<p>&nbsp;<\/p>\n<p>Naucalpan, Estado de M\u00e9xico.\u2014 Al continuar con su gira de agradecimiento por todo el territorio de esta localidad, Isaac Montoya, presidente municipal electo, afirm\u00f3 que la participaci\u00f3n activa es vital para construir un municipio m\u00e1s justo y equitativo y reiter\u00f3 su compromiso de trabajar de la mano de las y los naucalpenses.<\/p>\n<p>Ante habitantes de Jardines del Molinito y de R\u00edo Hondo, el pr\u00f3ximo alcalde para la gesti\u00f3n 2025-2027, se\u00f1al\u00f3 que ya al frente de la administraci\u00f3n p\u00fablica municipal impulsar\u00e1 acciones y programas que garanticen el bienestar en las comunidades, arrancando aplausos de respaldo.<\/p>\n<p>El alcalde electo fue recibido por centenares de vecinas y vecinos de manera c\u00e1lida y con pancartas de apoyo, por lo que subray\u00f3 que atender\u00e1 las demandas hist\u00f3ricas emitidas de viva voz por la ciudadan\u00eda en cada colonia, adicional a los servicios p\u00fablicos requeridos.<\/p>\n<p>Tambi\u00e9n, en presencia de los habitantes y simpatizantes, el representante de la 4T en el municipio de Naucalpan enfatiz\u00f3 \u201cdesde abajo construiremos el bienestar colectivo que todas y todos merecen\u201d.<\/p>\n<p>De la misma forma, la comunidad se comprometi\u00f3 a estar en comunicaci\u00f3n y coordinaci\u00f3n, y a organizarse, porque reconocieron que la participaci\u00f3n activa es vital para construir un municipio m\u00e1s justo y equitativo.<\/p>\n<p>Dado que el alcalde electo, ha se\u00f1alado que encabezar\u00e1 un gobierno de puertas abiertas y en territorio y no de escritorio, demostrar\u00e1 que el cambio empieza cuando las autoridades regresan a las colonias y trabajando de la mano con la comunidad.<\/p>\n","protected":false},"excerpt":{"rendered":"<p>Al continuar con su gira de agradecimiento por todo el territorio de esta localidad, Isaac Montoya, presidente municipal electo, afirm\u00f3 que la participaci\u00f3n activa es vital para construir un municipio m\u00e1s justo y equitativo y reiter\u00f3 su compromiso de trabajar de la mano de las y los naucalpenses.<\/p>\n","protected":false},"author":3,"featured_media":633202,"comment_status":"open","ping_status":"open","sticky":false,"template":"","format":"standard","meta":{"_monsterinsights_skip_tracking":false,"_monsterinsights_sitenote_active":false,"_monsterinsights_sitenote_note":"","_monsterinsights_sitenote_category":0,"footnotes":""},"categories":[5],"tags":[95192,65078,28167],"class_list":["post-633096","post","type-post","status-publish","format-standard","has-post-thumbnail","hentry","category-estado-de-mexico","tag-isaac-montoya","tag-mano","tag-trabajar"],"_links":{"self":[{"href":"https:\/\/www.diarioimagen.net\/index.php?rest_route=\/wp\/v2\/posts\/633096","targetHints":{"allow":["GET"]}}],"collection":[{"href":"https:\/\/www.diarioimagen.net\/index.php?rest_route=\/wp\/v2\/posts"}],"about":[{"href":"https:\/\/www.diarioimagen.net\/index.php?rest_route=\/wp\/v2\/types\/post"}],"author":[{"embeddable":true,"href":"https:\/\/www.diarioimagen.net\/index.php?rest_route=\/wp\/v2\/users\/3"}],"replies":[{"embeddable":true,"href":"https:\/\/www.diarioimagen.net\/index.php?rest_route=%2Fwp%2Fv2%2Fcomments&post=633096"}],"version-history":[{"count":0,"href":"https:\/\/www.diarioimagen.net\/index.php?rest_route=\/wp\/v2\/posts\/633096\/revisions"}],"wp:featuredmedia":[{"embeddable":true,"href":"https:\/\/www.diarioimagen.net\/index.php?rest_route=\/wp\/v2\/media\/633202"}],"wp:attachment":[{"href":"https:\/\/www.diarioimagen.net\/index.php?rest_route=%2Fwp%2Fv2%2Fmedia&parent=633096"}],"wp:term":[{"taxonomy":"category","embeddable":true,"href":"https:\/\/www.diarioimagen.net\/index.php?rest_route=%2Fwp%2Fv2%2Fcategories&post=633096"},{"taxonomy":"post_tag","embeddable":true,"href":"https:\/\/www.diarioimagen.net\/index.php?rest_route=%2Fwp%2Fv2%2Ftags&post=633096"}],"curies":[{"name":"wp","href":"https:\/\/api.w.org\/{rel}","templated":true}]}}