{"id":633253,"date":"2024-09-13T00:03:29","date_gmt":"2024-09-13T06:03:29","guid":{"rendered":"https:\/\/www.diarioimagen.net\/?p=633253"},"modified":"2024-09-15T23:12:22","modified_gmt":"2024-09-16T05:12:22","slug":"levantan-plantones-en-san-lazaro-y-en-el-senado","status":"publish","type":"post","link":"https:\/\/www.diarioimagen.net\/?p=633253","title":{"rendered":"Levantan plantones paristas del Poder Judicial en San\u00a0L\u00e1zaro y en el Senado"},"content":{"rendered":"<p>&nbsp;<\/p>\n<ul>\n<li><em><strong>Temor a medidas represivas<\/strong><\/em><\/li>\n<\/ul>\n<p>&nbsp;<\/p>\n<div id=\"attachment_633321\" style=\"width: 470px\" class=\"wp-caption aligncenter\"><a href=\"https:\/\/www.diarioimagen.net\/?attachment_id=633321\" rel=\"attachment wp-att-633321\"><img loading=\"lazy\" decoding=\"async\" aria-describedby=\"caption-attachment-633321\" class=\"size-full wp-image-633321\" src=\"https:\/\/www.diarioimagen.net\/wp-content\/uploads\/2024\/09\/levantan-plantones.jpg\" alt=\"\" width=\"460\" height=\"270\" srcset=\"https:\/\/www.diarioimagen.net\/wp-content\/uploads\/2024\/09\/levantan-plantones.jpg 460w, https:\/\/www.diarioimagen.net\/wp-content\/uploads\/2024\/09\/levantan-plantones-240x141.jpg 240w\" sizes=\"auto, (max-width: 460px) 100vw, 460px\" \/><\/a><p id=\"caption-attachment-633321\" class=\"wp-caption-text\">Los manifestantes del Poder Judicial de la Federaci\u00f3n que se hab\u00edan instalado en plantones cerca de las sedes de las C\u00e1maras de Diputados y de Senadores se retiraron durante la madrugada de este jueves 12 de septiembre.<\/p><\/div>\n<p>&nbsp;<\/p>\n<p>Luego del llamado del presidente Andr\u00e9s Manuel L\u00f3pez Obrador a paristas del Poder Judicial de la Federaci\u00f3n a acatar la transici\u00f3n, los manifestantes que se hab\u00edan instalado en plantones cerca de los recintos legislativos se retiraron durante la madrugada de este 12 de septiembre, tanto en la C\u00e1mara de Diputados como en el Senado.<\/p>\n<p>Patricia Aguayo, vocera de los trabajadores del Poder Judicial, inform\u00f3 que los trabajadores de juzgados y tribunales federales inconformes con la reforma judicial acordaron levantar los plantones en las sedes legislativas por temor a una represi\u00f3n, pero que el paro continuar\u00e1, al menos hasta el 1 de octubre.<\/p>\n<p>Por su parte, el Sindicato de Trabajadores de la C\u00e1mara de Diputados inform\u00f3 a sus agremiados que el bloqueo fue retirado en la madrugada, por lo que las actividades se reanudaron de manera normal este jueves<\/p>\n<p>Los accesos a la C\u00e1mara de Diputados fueron bloqueados el 3 de septiembre pasado, d\u00eda en que los diputados de la mayor\u00eda iniciaron el debate de la reforma judicial. El plant\u00f3n en el Senado, instalado hace ocho d\u00edas por trabajadores del Poder Judicial en protesta contra la reforma judicial, tambi\u00e9n fue levantado durante la noche del mi\u00e9rcoles. Los manifestantes hab\u00edan declarado previamente que su protesta continuar\u00eda de manera indefinida.<\/p>\n<p>Esto a pesar de que una fracci\u00f3n hab\u00eda amenazado con permanecer hasta el 1 de octubre, d\u00eda en el que rendir\u00e1 protesta como Presidenta Claudia Sheinbaum. Comerciantes y vecinos de las cercan\u00edas de la C\u00e1mara de Diputados se hab\u00edan manifestado en contra del plant\u00f3n, alegando afectaciones a sus ventas y movilidad.<\/p>\n<p>La protesta de los trabajadores del Poder Judicial incluy\u00f3 manifestaciones en el \u00c1ngel de la Independencia y en la Avenida Reforma. Participaron jueces, empleados, estudiantes, activistas e integrantes de organizaciones civiles, expresando su oposici\u00f3n a lo que consideran un ataque del Gobierno federal contra el Poder Judicial tras la aprobaci\u00f3n de la reforma.<\/p>\n<p>La Jueza Juana Fuentes, directora nacional de la Asociaci\u00f3n de Magistrados de Circuito y Jueces de Distrito del Poder Judicial de la Federaci\u00f3n, hab\u00eda hecho un llamado a la \u201cresistencia legal\u201d en juzgados nacionales e internacionales.\u00a0 Los opositores a la reforma judicial argumentan que esta medida politizar\u00e1 la justicia, concentrar\u00e1 el poder en el Presidente en turno y afectar\u00e1 la carrera judicial al eliminar el m\u00e9rito acad\u00e9mico como criterio de selecci\u00f3n.<\/p>\n","protected":false},"excerpt":{"rendered":"<p>Luego del llamado del presidente Andr\u00e9s Manuel L\u00f3pez Obrador a paristas del Poder Judicial de la Federaci\u00f3n a acatar la transici\u00f3n, los manifestantes que se hab\u00edan instalado en plantones cerca de los recintos legislativos se retiraron durante la madrugada de este 12 de septiembre, tanto en la C\u00e1mara de Diputados como en el Senado.<\/p>\n","protected":false},"author":3,"featured_media":633321,"comment_status":"open","ping_status":"open","sticky":false,"template":"","format":"standard","meta":{"_monsterinsights_skip_tracking":false,"_monsterinsights_sitenote_active":false,"_monsterinsights_sitenote_note":"","_monsterinsights_sitenote_category":0,"footnotes":""},"categories":[17,3],"tags":[70220,19217,115],"class_list":["post-633253","post","type-post","status-publish","format-standard","has-post-thumbnail","hentry","category-especiales","category-nacional","tag-levanta","tag-planton","tag-san-lazaro"],"_links":{"self":[{"href":"https:\/\/www.diarioimagen.net\/index.php?rest_route=\/wp\/v2\/posts\/633253","targetHints":{"allow":["GET"]}}],"collection":[{"href":"https:\/\/www.diarioimagen.net\/index.php?rest_route=\/wp\/v2\/posts"}],"about":[{"href":"https:\/\/www.diarioimagen.net\/index.php?rest_route=\/wp\/v2\/types\/post"}],"author":[{"embeddable":true,"href":"https:\/\/www.diarioimagen.net\/index.php?rest_route=\/wp\/v2\/users\/3"}],"replies":[{"embeddable":true,"href":"https:\/\/www.diarioimagen.net\/index.php?rest_route=%2Fwp%2Fv2%2Fcomments&post=633253"}],"version-history":[{"count":0,"href":"https:\/\/www.diarioimagen.net\/index.php?rest_route=\/wp\/v2\/posts\/633253\/revisions"}],"wp:featuredmedia":[{"embeddable":true,"href":"https:\/\/www.diarioimagen.net\/index.php?rest_route=\/wp\/v2\/media\/633321"}],"wp:attachment":[{"href":"https:\/\/www.diarioimagen.net\/index.php?rest_route=%2Fwp%2Fv2%2Fmedia&parent=633253"}],"wp:term":[{"taxonomy":"category","embeddable":true,"href":"https:\/\/www.diarioimagen.net\/index.php?rest_route=%2Fwp%2Fv2%2Fcategories&post=633253"},{"taxonomy":"post_tag","embeddable":true,"href":"https:\/\/www.diarioimagen.net\/index.php?rest_route=%2Fwp%2Fv2%2Ftags&post=633253"}],"curies":[{"name":"wp","href":"https:\/\/api.w.org\/{rel}","templated":true}]}}