{"id":633260,"date":"2024-09-13T00:08:28","date_gmt":"2024-09-13T06:08:28","guid":{"rendered":"https:\/\/www.diarioimagen.net\/?p=633260"},"modified":"2024-09-15T23:13:44","modified_gmt":"2024-09-16T05:13:44","slug":"uaemex-presenta-su-quinta-temporada-de-teatro","status":"publish","type":"post","link":"https:\/\/www.diarioimagen.net\/?p=633260","title":{"rendered":"UAEM\u00e9x presenta su quinta temporada de teatro"},"content":{"rendered":"<p>&nbsp;<\/p>\n<div id=\"attachment_633307\" style=\"width: 470px\" class=\"wp-caption aligncenter\"><a href=\"https:\/\/www.diarioimagen.net\/?attachment_id=633307\" rel=\"attachment wp-att-633307\"><img loading=\"lazy\" decoding=\"async\" aria-describedby=\"caption-attachment-633307\" class=\"size-full wp-image-633307\" src=\"https:\/\/www.diarioimagen.net\/wp-content\/uploads\/2024\/09\/uaem-presenta-quinta.jpg\" alt=\"\" width=\"460\" height=\"270\" srcset=\"https:\/\/www.diarioimagen.net\/wp-content\/uploads\/2024\/09\/uaem-presenta-quinta.jpg 460w, https:\/\/www.diarioimagen.net\/wp-content\/uploads\/2024\/09\/uaem-presenta-quinta-240x141.jpg 240w\" sizes=\"auto, (max-width: 460px) 100vw, 460px\" \/><\/a><p id=\"caption-attachment-633307\" class=\"wp-caption-text\">El director de la Compa\u00f1\u00eda Universitaria de Teatro (CUT), Juan Carlos Embriz Gonzaga, se\u00f1al\u00f3 que durante esta temporada se cuenta con una cartelera muy variada y dirigida a diversos p\u00fablicos.<\/p><\/div>\n<p>&nbsp;<\/p>\n<p><strong>Toluca, Estado de M\u00e9xico.<\/strong>\u2014 Con un total de siete puestas en escena, la Compa\u00f1\u00eda Universitaria de Teatro (CUT) de la Universidad Aut\u00f3noma del Estado de M\u00e9xico (UAEM\u00e9x) arranc\u00f3 su quinta temporada del a\u00f1o.<\/p>\n<p>El director de la CUT, Juan Carlos Embriz Gonzaga, se\u00f1al\u00f3 que durante esta quinta temporada de teatro se cuenta con una cartelera muy variada y dirigida a diversos p\u00fablicos. Adem\u00e1s de estas puestas en escena, se podr\u00e1 disfrutar teatro Panal y Arte y Cultura Viva.<\/p>\n<p>Dentro del Teatro Universitario \u201cLos Jaguares\u201d se podr\u00e1 disfrutar la obra Chocolate Independencia, bajo la direcci\u00f3n de Nayely Hern\u00e1ndez Garc\u00eda, la cual, a trav\u00e9s de la comedia, narra pasajes importantes de la Independencia de M\u00e9xico, a trav\u00e9s de la grabaci\u00f3n de un comercial. Esta puesta en escena cumple 18 a\u00f1os de formar parte de la cartelera de la CUT y busca acercar la historia a las infancias, de una manera din\u00e1mica y divertida. Est\u00e1 disponible del 05 al 29 de septiembre, en un horario de 17:00 horas, de jueves a s\u00e1bado, y a las 16:00 horas, los domingos.<\/p>\n<p>Tambi\u00e9n se puede disfrutar de la obra La Mujer Sola, dirigida por Mariana Islas. Basada en una adaptaci\u00f3n del texto con el mismo nombre, de Franca Rame y Dar\u00edo Fo, el mon\u00f3logo tiene una visi\u00f3n de rescatar la comedia como medio de aprendizaje y salida para mirar desde distintas aristas la violencia de g\u00e9nero. La puesta en escena est\u00e1 disponible para adolescencias y personas adultas, del 05 al 20 de septiembre, de jueves a s\u00e1bado, a las 19:00 horas y el domingo, a las 18:00 horas.<\/p>\n<p>De la misma forma, se presenta El Ogrito, bajo la direcci\u00f3n de Israel R\u00edos, obra de Suzanne Lebeau, una de las dramaturgas para las infancias m\u00e1s reconocidas a nivel internacional, la cual habla sobre la inclusi\u00f3n de las diferencias durante la ni\u00f1ez. Se podr\u00e1 disfrutar de s\u00e1bado y domingo, a la 13:00 horas.<\/p>\n<p>Asimismo, se disfruta de la puesta en escena Los cuentos del Viajante, dirigida por Edgar Huitr\u00f3n Mart\u00ednez. Es una adaptaci\u00f3n de los cuentos de Oscar Wilde que busca que la audiencia descubra quienes son los viajantes, mientras les acompa\u00f1an a descubrir las narrativas de Oscar Wilde. Se podr\u00e1 disfrutar del 9 al 15 de octubre, los lunes y martes, a las 17:00 horas.<\/p>\n<p>Por otro lado, bajo la direcci\u00f3n de Norma Carrillo, se puede disfrutar de la puesta en escena Mictl\u00e1n: Retrato de Familia, la cual relata la historia de cuatro hermanas que ponen en la ofrenda, por primera vez, la foto de su abuela, quien las cr\u00edo en ausencia de su madre. Su recuerdo es distinto para cada una de ellas y a trav\u00e9s de la historia del camino hac\u00eda el Mictl\u00e1n entablan una relaci\u00f3n muy personal entre ellas mismas. Est\u00e1 disponible del 9 de septiembre al 15 de octubre, los lunes y martes, a las 19:00 horas.<\/p>\n<p>Tambi\u00e9n se presentar\u00e1 la obra Un Rey de Chocolate, bajo la direcci\u00f3n de Jorge Arredondo. Est\u00e1 puesta en escena, basada en el guion de Alejandro Cabello, narra las aventuras que el Rey de Chocolate debe emprender para acceder al amor de la Princesa Caramelo. Esta obra estar\u00e1 disponible del 3 al 20 de octubre, de jueves a s\u00e1bado, a las 17:00 horas, y los domingos, a las 16:00 horas.<\/p>\n<p>Finalmente, se pondr\u00e1 disfrutar de la puesta en escena Pante\u00f3n de Amores, que ser\u00e1 dirigida por Juan Carlos Embriz, la cual se sit\u00faa en el D\u00eda de Muertos para recordar las tradiciones mexicanas con las que se honran a los difuntos. Estar\u00e1 disponible del 24 de octubre al 3 de noviembre, de lunes a s\u00e1bado, a las 19:00 horas, y los domingos, a las 18:00 horas.<\/p>\n","protected":false},"excerpt":{"rendered":"<p>Con un total de siete puestas en escena, la Compa\u00f1\u00eda Universitaria de Teatro (CUT) de la Universidad Aut\u00f3noma del Estado de M\u00e9xico (UAEM\u00e9x) arranc\u00f3 su quinta temporada del a\u00f1o.<\/p>\n","protected":false},"author":3,"featured_media":633307,"comment_status":"open","ping_status":"open","sticky":false,"template":"","format":"standard","meta":{"_monsterinsights_skip_tracking":false,"_monsterinsights_sitenote_active":false,"_monsterinsights_sitenote_note":"","_monsterinsights_sitenote_category":0,"footnotes":""},"categories":[5],"tags":[666,37380,67878],"class_list":["post-633260","post","type-post","status-publish","format-standard","has-post-thumbnail","hentry","category-estado-de-mexico","tag-teatro","tag-temporada","tag-uaemex"],"_links":{"self":[{"href":"https:\/\/www.diarioimagen.net\/index.php?rest_route=\/wp\/v2\/posts\/633260","targetHints":{"allow":["GET"]}}],"collection":[{"href":"https:\/\/www.diarioimagen.net\/index.php?rest_route=\/wp\/v2\/posts"}],"about":[{"href":"https:\/\/www.diarioimagen.net\/index.php?rest_route=\/wp\/v2\/types\/post"}],"author":[{"embeddable":true,"href":"https:\/\/www.diarioimagen.net\/index.php?rest_route=\/wp\/v2\/users\/3"}],"replies":[{"embeddable":true,"href":"https:\/\/www.diarioimagen.net\/index.php?rest_route=%2Fwp%2Fv2%2Fcomments&post=633260"}],"version-history":[{"count":0,"href":"https:\/\/www.diarioimagen.net\/index.php?rest_route=\/wp\/v2\/posts\/633260\/revisions"}],"wp:featuredmedia":[{"embeddable":true,"href":"https:\/\/www.diarioimagen.net\/index.php?rest_route=\/wp\/v2\/media\/633307"}],"wp:attachment":[{"href":"https:\/\/www.diarioimagen.net\/index.php?rest_route=%2Fwp%2Fv2%2Fmedia&parent=633260"}],"wp:term":[{"taxonomy":"category","embeddable":true,"href":"https:\/\/www.diarioimagen.net\/index.php?rest_route=%2Fwp%2Fv2%2Fcategories&post=633260"},{"taxonomy":"post_tag","embeddable":true,"href":"https:\/\/www.diarioimagen.net\/index.php?rest_route=%2Fwp%2Fv2%2Ftags&post=633260"}],"curies":[{"name":"wp","href":"https:\/\/api.w.org\/{rel}","templated":true}]}}