{"id":633268,"date":"2024-09-13T00:01:03","date_gmt":"2024-09-13T06:01:03","guid":{"rendered":"https:\/\/www.diarioimagen.net\/?p=633268"},"modified":"2024-09-13T03:03:57","modified_gmt":"2024-09-13T09:03:57","slug":"condena-anuar-azar-figueroa-aprobacion-de-la-reforma-del-poder-judicial-de-la-federacion","status":"publish","type":"post","link":"https:\/\/www.diarioimagen.net\/?p=633268","title":{"rendered":"Condena Anuar Azar Figueroa aprobaci\u00f3n de la reforma del Poder Judicial de la Federaci\u00f3n"},"content":{"rendered":"<p>&nbsp;<\/p>\n<ul>\n<li><em><strong>Debilatamiento de su autonom\u00eda<\/strong><\/em><\/li>\n<\/ul>\n<p><strong>\u00a0<\/strong><\/p>\n<h6>Arturo Baena<\/h6>\n<p>&nbsp;<\/p>\n<div id=\"attachment_633361\" style=\"width: 470px\" class=\"wp-caption aligncenter\"><a href=\"https:\/\/www.diarioimagen.net\/?attachment_id=633361\" rel=\"attachment wp-att-633361\"><img loading=\"lazy\" decoding=\"async\" aria-describedby=\"caption-attachment-633361\" class=\"size-full wp-image-633361\" src=\"https:\/\/www.diarioimagen.net\/wp-content\/uploads\/2024\/09\/condena-anuar-azar.jpg\" alt=\"\" width=\"460\" height=\"270\" srcset=\"https:\/\/www.diarioimagen.net\/wp-content\/uploads\/2024\/09\/condena-anuar-azar.jpg 460w, https:\/\/www.diarioimagen.net\/wp-content\/uploads\/2024\/09\/condena-anuar-azar-240x141.jpg 240w\" sizes=\"auto, (max-width: 460px) 100vw, 460px\" \/><\/a><p id=\"caption-attachment-633361\" class=\"wp-caption-text\">Anuar Azar Figueroa, drigente del PAN en Edomex, lament\u00f3 que no se hayan tomado en cuenta las voces de miles de trabajadores del Poder Judicial en la nueva reforma.<\/p><\/div>\n<p>&nbsp;<\/p>\n<p><strong>Naucalpan, Estado de M\u00e9xico.\u2014<\/strong> La reci\u00e9n aprobada reforma al Poder Judicial de la Federaci\u00f3n no s\u00f3lo debilita su autonom\u00eda, al ser votados por el electorado, ya que esto provoca que su actuar sea conforme a lo que la mayor\u00eda quiere y no de acuerdo con la ley.<\/p>\n<p>As\u00ed lo expres\u00f3, Anuar Azar Figueroa, presidente del PAN del Estado de M\u00e9xico, al condenar la aprobacion a la qu\u00e9 llam\u00f3 nociva reforma, pues \u201ctambi\u00e9n nos vulnera a los ciudadanos, ya que debilita el alcance de los amparos y mina los efectos de las controversias constitucionales y de las acciones de incontestitucionalidad, favoreciendo a quien ostenta el poder\u201d, dijo.<\/p>\n<p>Azar Figueroa, reiter\u00f3 que \u201cla aprobacion de la reforma por la mayor\u00eda artificial e indolente en el Senado, hizo caso omiso de las voces de miles de trabajadores del Poder Judicial y de j\u00f3venes estudiantes que se manifestaron por ser escuchados. M\u00ed solidaridad y admiraci\u00f3n para todas y todos ellos\u201d, dijo<\/p>\n<p>Por otra parte, el tambi\u00e9n diputado local, record\u00f3 que \u201choy el oficialismo le ha fallado al pueblo de M\u00e9xico, anteponiendo el resentimiento del Presidente en contra de la ministra Norma Pi\u00f1a y dem\u00e1s Ministros de la SCJN que se pronunciaron en contra de los caprichos presidenciales, por encima de los intereses de la Naci\u00f3n\u201d, abund\u00f3.<\/p>\n<p>Asimismo, el dirigente partidista expres\u00f3 su reconocimiento a su amigo el Senador Enrique Vargas del Villar, quien es vicecoordinador de los senadores panistas del Estado de M\u00e9xico, por su valiente defensa del Poder Judicial, as\u00ed como lo hicieron en su momento, las diputados federales, Teresa Ginez, Ana Balderas y Martha Moya.<\/p>\n<p>Finalmente, Anuar Azar dijo: \u201crefrend\u00f3 m\u00ed compromiso por fortalecer no solo la autonom\u00eda del Poder Judicial, sino tambi\u00e9n por el mejoramiento integral del sistema de impsrtici\u00f3n de justicia. S\u00f3lo de manera integral y de la mano de la ciudadan\u00eda podremos tener el Poder Judicial que M\u00e9xico y el Estado de M\u00e9xico, merecen\u201d.<\/p>\n","protected":false},"excerpt":{"rendered":"<p>La reci\u00e9n aprobada reforma al Poder Judicial de la Federaci\u00f3n no s\u00f3lo debilita su autonom\u00eda, al ser votados por el electorado, ya que esto provoca que su actuar sea conforme a lo que la mayor\u00eda quiere y no de acuerdo con la ley.<\/p>\n","protected":false},"author":3,"featured_media":633361,"comment_status":"open","ping_status":"open","sticky":false,"template":"","format":"standard","meta":{"_monsterinsights_skip_tracking":false,"_monsterinsights_sitenote_active":false,"_monsterinsights_sitenote_note":"","_monsterinsights_sitenote_category":0,"footnotes":""},"categories":[5],"tags":[93709,66569,24220,100244],"class_list":["post-633268","post","type-post","status-publish","format-standard","has-post-thumbnail","hentry","category-estado-de-mexico","tag-anuar-azar-figueroa","tag-dirigente","tag-rechazo","tag-reforma-judicial"],"_links":{"self":[{"href":"https:\/\/www.diarioimagen.net\/index.php?rest_route=\/wp\/v2\/posts\/633268","targetHints":{"allow":["GET"]}}],"collection":[{"href":"https:\/\/www.diarioimagen.net\/index.php?rest_route=\/wp\/v2\/posts"}],"about":[{"href":"https:\/\/www.diarioimagen.net\/index.php?rest_route=\/wp\/v2\/types\/post"}],"author":[{"embeddable":true,"href":"https:\/\/www.diarioimagen.net\/index.php?rest_route=\/wp\/v2\/users\/3"}],"replies":[{"embeddable":true,"href":"https:\/\/www.diarioimagen.net\/index.php?rest_route=%2Fwp%2Fv2%2Fcomments&post=633268"}],"version-history":[{"count":0,"href":"https:\/\/www.diarioimagen.net\/index.php?rest_route=\/wp\/v2\/posts\/633268\/revisions"}],"wp:featuredmedia":[{"embeddable":true,"href":"https:\/\/www.diarioimagen.net\/index.php?rest_route=\/wp\/v2\/media\/633361"}],"wp:attachment":[{"href":"https:\/\/www.diarioimagen.net\/index.php?rest_route=%2Fwp%2Fv2%2Fmedia&parent=633268"}],"wp:term":[{"taxonomy":"category","embeddable":true,"href":"https:\/\/www.diarioimagen.net\/index.php?rest_route=%2Fwp%2Fv2%2Fcategories&post=633268"},{"taxonomy":"post_tag","embeddable":true,"href":"https:\/\/www.diarioimagen.net\/index.php?rest_route=%2Fwp%2Fv2%2Ftags&post=633268"}],"curies":[{"name":"wp","href":"https:\/\/api.w.org\/{rel}","templated":true}]}}