{"id":633289,"date":"2024-09-13T00:02:30","date_gmt":"2024-09-13T06:02:30","guid":{"rendered":"https:\/\/www.diarioimagen.net\/?p=633289"},"modified":"2024-09-15T23:12:39","modified_gmt":"2024-09-16T05:12:39","slug":"supervisa-inah-labores-para-la-puesta-en-valor-de-ichkabal","status":"publish","type":"post","link":"https:\/\/www.diarioimagen.net\/?p=633289","title":{"rendered":"Supervisa INAH labores para la\u00a0puesta\u00a0en\u00a0valor\u00a0de\u00a0Ichkabal"},"content":{"rendered":"<p>&nbsp;<\/p>\n<h2 style=\"text-align: center;\">Zona arqueol\u00f3gica de Quintana Roo<\/h2>\n<p>&nbsp;<\/p>\n<ul>\n<li><strong><em>Es habilitada para su apertura al p\u00fablico gracias al programa de rehabilitaci\u00f3n<\/em><\/strong><\/li>\n<\/ul>\n<p><strong>\u00a0<\/strong><\/p>\n<div id=\"attachment_633323\" style=\"width: 470px\" class=\"wp-caption aligncenter\"><a href=\"https:\/\/www.diarioimagen.net\/?attachment_id=633323\" rel=\"attachment wp-att-633323\"><img loading=\"lazy\" decoding=\"async\" aria-describedby=\"caption-attachment-633323\" class=\"size-full wp-image-633323\" src=\"https:\/\/www.diarioimagen.net\/wp-content\/uploads\/2024\/09\/supervisa-inah.jpg\" alt=\"\" width=\"460\" height=\"270\" srcset=\"https:\/\/www.diarioimagen.net\/wp-content\/uploads\/2024\/09\/supervisa-inah.jpg 460w, https:\/\/www.diarioimagen.net\/wp-content\/uploads\/2024\/09\/supervisa-inah-240x141.jpg 240w\" sizes=\"auto, (max-width: 460px) 100vw, 460px\" \/><\/a><p id=\"caption-attachment-633323\" class=\"wp-caption-text\">La Zona Arqueol\u00f3gica de Ichkabal fortalece los trabajos encaminados a su apertura al p\u00fablico.<\/p><\/div>\n<p>&nbsp;<\/p>\n<p><strong>Bacalar.\u2014<\/strong> Sobre la espesa fronda de la selva aparecen las c\u00faspides de colosales edificaciones, de m\u00e1s de 40 metros de altura. La Zona Arqueol\u00f3gica de Ichkabal, localizada a 40 kil\u00f3metros al poniente de la laguna de Bacalar, y cuya existencia era desconocida hasta finales del siglo XX, fortalece los trabajos encaminados a su apertura al p\u00fablico.<\/p>\n<p>Aunque el antiguo centro pol\u00edtico maya empez\u00f3 a ser objeto de investigaciones por parte del Instituto Nacional de Antropolog\u00eda e Historia (INAH) en 2009, es mediante el Programa de Mejoramiento de Zonas Arqueol\u00f3gicas (Promeza), derivado del proyecto prioritario Tren Maya, que se ha dado continuidad a su estudio, conservaci\u00f3n y puesta al d\u00eda.<\/p>\n<p>En gira de trabajo, el presidente de M\u00e9xico, Andr\u00e9s Manuel L\u00f3pez Obrador, y la presidenta electa, Claudia Sheinbaum Pardo, constataron los alcances de las obras en Ichkabal, ejecutadas por la Secretar\u00eda de Cultura federal, a trav\u00e9s del INAH. Ah\u00ed, el director general del instituto, Diego Prieto Hern\u00e1ndez, enfatiz\u00f3 que, dadas sus dimensiones y su historia, se convertir\u00e1 en un gran atractivo cultural de la regi\u00f3n, el cual adem\u00e1s conecta con la estaci\u00f3n Bacalar del Tren Maya.<\/p>\n<p>Tambi\u00e9n destac\u00f3 los esfuerzos de los trabajadores del Promeza, el apoyo recibido por los ejidatarios de Bacalar y los aportes de arque\u00f3logos como Enrique Nalda Hern\u00e1ndez (1936-2010), quien dedic\u00f3 sus \u00faltimos a\u00f1os a desentra\u00f1ar los misterios de esta urbe, de m\u00e1s de 2,400 a\u00f1os de antig\u00fcedad. \u201cEs probable que Ichkabal haya dado cabida a poblaciones procedentes de la cuenca del Mirador, ante el declive de esta ciudad del norte del Pet\u00e9n guatemalteco\u201d, dijo.<\/p>\n<p>La \u201cnueva\u201d zona arqueol\u00f3gica de Quintana Roo, anot\u00f3, fue asiento de la poderosa dinast\u00eda Kaan\u2019ul, o de la Serpiente, que surgi\u00f3 en Dzibanch\u00e9 y se desplaz\u00f3 a Calakmul, extendiendo su influencia al norte del territorio que hoy ocupa Guatemala, llegando as\u00ed a rivalizar con Tikal.<\/p>\n<p>\u201cAunque el auge de Ichkabal se dio entre los a\u00f1os 200 y 600 de nuestra era, sigui\u00f3 fungiendo como un importante centro de poder que articulaba las regiones de la selva maya chiapaneca y campechana con el Pet\u00e9n guatemalteco y el oriente de la pen\u00ednsula de Yucat\u00e1n, hasta el siglo XVI\u201d, abund\u00f3 el titular del INAH.<\/p>\n<p style=\"text-align: center;\"><strong>Promeza libera y consolida 12 estructuras<\/strong><\/p>\n<p>De ese esplendor, gracias al Promeza, se han liberado y consolidado, en su totalidad o parcialmente, una docena de estructuras de diversas alturas y vol\u00famenes, cuyas fachadas fueron desmontadas por los habitantes del lugar en su \u00e9poca de decaimiento, seg\u00fan las hip\u00f3tesis del equipo arqueol\u00f3gico, el cual lideran Luz Evelia Campa\u00f1a y Javier L\u00f3pez Camacho.<\/p>\n<p>Como indica su traducci\u00f3n del maya, \u201centre bajos\u201d, Ichkabal se emplaz\u00f3 en terrenos que tienden a inundarse durante periodos de lluvia, por lo que cuenta con una gran obra de ingenier\u00eda hidr\u00e1ulica: un reservorio de planta rectangular, de 80 por 60 metros, conocido como Aguada de los Cocodrilos, hecho por los mayas antiguos para contar con agua todo el a\u00f1o.<\/p>\n<p>De acuerdo con el levantamiento fotogr\u00e1fico y las im\u00e1genes a\u00e9reas captadas con tecnolog\u00eda LiDAR, la cual permite registrar la presencia de estructuras arquitect\u00f3nicas debajo del manto forestal, el asentamiento prehisp\u00e1nico tuvo una extensi\u00f3n de m\u00e1s de 60 kil\u00f3metros cuadrados, y ten\u00eda conexi\u00f3n con Dzibanch\u00e9 por medio de un sistema de caminos o sacbe\u2019ob, de 40 kil\u00f3metros.<\/p>\n<p>Pr\u00f3ximamente, las y los visitantes de Ichkabal se encontrar\u00e1n ante algunas de las estructuras m\u00e1s grandes del territorio maya, caracter\u00edsticas del estilo Pet\u00e9n por su verticalidad y prominencia, y otras de gran belleza y elegancia, como el Edificio 4, que conserva una escalinata de pelda\u00f1os estucados, rastros de pintura y mascarones de hasta 5 metros de altura, en su fachada; o el Edificio 5, que tambi\u00e9n preserva pintura mural, glifos y bajorrelieves de personajes asociados al inframundo.<\/p>\n<p>La traza de la ciudad les conducir\u00e1 por un conjunto de calzadas que conectan los conjuntos ceremoniales, las \u00e1reas habitacionales y los humedales dedicados a la agricultura que, en conjunto, expresan la monumentalidad que alcanz\u00f3 esta urbe precolombina.<\/p>\n","protected":false},"excerpt":{"rendered":"<p>Sobre la espesa fronda de la selva aparecen las c\u00faspides de colosales edificaciones, de m\u00e1s de 40 metros de altura. La Zona Arqueol\u00f3gica de Ichkabal, localizada a 40 kil\u00f3metros al poniente de la laguna de Bacalar, y cuya existencia era desconocida hasta finales del siglo XX, fortalece los trabajos encaminados a su apertura al p\u00fablico.<\/p>\n","protected":false},"author":3,"featured_media":633323,"comment_status":"open","ping_status":"open","sticky":false,"template":"","format":"standard","meta":{"_monsterinsights_skip_tracking":false,"_monsterinsights_sitenote_active":false,"_monsterinsights_sitenote_note":"","_monsterinsights_sitenote_category":0,"footnotes":""},"categories":[17,3],"tags":[97012,100829,79722],"class_list":["post-633289","post","type-post","status-publish","format-standard","has-post-thumbnail","hentry","category-especiales","category-nacional","tag-ichkabal","tag-inah-labores","tag-supervisa"],"_links":{"self":[{"href":"https:\/\/www.diarioimagen.net\/index.php?rest_route=\/wp\/v2\/posts\/633289","targetHints":{"allow":["GET"]}}],"collection":[{"href":"https:\/\/www.diarioimagen.net\/index.php?rest_route=\/wp\/v2\/posts"}],"about":[{"href":"https:\/\/www.diarioimagen.net\/index.php?rest_route=\/wp\/v2\/types\/post"}],"author":[{"embeddable":true,"href":"https:\/\/www.diarioimagen.net\/index.php?rest_route=\/wp\/v2\/users\/3"}],"replies":[{"embeddable":true,"href":"https:\/\/www.diarioimagen.net\/index.php?rest_route=%2Fwp%2Fv2%2Fcomments&post=633289"}],"version-history":[{"count":0,"href":"https:\/\/www.diarioimagen.net\/index.php?rest_route=\/wp\/v2\/posts\/633289\/revisions"}],"wp:featuredmedia":[{"embeddable":true,"href":"https:\/\/www.diarioimagen.net\/index.php?rest_route=\/wp\/v2\/media\/633323"}],"wp:attachment":[{"href":"https:\/\/www.diarioimagen.net\/index.php?rest_route=%2Fwp%2Fv2%2Fmedia&parent=633289"}],"wp:term":[{"taxonomy":"category","embeddable":true,"href":"https:\/\/www.diarioimagen.net\/index.php?rest_route=%2Fwp%2Fv2%2Fcategories&post=633289"},{"taxonomy":"post_tag","embeddable":true,"href":"https:\/\/www.diarioimagen.net\/index.php?rest_route=%2Fwp%2Fv2%2Ftags&post=633289"}],"curies":[{"name":"wp","href":"https:\/\/api.w.org\/{rel}","templated":true}]}}