{"id":633377,"date":"2024-09-13T00:22:30","date_gmt":"2024-09-13T06:22:30","guid":{"rendered":"https:\/\/www.diarioimagen.net\/?p=633377"},"modified":"2024-09-17T00:17:20","modified_gmt":"2024-09-17T06:17:20","slug":"culiacanazo-reloaded-amlo-y-rocha-moya-preocupados-por-declaraciones-de-el-mayo","status":"publish","type":"post","link":"https:\/\/www.diarioimagen.net\/?p=633377","title":{"rendered":"\u201cCuliacanazo reloaded\u201d: AMLO y Rocha Moya, preocupados por declaraciones de \u201cEl Mayo\u201d"},"content":{"rendered":"<h2>La Retaguardia<\/h2>\n<h5>Adriana Moreno Cordero<\/h5>\n<p>&nbsp;<\/p>\n<ul>\n<li><strong><em>Morena empieza con cobro de facturas por reforma judicial<\/em><\/strong><\/li>\n<\/ul>\n<p>&nbsp;<\/p>\n<p>\u00bfHa quedado casi lista la reforma al Poder Judicial para que el presidente <strong>Andr\u00e9s Manuel L\u00f3pez Obrador <\/strong>pueda estar tranquilo ante las declaraciones que justo hoy en una Corte de Brooklyn har\u00e1 ni m\u00e1s ni menos que <strong>Ismael \u201cEl Mayo\u201d Zambada<\/strong>?, \u00bfen eso consisti\u00f3 el tan llevado y tra\u00eddo \u201cregalo\u201d que Morena, r\u00e9moras y sus Judas le quieren dar la noche de la ceremonia del Grito a su Presidente? Al parecer s\u00ed, porque de esta manera, el tabasque\u00f1o podr\u00e1 tener jueces tan inexpertos como a modo, porque con dicha controvertida reforma, todo lo controla Morena y este partido es L\u00f3pez Obrador.<\/p>\n<p>Por lo pronto, todav\u00eda se percibe cierta preocupaci\u00f3n tanto en el inquilino de Palacio Nacional como en el inepto gobernador de Sinaloa, <strong>Rub\u00e9n Rocha Moya<\/strong>, por lo que pueda suceder hoy en Estados Unidos sobre este asunto.<\/p>\n<p>Lo anterior viene a cuento por varios factores. Uno de ellos es lo que podr\u00eda ser el \u201cCuliacanazo reloaded\u201d y se trata de la guerra \u2014y no es osado el t\u00e9rmino\u2014, que se vive en la capital de Sinaloa que, seg\u00fan incluso el propio inquilino de Palacio Nacional, libran los herederos de \u201cEl Mayo\u201d en contra de sus ahijados, los \u201cChapitos\u201d.<\/p>\n<p>Y la excusa del gobierno \u2014estatal y federal\u2014 es siempre la misma, que se trata de enfrentamientos entre grupos criminales. \u00bfY por eso les permiten hacer lo que quieran? Esto lo \u00fanico que demuestra es que nunca han podido con la delincuencia organizada.<\/p>\n<p>Es mucho, much\u00edsimo, sin duda, lo que tiene que declarar Zambada, sobre quien pesa un total de 17 cargos por narcotr\u00e1fico y si el incompetente e inepto gobernador de Sinaloa ha salido m\u00e1s que embarrado en este caso, \u00bfqu\u00e9 se podr\u00eda esperar en el caso de quien encabeza esta errada y llamada cuarta transformaci\u00f3n?<\/p>\n<p>Y por cierto, L\u00f3pez Obrador se ha dado a la tarea \u2014para variar\u2014 de subestimar la\u00a0 incendiaria situaci\u00f3n diciendo que hay suficiente apoyo de su gobierno para salvaguardar a la poblaci\u00f3n, que se ha tenido que acostumbrar a ver asesinatos a plena luz del d\u00eda, cuesti\u00f3n que se agrava por la noche.<\/p>\n<p>Nada de lo que dijo el tabasque\u00f1o en su gustad\u00edsimo \u201cstand-up\u201d ma\u00f1anero, a punto de finalizar, es cierto. Mucho apoyo de \u00e9l y de la presidenta electa <strong>Claudia Sheinbaum <\/strong>p\u00fablicamente, pero solamente a Rocha Moya, a quien la poblaci\u00f3n del estado repudia por las redes sociales.<\/p>\n<p>Lo m\u00e1s que ha hecho el inepto gobernador, es informar que suspendi\u00f3 los festejos patrios por la violencia que prevalece y que desde luego \u00e9l no ha podido controlar.<\/p>\n<p>Tan pat\u00e9tico ha sido el papel de Rocha Moya, que tambi\u00e9n est\u00e1 muy inquieto por las declaraciones que d\u00e9 \u201cEl Mayo\u201d Zambada, que mejor el Obispo de Culiac\u00e1n, <strong>Jes\u00fas Jos\u00e9 Herrera Qui\u00f1onez<\/strong>, ha reclamado que el gobierno no s\u00f3lo estatal, tambi\u00e9n el federal, de estar m\u00e1s preocupados por la aprobaci\u00f3n de leyes que por la paz del pa\u00eds y demand\u00f3 que no se abandone a Sinaloa a la violencia.<\/p>\n<p>Espec\u00edficamente, se\u00f1al\u00f3 el prelado: \u201cVemos con tristeza c\u00f3mo nuestro gobierno est\u00e1 m\u00e1s preocupado por otras cosas que por la paz de nuestro pa\u00eds. Mientras los diputados y los senadores discuten leyes, el pueblo, la comunidad, la sociedad vive situaciones dolorosas\u201d.<\/p>\n<p>Y efectivamente en sus postrimer\u00edas, el gobierno lopezobradorista, en al caso de Sinaloa env\u00eda el mensaje de que su \u201cestrategia\u201d de \u201cabrazos no balazos\u201d para combatir la inseguridad, ha terminado por derrumbarse y tampoco vale que se acuse a los delincuentes con sus abuelas o padres, ambas, tesis muy rid\u00edculas.<\/p>\n<p>Tampoco se vio que los narcotraficantes cambiaran las armas por tractores como lo prometi\u00f3 al inicio de su gobierno L\u00f3pez Obrador.<\/p>\n<p>Finalmente, una pregunta no sobra: \u00bfser\u00e1 que Sheinbaum retome las \u201cestrategias\u201d de su jefe en el combate a la inseguridad?<\/p>\n<p style=\"text-align: center;\"><strong>Municiones<\/strong><\/p>\n<p><strong>***<\/strong> En todo este entuerto que fue la aprobaci\u00f3n de la controvertida reforma al Poder Judicial, Morena y sus r\u00e9moras empezaron a cobrarse con quienes contra viento y marea votaron en contra de \u00e9sta, de tal suerte que \u201ccasualmente\u201d, el Instituto Nacional Electoral, (INE), determin\u00f3 ayer por mayor\u00eda, \u2014siete votos contra cuatro\u2014, no pronunciarse sobre la reelecci\u00f3n del dirigente nacional del PRI, <strong>Alejandro Moreno C\u00e1rdenas<\/strong>, por lo que la Sala Superior del Tribunal Electoral del Poder Judicial de la Federaci\u00f3n,\u00a0 (TEPJF), deber\u00e1 resolver el fondo del asunto. El representante del PRI ante el INE, <strong>Emilio Su\u00e1rez Licona<\/strong>, se pronunci\u00f3 en contra del proyecto que invalida la reelecci\u00f3n de \u201cAlito\u201d Moreno, calific\u00e1ndolo de \u201cselectivo e incongruente\u201d. Lo cierto es que Morena se cobra la factura con el dirigente del tricolor porque la bancada de este partido en el Senado de la Rep\u00fablica se mantuvo firme y vot\u00f3 en contra de la controvertida reforma. Por m\u00e1s presi\u00f3n que ejerci\u00f3 el oficialismo, no consiguieron doblar al Revolucionario Institucional y eso que hasta regaron la especie de que del PRI saldr\u00eda el traidor y result\u00f3 que fue del PAN y de MC. Como se consign\u00f3 en este espacio en anterior entrega, por otra parte, en el INE siempre han estado al servicio del inquilino de Palacio Nacional.<\/p>\n<p><strong>***<\/strong> Por sus redes, Moreno C\u00e1rdenas se\u00f1al\u00f3 que si bien respeta la resoluci\u00f3n del INE, \u201cno la compartimos, pues existen criterios aprobados por la Sala Superior que legitiman nuestras decisiones internas. Conforme a Derecho, acudiremos ante el Tribunal Electoral del Poder Judicial de la Federaci\u00f3n\u201d.<\/p>\n<p><strong>***<\/strong> Como se recordar\u00e1, la noche que el Judas <strong>Yunes Linares<\/strong> defendi\u00f3 a su hijo, <strong>Miguel \u00c1ngel Yunes M\u00e1rquez<\/strong>, ret\u00f3 a Marko Cort\u00e9s a que se atreviera a expulsar a este oportunista dueto del PAN y el partido albiceleste inici\u00f3 con dicho tr\u00e1mite. Pues resulta que el ex gobernador de Veracruz, ya anunci\u00f3 que recurrir\u00e1 a la Sala Superior del TEPJF, argumentando que padre e hijo, tienen 20 a\u00f1os de militancia en el PAN, para revertir la decisi\u00f3n y que con ello, dejar\u00e1 en rid\u00edculo a Cort\u00e9s. \u00bfSer\u00e1?<\/p>\n<p><strong>***<\/strong> Hoy, la Banda Infantil y Juvenil de la alcald\u00eda Xochimilco, en la Ciudad de M\u00e9xico, cumple 53 a\u00f1os desde su fundaci\u00f3n con el mismo objetivo: ofrecer educaci\u00f3n musical gratuita a los ni\u00f1os y j\u00f3venes de la demarcaci\u00f3n que liderar\u00e1 en breve la morenista <strong>Circe Camacho<\/strong>. La mencionada agrupaci\u00f3n ha sido la escuela de iniciaci\u00f3n para cientos de m\u00fasicos que posteriormente siguen sus estudios en distintas instituciones de nivel superior, para luego integrarse a m\u00faltiples grupos, bandas y orquestas en M\u00e9xico y en el extranjero. Por su trayectoria, la Banda Infantil y Juvenil ha sido invitada a representar a la capital del pa\u00eds en diversos eventos culturales al interior de la Rep\u00fablica y naciones como Estados Unidos y Corea del Sur. Enhorabuena.<\/p>\n<p><u><a href=\"mailto:morcora@gmail.com\" target=\"_blank\" rel=\"noopener noreferrer\"><em>morcora@gmail.com<\/em><\/a><\/u><\/p>\n","protected":false},"excerpt":{"rendered":"<p><span style=\"color: #005497;\"><strong>Adriana Moreno Cordero<\/strong><\/span><\/p>\n","protected":false},"author":3,"featured_media":0,"comment_status":"open","ping_status":"open","sticky":false,"template":"","format":"standard","meta":{"_monsterinsights_skip_tracking":false,"_monsterinsights_sitenote_active":false,"_monsterinsights_sitenote_note":"","_monsterinsights_sitenote_category":0,"footnotes":""},"categories":[69370],"tags":[69369,69368,43674],"class_list":["post-633377","post","type-post","status-publish","format-standard","hentry","category-adriana-moreno-cordero","tag-adriana-moreno-cordero","tag-la-retaguardia","tag-opinion"],"_links":{"self":[{"href":"https:\/\/www.diarioimagen.net\/index.php?rest_route=\/wp\/v2\/posts\/633377","targetHints":{"allow":["GET"]}}],"collection":[{"href":"https:\/\/www.diarioimagen.net\/index.php?rest_route=\/wp\/v2\/posts"}],"about":[{"href":"https:\/\/www.diarioimagen.net\/index.php?rest_route=\/wp\/v2\/types\/post"}],"author":[{"embeddable":true,"href":"https:\/\/www.diarioimagen.net\/index.php?rest_route=\/wp\/v2\/users\/3"}],"replies":[{"embeddable":true,"href":"https:\/\/www.diarioimagen.net\/index.php?rest_route=%2Fwp%2Fv2%2Fcomments&post=633377"}],"version-history":[{"count":0,"href":"https:\/\/www.diarioimagen.net\/index.php?rest_route=\/wp\/v2\/posts\/633377\/revisions"}],"wp:attachment":[{"href":"https:\/\/www.diarioimagen.net\/index.php?rest_route=%2Fwp%2Fv2%2Fmedia&parent=633377"}],"wp:term":[{"taxonomy":"category","embeddable":true,"href":"https:\/\/www.diarioimagen.net\/index.php?rest_route=%2Fwp%2Fv2%2Fcategories&post=633377"},{"taxonomy":"post_tag","embeddable":true,"href":"https:\/\/www.diarioimagen.net\/index.php?rest_route=%2Fwp%2Fv2%2Ftags&post=633377"}],"curies":[{"name":"wp","href":"https:\/\/api.w.org\/{rel}","templated":true}]}}