{"id":633396,"date":"2024-09-13T00:07:00","date_gmt":"2024-09-13T06:07:00","guid":{"rendered":"https:\/\/www.diarioimagen.net\/?p=633396"},"modified":"2024-09-16T00:20:00","modified_gmt":"2024-09-16T06:20:00","slug":"nada-que-festejar-dice-la-oposicion-que-dejara-solos-a-morena-y-remoras","status":"publish","type":"post","link":"https:\/\/www.diarioimagen.net\/?p=633396","title":{"rendered":"Nada que festejar, dice la oposici\u00f3n, que dejar\u00e1 solos\u00a0a\u00a0Morena\u00a0y\u00a0r\u00e9moras"},"content":{"rendered":"<h2>Clase Pol\u00edtica<\/h2>\n<h5>Miguel \u00c1ngel Rivera<\/h5>\n<p>&nbsp;<\/p>\n<p>Como resulta l\u00f3gico, los legisladores oficialistas de las bancadas de Morena, PT y PVEM festejaron a solas su \u201chist\u00f3rica\u201d victoria, al imponer, como regalo para el presidente Andr\u00e9s Manuel L\u00f3pez Obrador, la reforma al Poder Judicial.<\/p>\n<p>Es harto sabido que, para alcanzar esa anhelada meta, el oficialismo recurri\u00f3 a todas las maniobras imaginables, al l\u00edmite de lo considerado legal, pues presionaron a sus rivales de la oposici\u00f3n de todas formas, ya fueran jugosas recompensas o severas sanciones, para lo cual revivieron expedientes que se supon\u00edan cancelados u olvidados.<\/p>\n<p>En consecuencia \u00bfcu\u00e1l ser\u00eda la raz\u00f3n o la justificaci\u00f3n para que los diputados y senadores de oposici\u00f3n estuvieran en una sesi\u00f3n cuya \u00fanica finalidad era celebrar que, como lo anunci\u00f3 ayer mismo el inquilino de Palacio Nacional, el venidero d\u00eda 15, al celebrarse un aniversario m\u00e1s del inicio de la lucha por la Independencia Nacional, se promulguen las reformas que aseguran la extinci\u00f3n del Poder Judicial Federal tal como lo conocemos y conforme a los lineamientos establecidos por el cacique de la llamada Cuarta Transformaci\u00f3n para tener el control de ese poder, como ya tiene al Ejecutivo y al Legislativo.<\/p>\n<p>Por ello, senadores y diputados de la oposici\u00f3n, del PAN, PRI y Movimiento Ciudadano, anunciaron que no acudir\u00edan a la sesi\u00f3n ordinaria convocada para este viernes, en el Senado, para realizar el c\u00f3mputo de los congresos locales que han aprobado la reforma judicial y con ello la declaratoria de validez constitucional.<\/p>\n<p>Los coordinadores de las bancadas albiazul, tricolor y naranja, Guadalupe Murgu\u00eda, Manuel A\u00f1orve Ba\u00f1os y Clemente Casta\u00f1eda, respectivamente, anunciaron la ausencia de los legisladores del bloque opositor a la \u201cfiesta del r\u00e9gimen\u201d oficialista.<\/p>\n<p>De acuerdo con la nota informativa de la agencia Quadrat\u00edn, el senador Casta\u00f1eda Hoeflich confirm\u00f3 que el grupo parlamentario de MC, ni en el Senado de la Rep\u00fablica ni en la C\u00e1mara de Diputados, asistir\u00e1n a la declaratoria de validez, ya que \u201ces la fiesta del r\u00e9gimen, es el consumo del atraco a la naci\u00f3n y por lo tanto nosotros no vamos a acudir a esa celebraci\u00f3n entre comillas, vamos a fijar nuestra posici\u00f3n sobre ese particular en las pr\u00f3ximas horas\u201d.<\/p>\n<p>Lejos de someterse, los legisladores de MC estudian la forma de tratar de anular los cambios legales impuestos por la mayor\u00eda oficialista con base en su amplia mayor\u00eda, la cual complementaron con la \u201ccompra\u201d de los votos de tres (\u00bfcuatro?) senadores a los que presionaron con amenazas de llevarlos a la c\u00e1rcel a partir de denuncias conocidas desde hace a\u00f1os, pero que no hab\u00edan avanzado en el actual sexenio a pesar de las reiteradas promesas de combatir la corrupci\u00f3n, ofertas que no se reflejaron en la realidad.<\/p>\n<p>A nombre del Comit\u00e9 Ejecutivo Nacional del PRI, Alejandro Moreno y los coordinadores de las bancadas parlamentarias, Manuel A\u00f1orve Ba\u00f1os y Rub\u00e9n Moreira Valdez, anunciaron la decisi\u00f3n de no asistir a las sesiones legislativas convocadas para este viernes, \u201cen las que el oficialismo busca de manera indebida promulgar la reforma al Poder Judicial\u201d.<\/p>\n<p>El dirigente nacional del PRI inform\u00f3 que en los pr\u00f3ximos d\u00edas acudir\u00e1 ante instancias nacionales e internacionales para impugnar y denunciar las inconsistencias del proceso legislativo.<\/p>\n<p>Moreno, y los coordinadores de los Grupos Parlamentarios en el Senado, Manuel A\u00f1orve Ba\u00f1os, y en la C\u00e1mara de Diputados, Rub\u00e9n Moreira Valdez, anunciaron la decisi\u00f3n de no asistir a las sesiones legislativas convocadas para este viernes 13 de septiembre, en las que el oficialismo busca de manera indebida promulgar la reforma al Poder Judicial.<\/p>\n<p>En congruencia con sus alegatos expuestos en las dos c\u00e1maras del Congreso de la Uni\u00f3n, los legisladores del PRI, recordaron que sus integrantes defendieron sus argumentos contra la reforma dictada desde Palacio Nacional, tanto en los foros de di\u00e1logo de la reforma judicial, como en las sesiones en las c\u00e1maras legislativas, posici\u00f3n que fue ratificada en votaci\u00f3n por los 15 senadores y 36 diputados del partido.<\/p>\n<p>En declaraciones formuladas ayer, as\u00ed como en comunicado escrito, la dirigencia nacional y la coordinaci\u00f3n de las bancadas en el Congreso de la Uni\u00f3n reprobaron las evidentes violaciones al proceso legislativo durante la discusi\u00f3n de la iniciativa del pol\u00edtico tabasque\u00f1o, as\u00ed como la ausencia de debate en los Congresos locales, que ya ofrecieron incondicionalmente los votos necesarios para el aval de la reforma.<\/p>\n<p>Los coordinadores parlamentarios del PRI expresaron su desacuerdo con el desaseo del proceso legislativo en el Congreso de la Uni\u00f3n, al considerar que prevalecieron las presiones, las amenazas y la violencia, no s\u00f3lo contra los legisladores de oposici\u00f3n, sino tambi\u00e9n en contra de estudiantes y trabajadores del Poder Judicial que se manifestaron pac\u00edficamente.<\/p>\n<p>Alejandro Moreno dej\u00f3 claro que el partido acudir\u00e1 en los pr\u00f3ximos d\u00edas a las instancias nacionales e internacionales para impugnar y denunciar las inconsistencias del proceso legislativo.<\/p>\n<p>Lo m\u00e1s importante, coment\u00f3, ser\u00e1 no bajar los brazos y continuar dando la batalla por M\u00e9xico.<\/p>\n<p>Mientras tanto, la dirigencia del tricolor recibi\u00f3 un respaldo muy significativo, pues lleg\u00f3 del estado donde nacieron el presidente que va de salida, L\u00f3pez Obrador, y el coordinador de Morena en el Senado y ex secretario de Gobernaci\u00f3n, que ha mostrado mano dura para emular a sus antecesores del largo periodo de gobiernos con poder casi absoluto.<\/p>\n<p>El priismo tabasque\u00f1o est\u00e1 unido y respalda totalmente a la dirigencia nacional del PRI, que encabeza el senador Alejandro Moreno C\u00e1rdenas, quien ha sido objeto de diversas presiones por su firme liderazgo en la lucha priista contra la reforma judicial impulsada por el actual gobierno para socavar la justicia en el pa\u00eds, afirm\u00f3 el presidente del tricolor en Tabasco, Miguel Barrueta Cambrano.<\/p>\n<p>\u201cSu compromiso con la defensa de las libertades y la democracia ha sido incuestionable y no nos rajamos ni nos doblamos ante las amenazas y presiones del gobierno federal. Sabemos que la reforma judicial despedaza la justicia en este pa\u00eds y atenta contra los derechos de todos los mexicanos\u201d, expuso Barrueta Cambrano.<\/p>\n<p>El dirigente tabasque\u00f1o subray\u00f3 que la reciente decisi\u00f3n del Instituto Nacional Electoral (INE) de anular las reformas a los estatutos b\u00e1sicos priistas aprobadas por el Consejo Pol\u00edtico Nacional es una muestra m\u00e1s de la \u201cencarnizada venganza\u201d que se est\u00e1 llevando a cabo contra quienes defienden la libertad y la justicia en M\u00e9xico.<\/p>\n<p>\u201cRespaldamos la decisi\u00f3n de la dirigencia nacional de acudir ante el Tribunal Electoral del Poder Judicial de la Federaci\u00f3n (TEPJF), al existir criterios aprobados por la Sala Superior que legitiman nuestras decisiones internas. El hecho de que el INE haya intervenido en las reformas que nosotros, como consejeros, realizamos a los estatutos es un claro intento de coartar la autonom\u00eda y el derecho del PRI de decidir su propio rumbo. \u201cEsta es una lucha por la patria, por las libertades de los mexicanos, y no vamos a ceder ante estos embates autoritarios\u201d, enfatiz\u00f3.<\/p>\n<p>Barrueta hizo un llamado a los militantes y simpatizantes en todo el estado a cerrar filas en torno a Alejandro Moreno y a mantenerse vigilantes ante los intentos del gobierno de socavar las libertades y derechos conquistados. La lucha no es s\u00f3lo por el presente, sino por las futuras generaciones de mexicanos que merecen vivir en un pa\u00eds donde el poder est\u00e9 equilibrado y la justicia no sea un instrumento al servicio de intereses particulares, afirm\u00f3.<\/p>\n<p>A prop\u00f3sito del fallo contrario de los consejeros del Instituto Nacional Electoral (INE), el dirigente nacional del PRI, Alejandro Moreno, asegur\u00f3 que con su resoluci\u00f3n en torno a los estatutos del tricolor, ese organismo viola los derechos de la militancia priista a la autodeterminaci\u00f3n, ya que las modificaciones a los documentos b\u00e1sicos del instituto pol\u00edtico fueron aprobados con apego a la ley en una Asamblea Nacional.<\/p>\n<p>Luego de recordar que el PRI siempre ha respetado y defendido al INE, Moreno ratific\u00f3 que su partido recurrir\u00e1 al Tribunal Electoral del Poder Judicial de la Federaci\u00f3n (TEPJF) para presentar los argumentos jur\u00eddicos que avalan la legitimidad de las reformas que, por acuerdo de su m\u00e1ximo \u00f3rgano de direcci\u00f3n, se realizaron con apego a la ley.<\/p>\n<p><em><a href=\"mailto:riparcangel@hotmail.com\" target=\"_blank\" rel=\"noopener noreferrer\">riparcangel@hotmail.com<\/a><\/em><\/p>\n","protected":false},"excerpt":{"rendered":"<p><span style=\"color: #005497;\"><strong>Miguel \u00c1ngel Rivera<\/strong><\/span><\/p>\n","protected":false},"author":3,"featured_media":0,"comment_status":"open","ping_status":"open","sticky":false,"template":"","format":"standard","meta":{"_monsterinsights_skip_tracking":false,"_monsterinsights_sitenote_active":false,"_monsterinsights_sitenote_note":"","_monsterinsights_sitenote_category":0,"footnotes":""},"categories":[84119],"tags":[84120,84121,43674],"class_list":["post-633396","post","type-post","status-publish","format-standard","hentry","category-miguel-angel-rivera","tag-clase-politica","tag-miguel-angel-rivera","tag-opinion"],"_links":{"self":[{"href":"https:\/\/www.diarioimagen.net\/index.php?rest_route=\/wp\/v2\/posts\/633396","targetHints":{"allow":["GET"]}}],"collection":[{"href":"https:\/\/www.diarioimagen.net\/index.php?rest_route=\/wp\/v2\/posts"}],"about":[{"href":"https:\/\/www.diarioimagen.net\/index.php?rest_route=\/wp\/v2\/types\/post"}],"author":[{"embeddable":true,"href":"https:\/\/www.diarioimagen.net\/index.php?rest_route=\/wp\/v2\/users\/3"}],"replies":[{"embeddable":true,"href":"https:\/\/www.diarioimagen.net\/index.php?rest_route=%2Fwp%2Fv2%2Fcomments&post=633396"}],"version-history":[{"count":0,"href":"https:\/\/www.diarioimagen.net\/index.php?rest_route=\/wp\/v2\/posts\/633396\/revisions"}],"wp:attachment":[{"href":"https:\/\/www.diarioimagen.net\/index.php?rest_route=%2Fwp%2Fv2%2Fmedia&parent=633396"}],"wp:term":[{"taxonomy":"category","embeddable":true,"href":"https:\/\/www.diarioimagen.net\/index.php?rest_route=%2Fwp%2Fv2%2Fcategories&post=633396"},{"taxonomy":"post_tag","embeddable":true,"href":"https:\/\/www.diarioimagen.net\/index.php?rest_route=%2Fwp%2Fv2%2Ftags&post=633396"}],"curies":[{"name":"wp","href":"https:\/\/api.w.org\/{rel}","templated":true}]}}