{"id":633428,"date":"2024-09-16T00:08:20","date_gmt":"2024-09-16T06:08:20","guid":{"rendered":"https:\/\/www.diarioimagen.net\/?p=633428"},"modified":"2024-09-17T01:07:17","modified_gmt":"2024-09-17T07:07:17","slug":"presentan-la-10a-feria-internacional-del-libro-estado-de-mexico","status":"publish","type":"post","link":"https:\/\/www.diarioimagen.net\/?p=633428","title":{"rendered":"Presentan la 10\u00aa Feria Internacional del Libro\u00a0Estado\u00a0de\u00a0M\u00e9xico"},"content":{"rendered":"<p>&nbsp;<\/p>\n<div id=\"attachment_633497\" style=\"width: 470px\" class=\"wp-caption aligncenter\"><a href=\"https:\/\/www.diarioimagen.net\/?attachment_id=633497\" rel=\"attachment wp-att-633497\"><img loading=\"lazy\" decoding=\"async\" aria-describedby=\"caption-attachment-633497\" class=\"size-full wp-image-633497\" src=\"https:\/\/www.diarioimagen.net\/wp-content\/uploads\/2024\/09\/uaem-presentan-feria.jpg\" alt=\"\" width=\"460\" height=\"270\" srcset=\"https:\/\/www.diarioimagen.net\/wp-content\/uploads\/2024\/09\/uaem-presentan-feria.jpg 460w, https:\/\/www.diarioimagen.net\/wp-content\/uploads\/2024\/09\/uaem-presentan-feria-240x141.jpg 240w\" sizes=\"auto, (max-width: 460px) 100vw, 460px\" \/><\/a><p id=\"caption-attachment-633497\" class=\"wp-caption-text\">Del 4 al 12 de octubre se llevar\u00e1 a cabo FILEM 2024, bajo el lema \u201cImaginar es poder\u201d. Contar\u00e1 con m\u00e1s de 340 actividades para todo p\u00fablico.<\/p><\/div>\n<p>&nbsp;<\/p>\n<p><strong>Toluca, Estado de M\u00e9xico.<\/strong>\u2014 Bajo el lema \u201cImaginar es poder\u201d, la d\u00e9cima edici\u00f3n de la Feria Internacional del Libro Estado de M\u00e9xico (FILEM) 2024, dedicada a la ciencia ficci\u00f3n y fantas\u00eda, se realizar\u00e1 del 4 al 12 de octubre, bajo la coordinaci\u00f3n de la Universidad Aut\u00f3noma del Estado de M\u00e9xico (UAEM\u00e9x), el Gobierno del Estado de M\u00e9xico y el Ayuntamiento de Toluca.<\/p>\n<p>En el Centro de Convenciones Estado de M\u00e9xico y en compa\u00f1\u00eda de la secretar\u00eda de Cultura y Turismo del Gobierno del Estado de M\u00e9xico, Nelly Carrasco God\u00ednez, y el\u00a0 presidente municipal de Toluca, Juan Maccise Naime, la secretaria de Difusi\u00f3n Cultural de la UAEM\u00e9x, Mar\u00eda de las Mercedes Portilla Luja, explic\u00f3 que en la edici\u00f3n 2024 de la FILEM se rendir\u00e1 homenaje al periodista Jos\u00e9 Luis Herrera Arciniega y\u00a0 har\u00e1 entrega de los premios a las y los ganadores de los cert\u00e1menes literarios internacionales de Narrativa \u201cIgnacio Manuel Altamirano\u201d y de Poes\u00eda \u201cGilberto Owen Estrada\u201d, as\u00ed como del Premio Universitario de Literatura \u201cHoracio Zu\u00f1iga\u201d, dirigido al estudiantado.<\/p>\n<p>En su oportunidad, Carrasco God\u00ednez destac\u00f3 que el compromiso de la FILEM 2024 es reconocer a la lectura y la escritura como la base de la cultura y el desarrollo de la humanidad. Siendo estas, una puerta a la imaginaci\u00f3n que se crea y reconfigura a trav\u00e9s de la fantas\u00eda y la ciencia ficci\u00f3n.<\/p>\n<p>Por ello, este a\u00f1o el Premio FILEM 2024 es otorgado al escritor mexiquense Alberto Chimal, como reconocimiento a su trayectoria, por ser uno de los principales exponentes de la literatura fant\u00e1stica iberoamericana.<\/p>\n<p>En tanto, Maccise Naime destac\u00f3 que la FILEM 2024 festejar\u00e1 la diversidad literaria y ser\u00e1 un punto de encuentro para todas y todos aquellos que busquen en la palabra escrita un refugio, inspiraci\u00f3n o una ventana hac\u00eda lo desconocido, siendo un recordatorio de que a trav\u00e9s de la literatura se pueden desafiar los l\u00edmites de lo posible.<\/p>\n<p>Se contar\u00e1 con los foros FILEM, Colibr\u00ed, Somos UAEM\u00e9x, Tinta del Xinant\u00e9catl,\u00a0 Murmullos, Sor Juana In\u00e9s de la Cruz, Sal\u00f3n de Profesionales e Infantil, donde se llevar\u00e1n a cabo 340 actividades para el p\u00fablico de todas las edades.<\/p>\n<p>El pabell\u00f3n editorial estar\u00e1 integrado por 130 stands que albergar\u00e1n 200 sellos editoriales, entre los cuales destacan Penguin Random House, Planeta, OC\u00c9ANO, Porr\u00faa y Larousse.<\/p>\n<p>Para facilitar el arribo de las y los asistentes, las instituciones convocantes pondr\u00e1n a disposici\u00f3n el servicio gratuito de \u201cFILEMb\u00fas\u201d, con seis rutas disponibles. La ruta de fin de semana que sale de Rector\u00eda UAEMex estar\u00e1 enfocada a las familias.<\/p>\n<p>Asimismo, destaca que se rendir\u00e1 homenaje a las trayectorias, aportaciones y transformaci\u00f3n de la sociedad al Fondo de Cultura Econ\u00f3mica, con motivo de su 90 aniversario, a la escritora Alma Mancilla, as\u00ed como reconocimientos a diversos escritores y escritoras con amplia trayectoria.<\/p>\n<p>Adem\u00e1s, por primera vez se podr\u00e1 disfrutar de un autocinema, donde se proyectar\u00e1n pel\u00edculas de ciencia ficci\u00f3n como Star Wars: episodio IV. Una nueva esperanza, Oppenheimer, El laberinto del fauno, Harry Potter y el Prisionero de Azkaban y Avatar.<\/p>\n<p>En la conferencia de prensa tambi\u00e9n estuvieron la subsecretaria de Cultura del Gobierno del Estado de M\u00e9xico, F\u00e1tima Orqu\u00eddea Olivares; la directora de Cultura del Ayuntamiento de Toluca, Sonia Lira Iniesta; la directora general de Patrimonio y Servicios Culturales del Valle de Toluca, Zulema S\u00e1nchez Lugo, y la escritora otom\u00ed, Margarita de la Vega L\u00e1zaro.<\/p>\n","protected":false},"excerpt":{"rendered":"<p>Bajo el lema \u201cImaginar es poder\u201d, la d\u00e9cima edici\u00f3n de la Feria Internacional del Libro Estado de M\u00e9xico (FILEM) 2024, dedicada a la ciencia ficci\u00f3n y fantas\u00eda, se realizar\u00e1 del 4 al 12 de octubre, bajo la coordinaci\u00f3n de la Universidad Aut\u00f3noma del Estado de M\u00e9xico (UAEM\u00e9x), el Gobierno del Estado de M\u00e9xico y el Ayuntamiento de Toluca.<\/p>\n","protected":false},"author":3,"featured_media":633497,"comment_status":"open","ping_status":"open","sticky":false,"template":"","format":"standard","meta":{"_monsterinsights_skip_tracking":false,"_monsterinsights_sitenote_active":false,"_monsterinsights_sitenote_note":"","_monsterinsights_sitenote_category":0,"footnotes":""},"categories":[5],"tags":[93762,64090,67878],"class_list":["post-633428","post","type-post","status-publish","format-standard","has-post-thumbnail","hentry","category-estado-de-mexico","tag-feria-internacional-del-libro-estado-de-mexico","tag-filem","tag-uaemex"],"_links":{"self":[{"href":"https:\/\/www.diarioimagen.net\/index.php?rest_route=\/wp\/v2\/posts\/633428","targetHints":{"allow":["GET"]}}],"collection":[{"href":"https:\/\/www.diarioimagen.net\/index.php?rest_route=\/wp\/v2\/posts"}],"about":[{"href":"https:\/\/www.diarioimagen.net\/index.php?rest_route=\/wp\/v2\/types\/post"}],"author":[{"embeddable":true,"href":"https:\/\/www.diarioimagen.net\/index.php?rest_route=\/wp\/v2\/users\/3"}],"replies":[{"embeddable":true,"href":"https:\/\/www.diarioimagen.net\/index.php?rest_route=%2Fwp%2Fv2%2Fcomments&post=633428"}],"version-history":[{"count":0,"href":"https:\/\/www.diarioimagen.net\/index.php?rest_route=\/wp\/v2\/posts\/633428\/revisions"}],"wp:featuredmedia":[{"embeddable":true,"href":"https:\/\/www.diarioimagen.net\/index.php?rest_route=\/wp\/v2\/media\/633497"}],"wp:attachment":[{"href":"https:\/\/www.diarioimagen.net\/index.php?rest_route=%2Fwp%2Fv2%2Fmedia&parent=633428"}],"wp:term":[{"taxonomy":"category","embeddable":true,"href":"https:\/\/www.diarioimagen.net\/index.php?rest_route=%2Fwp%2Fv2%2Fcategories&post=633428"},{"taxonomy":"post_tag","embeddable":true,"href":"https:\/\/www.diarioimagen.net\/index.php?rest_route=%2Fwp%2Fv2%2Ftags&post=633428"}],"curies":[{"name":"wp","href":"https:\/\/api.w.org\/{rel}","templated":true}]}}