{"id":633431,"date":"2024-09-16T00:06:46","date_gmt":"2024-09-16T06:06:46","guid":{"rendered":"https:\/\/www.diarioimagen.net\/?p=633431"},"modified":"2024-09-17T01:33:39","modified_gmt":"2024-09-17T07:33:39","slug":"encabeza-delfina-gomez-acto-por-gesta-de-los-ninos-heroes","status":"publish","type":"post","link":"https:\/\/www.diarioimagen.net\/?p=633431","title":{"rendered":"Encabeza Delfina G\u00f3mez acto por Gesta\u00a0de\u00a0los\u00a0Ni\u00f1os\u00a0H\u00e9roes"},"content":{"rendered":"<p>&nbsp;<\/p>\n<h2 style=\"text-align: center;\">Festejos patrios<\/h2>\n<p>&nbsp;<\/p>\n<ul>\n<li><strong><em>Encabeza Delfina G\u00f3mez acto por Gesta de los Ni\u00f1os H\u00e9roes<\/em><\/strong><\/li>\n<\/ul>\n<p>&nbsp;<\/p>\n<div id=\"attachment_633528\" style=\"width: 470px\" class=\"wp-caption aligncenter\"><a href=\"https:\/\/www.diarioimagen.net\/?attachment_id=633528\" rel=\"attachment wp-att-633528\"><img loading=\"lazy\" decoding=\"async\" aria-describedby=\"caption-attachment-633528\" class=\"size-full wp-image-633528\" src=\"https:\/\/www.diarioimagen.net\/wp-content\/uploads\/2024\/09\/encabeza-delfina.jpg\" alt=\"\" width=\"460\" height=\"270\" srcset=\"https:\/\/www.diarioimagen.net\/wp-content\/uploads\/2024\/09\/encabeza-delfina.jpg 460w, https:\/\/www.diarioimagen.net\/wp-content\/uploads\/2024\/09\/encabeza-delfina-240x141.jpg 240w\" sizes=\"auto, (max-width: 460px) 100vw, 460px\" \/><\/a><p id=\"caption-attachment-633528\" class=\"wp-caption-text\">Delfina G\u00f3mez \u00c1lvarez encabez\u00f3 la Ceremonia Conmemorativa por el 177 Aniversario de la Gesta Heroica de los Ni\u00f1os H\u00e9roes de Chapultepec con una Guardia solemne en el monumento erigido a la memoria de los cadetes que ofrendaron su vida en defensa de la patria y atestigua el pase de Lista de Honor a cargo del General de Brigada D.E.M. Jos\u00e9 Mart\u00edn Luna de la Luz, Comandante de la 22\u00aa Zona Militar<\/p><\/div>\n<p>&nbsp;<\/p>\n<p><strong>Toluca, Estado de M\u00e9xico.\u2014<\/strong> La gobernadora del Estado de M\u00e9xico, Delfina G\u00f3mez \u00c1lvarez encabez\u00f3 la Ceremonia Conmemorativa por el 177 Aniversario de la Gesta Heroica de los Ni\u00f1os H\u00e9roes de Chapultepec y mont\u00f3 una Guardia Solemne en el monumento erigido a la memoria de los cadetes que ofrendaron su vida en defensa de la patria, a acompa\u00f1ada por el General de Brigada D.E.M. Jos\u00e9 Mart\u00edn Luna de la Luz, Comandante de la 22\u00aa Zona Militar.<\/p>\n<p>\u201cRecordamos con respeto y amor a quienes enfrentaron al ej\u00e9rcito invasor, reconocemos el valor hist\u00f3rico de cada lucha que nos ha construido como la gran naci\u00f3n que hoy somos, refrendamos que El Poder de Servir es el puente a trav\u00e9s del cual, las y los servidores p\u00fablicos aportamos al futuro del Estado de M\u00e9xico\u201d, destac\u00f3 Nelly Minerva Carrasco God\u00ednez, Secretaria de Cultura y Turismo del Gobierno del Estado de M\u00e9xico.<\/p>\n<p>La Secretaria Nelly Carrasco agreg\u00f3 que este hecho hist\u00f3rico es un recordatorio de la identidad nacional y de uni\u00f3n entre el pueblo mexicano; destac\u00f3 el hero\u00edsmo de los cadetes al enfrentar con valor al enemigo; en este sentido llam\u00f3 a la sociedad a mantener firmes los ideales en defensa del pa\u00eds, siguiendo la ruta de la transformaci\u00f3n encabezada por el Presidente de M\u00e9xico, Andr\u00e9s Manuel L\u00f3pez Obrador y de la Maestra Delfina G\u00f3mez \u00c1lvarez, en el Estado de M\u00e9xico.<\/p>\n<p>Mario Abimael Arias Quintana, Comandante del Octavo Regimiento Mecanizado coincidi\u00f3 en la importancia de conmemorar esta fecha que destaca el valor de las fuerzas armadas, que a la fecha conservan los mismos valores y la formaci\u00f3n profesional enfocada a la defensa de la naci\u00f3n.<\/p>\n","protected":false},"excerpt":{"rendered":"<p>La gobernadora del Estado de M\u00e9xico, Delfina G\u00f3mez \u00c1lvarez encabez\u00f3 la Ceremonia Conmemorativa por el 177 Aniversario de la Gesta Heroica de los Ni\u00f1os H\u00e9roes de Chapultepec y mont\u00f3 una Guardia Solemne en el monumento erigido a la memoria de los cadetes que ofrendaron su vida en defensa de la patria, a acompa\u00f1ada por el General de Brigada D.E.M. <\/p>\n","protected":false},"author":3,"featured_media":633528,"comment_status":"open","ping_status":"open","sticky":false,"template":"","format":"standard","meta":{"_monsterinsights_skip_tracking":false,"_monsterinsights_sitenote_active":false,"_monsterinsights_sitenote_note":"","_monsterinsights_sitenote_category":0,"footnotes":""},"categories":[5,99730],"tags":[57859,100836],"class_list":["post-633431","post","type-post","status-publish","format-standard","has-post-thumbnail","hentry","category-estado-de-mexico","category-edomex","tag-delfina-gomez-alvarez","tag-gesta-de-los-ninos-heroes"],"_links":{"self":[{"href":"https:\/\/www.diarioimagen.net\/index.php?rest_route=\/wp\/v2\/posts\/633431","targetHints":{"allow":["GET"]}}],"collection":[{"href":"https:\/\/www.diarioimagen.net\/index.php?rest_route=\/wp\/v2\/posts"}],"about":[{"href":"https:\/\/www.diarioimagen.net\/index.php?rest_route=\/wp\/v2\/types\/post"}],"author":[{"embeddable":true,"href":"https:\/\/www.diarioimagen.net\/index.php?rest_route=\/wp\/v2\/users\/3"}],"replies":[{"embeddable":true,"href":"https:\/\/www.diarioimagen.net\/index.php?rest_route=%2Fwp%2Fv2%2Fcomments&post=633431"}],"version-history":[{"count":0,"href":"https:\/\/www.diarioimagen.net\/index.php?rest_route=\/wp\/v2\/posts\/633431\/revisions"}],"wp:featuredmedia":[{"embeddable":true,"href":"https:\/\/www.diarioimagen.net\/index.php?rest_route=\/wp\/v2\/media\/633528"}],"wp:attachment":[{"href":"https:\/\/www.diarioimagen.net\/index.php?rest_route=%2Fwp%2Fv2%2Fmedia&parent=633431"}],"wp:term":[{"taxonomy":"category","embeddable":true,"href":"https:\/\/www.diarioimagen.net\/index.php?rest_route=%2Fwp%2Fv2%2Fcategories&post=633431"},{"taxonomy":"post_tag","embeddable":true,"href":"https:\/\/www.diarioimagen.net\/index.php?rest_route=%2Fwp%2Fv2%2Ftags&post=633431"}],"curies":[{"name":"wp","href":"https:\/\/api.w.org\/{rel}","templated":true}]}}