{"id":633437,"date":"2024-09-16T00:02:09","date_gmt":"2024-09-16T06:02:09","guid":{"rendered":"https:\/\/www.diarioimagen.net\/?p=633437"},"modified":"2024-09-16T00:04:51","modified_gmt":"2024-09-16T06:04:51","slug":"respaldan-panistas-la-expulsion-de-traidores-que-le-fallaron-a-mexico","status":"publish","type":"post","link":"https:\/\/www.diarioimagen.net\/?p=633437","title":{"rendered":"Respaldan panistas la expulsi\u00f3n de traidores, que le fallaron a M\u00e9xico"},"content":{"rendered":"<p>&nbsp;<\/p>\n<ul>\n<li><em><strong>Afirma Agust\u00edn Belgodere<\/strong><\/em><\/li>\n<\/ul>\n<p><strong>\u00a0<\/strong><\/p>\n<h6>Arturo Baena<\/h6>\n<p>&nbsp;<\/p>\n<div id=\"attachment_633521\" style=\"width: 470px\" class=\"wp-caption aligncenter\"><a href=\"https:\/\/www.diarioimagen.net\/?attachment_id=633521\" rel=\"attachment wp-att-633521\"><img loading=\"lazy\" decoding=\"async\" aria-describedby=\"caption-attachment-633521\" class=\"size-full wp-image-633521\" src=\"https:\/\/www.diarioimagen.net\/wp-content\/uploads\/2024\/09\/respaldan-panistas.jpg\" alt=\"\" width=\"460\" height=\"270\" srcset=\"https:\/\/www.diarioimagen.net\/wp-content\/uploads\/2024\/09\/respaldan-panistas.jpg 460w, https:\/\/www.diarioimagen.net\/wp-content\/uploads\/2024\/09\/respaldan-panistas-240x141.jpg 240w\" sizes=\"auto, (max-width: 460px) 100vw, 460px\" \/><\/a><p id=\"caption-attachment-633521\" class=\"wp-caption-text\">David Agust\u00edn Belgodere destac\u00f3 que Acci\u00f3n Nacional no naci\u00f3 para favorecer autocracias, por lo que queda claro que su expulsi\u00f3n es correcta.<\/p><\/div>\n<p>&nbsp;<\/p>\n<p><strong>Valle de M\u00e9xico.\u2014<\/strong> Alcaldes, diputados\u00a0 s\u00edndicos y regidores, del PAN mexiquense, manifiestan su respaldo a las acciones tomadas por la Comisi\u00f3n Permanente de ese partido,\u00a0 que determin\u00f3 iniciar el proceso de expulsi\u00f3n de Miguel \u00c1ngel Yunes Linares, Miguel \u00c1ngel Yunes M\u00e1rquez y Natividad D\u00edaz, por fallarle a M\u00e9xico.<\/p>\n<p>En ese sentido, el representante popular en Naucalpan, David Agust\u00edn Belgodere,\u00a0 destac\u00f3 que \u201cAcci\u00f3n Nacional no naci\u00f3 para favorecer autocracias, nos queda claro que esa decisi\u00f3n es correcta y desde luego que la apoyamos\u201d.<\/p>\n<p>Record\u00f3 que con\u00a0 la aprobaci\u00f3n de esta regresiva reforma al Poder Judicial, marca un momento hist\u00f3rico, pues \u201cprovocar\u00e1 grandes grietas en el sistema de justicia mexicano, atropellos, inseguridad, violaciones claras incluso a tratados internacionales, adem\u00e1s de que atenta contra la divisi\u00f3n de poderes y a la impartici\u00f3n de justicia\u201d y agreg\u00f3: \u201cesta reforma es m\u00e1s agresiva que la 2004 en Venezuela, promovida por Ch\u00e1vez\u201d.<\/p>\n<p>El representante panista record\u00f3 que Yunes Linares, Yunes M\u00e1rquez y D\u00edaz Jim\u00e9nez traicionaron al pa\u00eds y a miles de mexicanos que reclamaron en las calles ser escuchados, a los legisladores que no conocieron las resoluciones de la pasada legislatura y a las pr\u00f3ximas generaciones que sufrir\u00e1n un sistema de justicia a modo del gobierno morenista, que manejar\u00e1 a su antojo y a capricho la Corte y los Tribunales.<\/p>\n<p>En ese sentido, los legisladores federales, locales y presidentes municipales lamentaron que los senadores se hayan prestado al juego de Morena y el gobierno federal y no hayan resistido los embates, la presi\u00f3n y las amenazas.<\/p>\n<p>\u201cComo Sistema PAN seguiremos siendo la resistencia e invitamos a la sociedad civil como pilar fundamental en nuestro pa\u00eds, a sumarse en esta lucha para defender la justicia imparcial\u201d, concluy\u00f3.<\/p>\n","protected":false},"excerpt":{"rendered":"<p>Alcaldes, diputados\u00a0 s\u00edndicos y regidores, del PAN mexiquense, manifiestan su respaldo a las acciones tomadas por la Comisi\u00f3n Permanente de ese partido,\u00a0 que determin\u00f3 iniciar el proceso de expulsi\u00f3n de Miguel \u00c1ngel Yunes Linares, Miguel \u00c1ngel Yunes M\u00e1rquez y Natividad D\u00edaz, por fallarle a M\u00e9xico.<\/p>\n","protected":false},"author":3,"featured_media":633521,"comment_status":"open","ping_status":"open","sticky":false,"template":"","format":"standard","meta":{"_monsterinsights_skip_tracking":false,"_monsterinsights_sitenote_active":false,"_monsterinsights_sitenote_note":"","_monsterinsights_sitenote_category":0,"footnotes":""},"categories":[5],"tags":[95817,100837,91],"class_list":["post-633437","post","type-post","status-publish","format-standard","has-post-thumbnail","hentry","category-estado-de-mexico","tag-david-agustin-belgodere","tag-expulsio","tag-pan"],"_links":{"self":[{"href":"https:\/\/www.diarioimagen.net\/index.php?rest_route=\/wp\/v2\/posts\/633437","targetHints":{"allow":["GET"]}}],"collection":[{"href":"https:\/\/www.diarioimagen.net\/index.php?rest_route=\/wp\/v2\/posts"}],"about":[{"href":"https:\/\/www.diarioimagen.net\/index.php?rest_route=\/wp\/v2\/types\/post"}],"author":[{"embeddable":true,"href":"https:\/\/www.diarioimagen.net\/index.php?rest_route=\/wp\/v2\/users\/3"}],"replies":[{"embeddable":true,"href":"https:\/\/www.diarioimagen.net\/index.php?rest_route=%2Fwp%2Fv2%2Fcomments&post=633437"}],"version-history":[{"count":0,"href":"https:\/\/www.diarioimagen.net\/index.php?rest_route=\/wp\/v2\/posts\/633437\/revisions"}],"wp:featuredmedia":[{"embeddable":true,"href":"https:\/\/www.diarioimagen.net\/index.php?rest_route=\/wp\/v2\/media\/633521"}],"wp:attachment":[{"href":"https:\/\/www.diarioimagen.net\/index.php?rest_route=%2Fwp%2Fv2%2Fmedia&parent=633437"}],"wp:term":[{"taxonomy":"category","embeddable":true,"href":"https:\/\/www.diarioimagen.net\/index.php?rest_route=%2Fwp%2Fv2%2Fcategories&post=633437"},{"taxonomy":"post_tag","embeddable":true,"href":"https:\/\/www.diarioimagen.net\/index.php?rest_route=%2Fwp%2Fv2%2Ftags&post=633437"}],"curies":[{"name":"wp","href":"https:\/\/api.w.org\/{rel}","templated":true}]}}