{"id":633439,"date":"2024-09-16T00:03:02","date_gmt":"2024-09-16T06:03:02","guid":{"rendered":"https:\/\/www.diarioimagen.net\/?p=633439"},"modified":"2024-09-16T00:00:45","modified_gmt":"2024-09-16T06:00:45","slug":"el-prd-mexiquense-rechaza-reforma-judicial-omar-ortega-alvarez","status":"publish","type":"post","link":"https:\/\/www.diarioimagen.net\/?p=633439","title":{"rendered":"El PRD mexiquense rechaza reforma judicial: Omar Ortega \u00c1lvarez"},"content":{"rendered":"<p>&nbsp;<\/p>\n<ul>\n<li><em><strong>Postura en el Congreso local<\/strong><\/em><\/li>\n<\/ul>\n<p>&nbsp;<\/p>\n<div id=\"attachment_633519\" style=\"width: 470px\" class=\"wp-caption aligncenter\"><a href=\"https:\/\/www.diarioimagen.net\/?attachment_id=633519\" rel=\"attachment wp-att-633519\"><img loading=\"lazy\" decoding=\"async\" aria-describedby=\"caption-attachment-633519\" class=\"size-full wp-image-633519\" src=\"https:\/\/www.diarioimagen.net\/wp-content\/uploads\/2024\/09\/prd-mexiquense.jpg\" alt=\"\" width=\"460\" height=\"270\" srcset=\"https:\/\/www.diarioimagen.net\/wp-content\/uploads\/2024\/09\/prd-mexiquense.jpg 460w, https:\/\/www.diarioimagen.net\/wp-content\/uploads\/2024\/09\/prd-mexiquense-240x141.jpg 240w\" sizes=\"auto, (max-width: 460px) 100vw, 460px\" \/><\/a><p id=\"caption-attachment-633519\" class=\"wp-caption-text\">El diputado perredista Omar Ortega \u00c1lvarez critic\u00f3 el proceso de aprobaci\u00f3n de esta reforma por parte de los diputados federales y senadores.<\/p><\/div>\n<p>&nbsp;<\/p>\n<p><strong>Toluca, Estado de M\u00e9xico.\u2014<\/strong> Omar Ortega \u00c1lvarez, coordinador de los Diputados del PRD en el Estado de M\u00e9xico, expres\u00f3\u00a0 su rechazo a la reforma judicial, al considerar que su aprobaci\u00f3n es un grave error que evidencia una visi\u00f3n sesgada del sistema de justicia.<\/p>\n<p>Ortega \u00c1lvarez critic\u00f3 el proceso de aprobaci\u00f3n de esta reforma por parte de los diputados federales y senadores, al mencionar que evoc\u00f3 las viejas pr\u00e1cticas del salinismo de los a\u00f1os noventa, la cual priorizaba la concentraci\u00f3n del poder y el control absoluto sobre las instituciones.<\/p>\n<p>Al presentar el posicionamiento a nombre del grupo parlamentario del PRD en la LXII Legislatura del Estado de M\u00e9xico, Omar Ortega dijo que la designaci\u00f3n de los cargos de Ministros, Magistrados y Jueces a trav\u00e9s del voto popular, no garantiza que los seleccionados cumplan con el mandato constitucional de imparcialidad, menos a\u00fan que sean los m\u00e1s aptos para desempe\u00f1ar un cargo como lo es la aplicaci\u00f3n de la justicia.<\/p>\n<p>\u201cEn el futuro la aprobaci\u00f3n de esta reforma ser\u00e1 recordada como el error de septiembre, momento en el que dos poderes se unieron para someter al Poder Judicial, marcando un parteaguas en la vida democr\u00e1tica de nuestro pa\u00eds\u201d, sentenci\u00f3.<\/p>\n<p>En entrevista por separado, Amin Moreno Lojero, presidente del PRD en el Estado de M\u00e9xico, coincidi\u00f3 con el diputado Omar Ortega, en rechazar la reforma al poder judicial, argumentando que esta iniciativa pone en peligro la separaci\u00f3n y autonom\u00eda de los poderes en el pa\u00eds.<\/p>\n<p>Se\u00f1al\u00f3 que la forma en que se aprob\u00f3 la Reforma Judicial mostr\u00f3 como senadores, legisladores y gran parte del gobierno federal abandonaron sin pudor todos sus principios para regalarle un \u201c\u00faltimo capricho\u201d de despedida al titular del ejecutivo.<\/p>\n","protected":false},"excerpt":{"rendered":"<p>Omar Ortega \u00c1lvarez, coordinador de los Diputados del PRD en el Estado de M\u00e9xico, expres\u00f3\u00a0 su rechazo a la reforma judicial, al considerar que su aprobaci\u00f3n es un grave error que evidencia una visi\u00f3n sesgada del sistema de justicia.<\/p>\n","protected":false},"author":3,"featured_media":633519,"comment_status":"open","ping_status":"open","sticky":false,"template":"","format":"standard","meta":{"_monsterinsights_skip_tracking":false,"_monsterinsights_sitenote_active":false,"_monsterinsights_sitenote_note":"","_monsterinsights_sitenote_category":0,"footnotes":""},"categories":[5],"tags":[95185,211],"class_list":["post-633439","post","type-post","status-publish","format-standard","has-post-thumbnail","hentry","category-estado-de-mexico","tag-omar-ortega-alvarez","tag-prd"],"_links":{"self":[{"href":"https:\/\/www.diarioimagen.net\/index.php?rest_route=\/wp\/v2\/posts\/633439","targetHints":{"allow":["GET"]}}],"collection":[{"href":"https:\/\/www.diarioimagen.net\/index.php?rest_route=\/wp\/v2\/posts"}],"about":[{"href":"https:\/\/www.diarioimagen.net\/index.php?rest_route=\/wp\/v2\/types\/post"}],"author":[{"embeddable":true,"href":"https:\/\/www.diarioimagen.net\/index.php?rest_route=\/wp\/v2\/users\/3"}],"replies":[{"embeddable":true,"href":"https:\/\/www.diarioimagen.net\/index.php?rest_route=%2Fwp%2Fv2%2Fcomments&post=633439"}],"version-history":[{"count":0,"href":"https:\/\/www.diarioimagen.net\/index.php?rest_route=\/wp\/v2\/posts\/633439\/revisions"}],"wp:featuredmedia":[{"embeddable":true,"href":"https:\/\/www.diarioimagen.net\/index.php?rest_route=\/wp\/v2\/media\/633519"}],"wp:attachment":[{"href":"https:\/\/www.diarioimagen.net\/index.php?rest_route=%2Fwp%2Fv2%2Fmedia&parent=633439"}],"wp:term":[{"taxonomy":"category","embeddable":true,"href":"https:\/\/www.diarioimagen.net\/index.php?rest_route=%2Fwp%2Fv2%2Fcategories&post=633439"},{"taxonomy":"post_tag","embeddable":true,"href":"https:\/\/www.diarioimagen.net\/index.php?rest_route=%2Fwp%2Fv2%2Ftags&post=633439"}],"curies":[{"name":"wp","href":"https:\/\/api.w.org\/{rel}","templated":true}]}}