{"id":633442,"date":"2024-09-16T00:04:41","date_gmt":"2024-09-16T06:04:41","guid":{"rendered":"https:\/\/www.diarioimagen.net\/?p=633442"},"modified":"2024-09-16T00:31:32","modified_gmt":"2024-09-16T06:31:32","slug":"sigue-el-apoyo-a-familias-de-chalco-por-instruccion-gubernamental","status":"publish","type":"post","link":"https:\/\/www.diarioimagen.net\/?p=633442","title":{"rendered":"Sigue el apoyo a familias de Chalco por instrucci\u00f3n\u00a0gubernamental"},"content":{"rendered":"<p>&nbsp;<\/p>\n<p><a href=\"https:\/\/www.diarioimagen.net\/?attachment_id=633517\" rel=\"attachment wp-att-633517\"><img loading=\"lazy\" decoding=\"async\" class=\"aligncenter size-full wp-image-633517\" src=\"https:\/\/www.diarioimagen.net\/wp-content\/uploads\/2024\/09\/sigue-el-apoyo.jpg\" alt=\"\" width=\"460\" height=\"270\" srcset=\"https:\/\/www.diarioimagen.net\/wp-content\/uploads\/2024\/09\/sigue-el-apoyo.jpg 460w, https:\/\/www.diarioimagen.net\/wp-content\/uploads\/2024\/09\/sigue-el-apoyo-240x141.jpg 240w\" sizes=\"auto, (max-width: 460px) 100vw, 460px\" \/><\/a><\/p>\n<p>&nbsp;<\/p>\n<p><strong>Valle de M\u00e9xico.\u2014 <\/strong>Tras abatir los niveles de agua en las colonias Jacalones y Culturas de M\u00e9xico, en el municipio de Chalco, el gobierno del Estado de M\u00e9xico, encabezado por la maestra Delfina G\u00f3mez \u00c1lvarez, a trav\u00e9s de la Secretar\u00eda del Agua (SAGUA) y la Comisi\u00f3n del Agua del Estado de M\u00e9xico (CAEM), colabora con instancias federales y municipales en la construcci\u00f3n de dos c\u00e1rcamos para continuar con el plan de prevenci\u00f3n de anegaciones.<\/p>\n<p>La CAEM concluy\u00f3 la excavaci\u00f3n para el c\u00e1rcamo en la colonia Culturas de M\u00e9xico y realiz\u00f3 la extracci\u00f3n del agua que restaba del mismo; el Organismo P\u00fablico de Agua (ODAPAS) de Chalco coloc\u00f3 la estructura en dicho espacio.<\/p>\n","protected":false},"excerpt":{"rendered":"<p>Tras abatir los niveles de agua en las colonias Jacalones y Culturas de M\u00e9xico, en el municipio de Chalco, el gobierno del Estado de M\u00e9xico, encabezado por la maestra Delfina G\u00f3mez \u00c1lvarez, a trav\u00e9s de la Secretar\u00eda del Agua (SAGUA) y la Comisi\u00f3n del Agua del Estado de M\u00e9xico (CAEM), colabora con instancias federales y municipales en la construcci\u00f3n de dos c\u00e1rcamos para continuar con el plan de prevenci\u00f3n de anegaciones.<\/p>\n","protected":false},"author":3,"featured_media":633517,"comment_status":"open","ping_status":"open","sticky":false,"template":"","format":"standard","meta":{"_monsterinsights_skip_tracking":false,"_monsterinsights_sitenote_active":false,"_monsterinsights_sitenote_note":"","_monsterinsights_sitenote_category":0,"footnotes":""},"categories":[5],"tags":[541,100839,100838],"class_list":["post-633442","post","type-post","status-publish","format-standard","has-post-thumbnail","hentry","category-estado-de-mexico","tag-chalco","tag-gubernamental","tag-odapas"],"_links":{"self":[{"href":"https:\/\/www.diarioimagen.net\/index.php?rest_route=\/wp\/v2\/posts\/633442","targetHints":{"allow":["GET"]}}],"collection":[{"href":"https:\/\/www.diarioimagen.net\/index.php?rest_route=\/wp\/v2\/posts"}],"about":[{"href":"https:\/\/www.diarioimagen.net\/index.php?rest_route=\/wp\/v2\/types\/post"}],"author":[{"embeddable":true,"href":"https:\/\/www.diarioimagen.net\/index.php?rest_route=\/wp\/v2\/users\/3"}],"replies":[{"embeddable":true,"href":"https:\/\/www.diarioimagen.net\/index.php?rest_route=%2Fwp%2Fv2%2Fcomments&post=633442"}],"version-history":[{"count":0,"href":"https:\/\/www.diarioimagen.net\/index.php?rest_route=\/wp\/v2\/posts\/633442\/revisions"}],"wp:featuredmedia":[{"embeddable":true,"href":"https:\/\/www.diarioimagen.net\/index.php?rest_route=\/wp\/v2\/media\/633517"}],"wp:attachment":[{"href":"https:\/\/www.diarioimagen.net\/index.php?rest_route=%2Fwp%2Fv2%2Fmedia&parent=633442"}],"wp:term":[{"taxonomy":"category","embeddable":true,"href":"https:\/\/www.diarioimagen.net\/index.php?rest_route=%2Fwp%2Fv2%2Fcategories&post=633442"},{"taxonomy":"post_tag","embeddable":true,"href":"https:\/\/www.diarioimagen.net\/index.php?rest_route=%2Fwp%2Fv2%2Ftags&post=633442"}],"curies":[{"name":"wp","href":"https:\/\/api.w.org\/{rel}","templated":true}]}}