{"id":633580,"date":"2024-09-17T00:03:59","date_gmt":"2024-09-17T06:03:59","guid":{"rendered":"https:\/\/www.diarioimagen.net\/?p=633580"},"modified":"2024-09-18T00:11:58","modified_gmt":"2024-09-18T06:11:58","slug":"uaemex-fiel-promotora-de-valores-civicos-y-patrioticos-entre-su-comunidad-universitaria","status":"publish","type":"post","link":"https:\/\/www.diarioimagen.net\/?p=633580","title":{"rendered":"UAEM\u00e9x, fiel promotora de valores c\u00edvicos y patri\u00f3ticos\u00a0entre su comunidad universitaria"},"content":{"rendered":"<p>&nbsp;<\/p>\n<div id=\"attachment_633669\" style=\"width: 470px\" class=\"wp-caption aligncenter\"><a href=\"https:\/\/www.diarioimagen.net\/?attachment_id=633669\" rel=\"attachment wp-att-633669\"><img loading=\"lazy\" decoding=\"async\" aria-describedby=\"caption-attachment-633669\" class=\"size-full wp-image-633669\" src=\"https:\/\/www.diarioimagen.net\/wp-content\/uploads\/2024\/09\/uaem-fiel-promotora.jpg\" alt=\"\" width=\"460\" height=\"270\" srcset=\"https:\/\/www.diarioimagen.net\/wp-content\/uploads\/2024\/09\/uaem-fiel-promotora.jpg 460w, https:\/\/www.diarioimagen.net\/wp-content\/uploads\/2024\/09\/uaem-fiel-promotora-240x141.jpg 240w\" sizes=\"auto, (max-width: 460px) 100vw, 460px\" \/><\/a><p id=\"caption-attachment-633669\" class=\"wp-caption-text\">El rector de la UAEM\u00e9x, Carlos Eduardo Barrera D\u00edaz encabez\u00f3 la ceremonia de Abanderamiento y Entrega de Grados al Contingente C\u00edvico y Deportivo Universitario.<\/p><\/div>\n<p>&nbsp;<\/p>\n<p><strong>Toluca, Estado de M\u00e9xico.<\/strong>\u2014 El rector de la Universidad Aut\u00f3noma del Estado de M\u00e9xico (UAEM\u00e9x), Carlos Eduardo Barrera D\u00edaz encabez\u00f3 la ceremonia de Abanderamiento y Entrega de Grados al Contingente C\u00edvico y Deportivo Universitario en el Patio del Centenario del Edificio de Rector\u00eda.<\/p>\n<p>Barrera D\u00edaz entreg\u00f3 al Contingente que participar\u00e1 en el desfile c\u00edvico militar conmemorativo al 214\u00b0 aniversario del inicio de la Independencia de M\u00e9xico, la bandera Nacional, la bandera institucional y el bander\u00edn a la escolta e integrantes de este conjunto.<\/p>\n<p>\u201cLos exhort\u00f3 a respetar y enaltecer con honor los s\u00edmbolos patrios y universitarios de esta instituci\u00f3n verde y oro, representarlos dignamente ser\u00e1 su tarea como integrantes de la comunidad universitaria, contamos con ustedes para continuar haciendo historia y seguir forjando la grandeza de M\u00e9xico\u201d, puntualiz\u00f3 Barrera D\u00edaz.<\/p>\n<p>Asimismo, hizo entrega de 17 grados, de los cuales, cuatro integrantes del Contingente recibieron el cargo de subteniente, dos de instructor, cuatro de sargento primero, dos de sargento segundo y cinco de cabo.<\/p>\n<p>Frente a integrantes del Gabinete Universitario y del Colegio de Directores, el secretario de Rector\u00eda, Marco Aurelio Cienfuegos Terr\u00f3n destac\u00f3 que la UAEM\u00e9x, como m\u00e1ximo centro del saber mexiquense, es fiel promotora de los valores c\u00edvicos y patri\u00f3ticos, por lo cual ha cultivado entre su comunidad un esp\u00edritu inquebrantable de lucha, con la convicci\u00f3n de que la reflexi\u00f3n cr\u00edtica y propuestas constructivas han impulsado las m\u00e1s grandes transformaciones en el pa\u00eds.<\/p>\n<p>En este sentido, resalt\u00f3 que en el marco de las celebraciones de la independencia mexicana, es necesario recordar los sacrificios individuales y colectivos del pueblo, as\u00ed como apreciar el valor de la libertad, por lo que la UAEM\u00e9x le conf\u00eda a este contingente la gran responsabilidad de representar sus principios y autonom\u00eda de manera digna.<\/p>\n<p>\u201cSu desempe\u00f1o les ha merecido esta oportunidad de mostrar a las y los mexiquenses que en la M\u00e1xima Casa de Estudios mexiquense existe amor por la patria, respeto a los s\u00edmbolos patrios y honor hacia los pr\u00f3ceres que nos heredaron esta naci\u00f3n\u201d, puntualiz\u00f3.<\/p>\n","protected":false},"excerpt":{"rendered":"<p>El rector de la Universidad Aut\u00f3noma del Estado de M\u00e9xico (UAEM\u00e9x), Carlos Eduardo Barrera D\u00edaz encabez\u00f3 la ceremonia de Abanderamiento y Entrega de Grados al Contingente C\u00edvico y Deportivo Universitario en el Patio del Centenario del Edificio de Rector\u00eda.<\/p>\n","protected":false},"author":3,"featured_media":633669,"comment_status":"open","ping_status":"open","sticky":false,"template":"","format":"standard","meta":{"_monsterinsights_skip_tracking":false,"_monsterinsights_sitenote_active":false,"_monsterinsights_sitenote_note":"","_monsterinsights_sitenote_category":0,"footnotes":""},"categories":[5],"tags":[54813,1490,94080],"class_list":["post-633580","post","type-post","status-publish","format-standard","has-post-thumbnail","hentry","category-estado-de-mexico","tag-comunidad","tag-universidad-autonoma-del-estado-de-mexico","tag-universitaria"],"_links":{"self":[{"href":"https:\/\/www.diarioimagen.net\/index.php?rest_route=\/wp\/v2\/posts\/633580","targetHints":{"allow":["GET"]}}],"collection":[{"href":"https:\/\/www.diarioimagen.net\/index.php?rest_route=\/wp\/v2\/posts"}],"about":[{"href":"https:\/\/www.diarioimagen.net\/index.php?rest_route=\/wp\/v2\/types\/post"}],"author":[{"embeddable":true,"href":"https:\/\/www.diarioimagen.net\/index.php?rest_route=\/wp\/v2\/users\/3"}],"replies":[{"embeddable":true,"href":"https:\/\/www.diarioimagen.net\/index.php?rest_route=%2Fwp%2Fv2%2Fcomments&post=633580"}],"version-history":[{"count":0,"href":"https:\/\/www.diarioimagen.net\/index.php?rest_route=\/wp\/v2\/posts\/633580\/revisions"}],"wp:featuredmedia":[{"embeddable":true,"href":"https:\/\/www.diarioimagen.net\/index.php?rest_route=\/wp\/v2\/media\/633669"}],"wp:attachment":[{"href":"https:\/\/www.diarioimagen.net\/index.php?rest_route=%2Fwp%2Fv2%2Fmedia&parent=633580"}],"wp:term":[{"taxonomy":"category","embeddable":true,"href":"https:\/\/www.diarioimagen.net\/index.php?rest_route=%2Fwp%2Fv2%2Fcategories&post=633580"},{"taxonomy":"post_tag","embeddable":true,"href":"https:\/\/www.diarioimagen.net\/index.php?rest_route=%2Fwp%2Fv2%2Ftags&post=633580"}],"curies":[{"name":"wp","href":"https:\/\/api.w.org\/{rel}","templated":true}]}}