{"id":633584,"date":"2024-09-17T00:01:53","date_gmt":"2024-09-17T06:01:53","guid":{"rendered":"https:\/\/www.diarioimagen.net\/?p=633584"},"modified":"2024-09-17T01:51:02","modified_gmt":"2024-09-17T07:51:02","slug":"guardia-de-honor-en-el-monumento-a-miguel-hidalgo-y-costilla","status":"publish","type":"post","link":"https:\/\/www.diarioimagen.net\/?p=633584","title":{"rendered":"Guardia de Honor en el Monumento a Miguel\u00a0Hidalgo\u00a0y\u00a0Costilla"},"content":{"rendered":"<p>&nbsp;<\/p>\n<ul>\n<li><em><strong>En la Secundaria Oficial No. 1 en la capital mexiquense<\/strong><\/em><\/li>\n<\/ul>\n<p><strong>\u00a0<\/strong><\/p>\n<div id=\"attachment_633708\" style=\"width: 470px\" class=\"wp-caption aligncenter\"><a href=\"https:\/\/www.diarioimagen.net\/?attachment_id=633708\" rel=\"attachment wp-att-633708\"><img loading=\"lazy\" decoding=\"async\" aria-describedby=\"caption-attachment-633708\" class=\"size-full wp-image-633708\" src=\"https:\/\/www.diarioimagen.net\/wp-content\/uploads\/2024\/09\/guardia-de-honor-en-monumento.jpg\" alt=\"\" width=\"460\" height=\"270\" srcset=\"https:\/\/www.diarioimagen.net\/wp-content\/uploads\/2024\/09\/guardia-de-honor-en-monumento.jpg 460w, https:\/\/www.diarioimagen.net\/wp-content\/uploads\/2024\/09\/guardia-de-honor-en-monumento-240x141.jpg 240w\" sizes=\"auto, (max-width: 460px) 100vw, 460px\" \/><\/a><p id=\"caption-attachment-633708\" class=\"wp-caption-text\">La gobernadora Delfina G\u00f3mez \u00c1lvarez mont\u00f3 Guardia de Honor en el Monumento a Miguel Hidalgo y Costilla, ubicado en la Secundaria Oficial No. 1 en la ciudad de Toluca.<\/p><\/div>\n<p>&nbsp;<\/p>\n<p><strong>Toluca, Estado de M\u00e9xico.\u2014 <\/strong>En el marco del CCXIV Aniversario de la Independencia de M\u00e9xico, la gobernadora Delfina G\u00f3mez \u00c1lvarez mont\u00f3 Guardia de Honor en el Monumento a Miguel Hidalgo y Costilla, ubicado en la Secundaria Oficial No. 1 en la ciudad de Toluca.<\/p>\n<p>\u201cPrevio al Desfile C\u00edvico-Militar, encabec\u00e9 la Guardia de Honor Solemne Conmemorativa por el CCXIV Aniversario del Inicio de la Independencia de M\u00e9xico. Honramos la memoria de Miguel Hidalgo y Costilla, nuestro Padre de la Patria. <em>#ElPoderDeServir<\/em> <em>#FiestasPatriasEdoM\u00e9x<\/em> <em>#VivaEdoM\u00e9x<\/em>\u201d public\u00f3 la Gobernadora Delfina G\u00f3mez \u00c1lvarez en sus redes sociales.<\/p>\n<p>La Mandataria mexiquense estuvo acompa\u00f1ada por Horacio Duarte Olivares, Secretario General de Gobierno del Estado de M\u00e9xico;\u00a0Ricardo Alfredo Sodi Cuellar, Presidente del Tribunal Superior de Justicia y del Consejo de la Judicatura del Poder Judicial del Estado de M\u00e9xico; Maurilio Hern\u00e1ndez Gonz\u00e1lez, Presidente de la Mesa Directiva de la LXII Legislatura del Estado de M\u00e9xico;\u00a0y\u00a0Jos\u00e9 Francisco V\u00e1zquez Rodr\u00edguez, Presidente de la Junta de Coordinaci\u00f3n Pol\u00edtica de la LXII Legislatura del Estado de M\u00e9xico.<\/p>\n<p>As\u00ed como por Jos\u00e9 Mart\u00edn Luna de la Luz, Comandante de la 22\u00aa Zona Militar; Jos\u00e9 Luis Cervantes Mart\u00ednez, Fiscal General de Justicia del Estado de M\u00e9xico; Juan Maccise Naime, Presidente Municipal de Toluca; e integrantes del Gabinete legal y ampliado.<\/p>\n","protected":false},"excerpt":{"rendered":"<p>En el marco del CCXIV Aniversario de la Independencia de M\u00e9xico, la gobernadora Delfina G\u00f3mez \u00c1lvarez mont\u00f3 Guardia de Honor en el Monumento a Miguel Hidalgo y Costilla, ubicado en la Secundaria Oficial No. 1 en la ciudad de Toluca.<\/p>\n","protected":false},"author":3,"featured_media":633708,"comment_status":"open","ping_status":"open","sticky":false,"template":"","format":"standard","meta":{"_monsterinsights_skip_tracking":false,"_monsterinsights_sitenote_active":false,"_monsterinsights_sitenote_note":"","_monsterinsights_sitenote_category":0,"footnotes":""},"categories":[5,99730],"tags":[57859,83314,9745],"class_list":["post-633584","post","type-post","status-publish","format-standard","has-post-thumbnail","hentry","category-estado-de-mexico","category-edomex","tag-delfina-gomez-alvarez","tag-guardia","tag-independencia-de-mexico"],"_links":{"self":[{"href":"https:\/\/www.diarioimagen.net\/index.php?rest_route=\/wp\/v2\/posts\/633584","targetHints":{"allow":["GET"]}}],"collection":[{"href":"https:\/\/www.diarioimagen.net\/index.php?rest_route=\/wp\/v2\/posts"}],"about":[{"href":"https:\/\/www.diarioimagen.net\/index.php?rest_route=\/wp\/v2\/types\/post"}],"author":[{"embeddable":true,"href":"https:\/\/www.diarioimagen.net\/index.php?rest_route=\/wp\/v2\/users\/3"}],"replies":[{"embeddable":true,"href":"https:\/\/www.diarioimagen.net\/index.php?rest_route=%2Fwp%2Fv2%2Fcomments&post=633584"}],"version-history":[{"count":0,"href":"https:\/\/www.diarioimagen.net\/index.php?rest_route=\/wp\/v2\/posts\/633584\/revisions"}],"wp:featuredmedia":[{"embeddable":true,"href":"https:\/\/www.diarioimagen.net\/index.php?rest_route=\/wp\/v2\/media\/633708"}],"wp:attachment":[{"href":"https:\/\/www.diarioimagen.net\/index.php?rest_route=%2Fwp%2Fv2%2Fmedia&parent=633584"}],"wp:term":[{"taxonomy":"category","embeddable":true,"href":"https:\/\/www.diarioimagen.net\/index.php?rest_route=%2Fwp%2Fv2%2Fcategories&post=633584"},{"taxonomy":"post_tag","embeddable":true,"href":"https:\/\/www.diarioimagen.net\/index.php?rest_route=%2Fwp%2Fv2%2Ftags&post=633584"}],"curies":[{"name":"wp","href":"https:\/\/api.w.org\/{rel}","templated":true}]}}