{"id":633598,"date":"2024-09-17T00:01:44","date_gmt":"2024-09-17T06:01:44","guid":{"rendered":"https:\/\/www.diarioimagen.net\/?p=633598"},"modified":"2024-09-17T23:54:31","modified_gmt":"2024-09-18T05:54:31","slug":"caneros-exigen-una-indemnizacion-a-sedena-por-perdidas-en-cosechas","status":"publish","type":"post","link":"https:\/\/www.diarioimagen.net\/?p=633598","title":{"rendered":"Ca\u00f1eros exigen una indemnizaci\u00f3n a Sedena por\u00a0p\u00e9rdidas en cosechas"},"content":{"rendered":"<p>&nbsp;<\/p>\n<h2 style=\"text-align: center;\">Quieren m\u00e1s de 50 millones de pesos<\/h2>\n<p>&nbsp;<\/p>\n<ul>\n<li><strong><em>Denuncian inundaciones a consecuencia de la construcci\u00f3n del Tren Maya<\/em><\/strong><\/li>\n<\/ul>\n<p><strong>\u00a0<\/strong><\/p>\n<div id=\"attachment_633681\" style=\"width: 470px\" class=\"wp-caption aligncenter\"><a href=\"https:\/\/www.diarioimagen.net\/?attachment_id=633681\" rel=\"attachment wp-att-633681\"><img loading=\"lazy\" decoding=\"async\" aria-describedby=\"caption-attachment-633681\" class=\"size-full wp-image-633681\" src=\"https:\/\/www.diarioimagen.net\/wp-content\/uploads\/2024\/09\/caneros-exigen.jpg\" alt=\"\" width=\"460\" height=\"270\" srcset=\"https:\/\/www.diarioimagen.net\/wp-content\/uploads\/2024\/09\/caneros-exigen.jpg 460w, https:\/\/www.diarioimagen.net\/wp-content\/uploads\/2024\/09\/caneros-exigen-240x141.jpg 240w\" sizes=\"auto, (max-width: 460px) 100vw, 460px\" \/><\/a><p id=\"caption-attachment-633681\" class=\"wp-caption-text\">Ca\u00f1eros contin\u00faan negociando con la Sedena, a fin de obtener una indemnizaci\u00f3n por el da\u00f1o a sus cosechas por las obras del Tren Maya.<\/p><\/div>\n<p>&nbsp;<\/p>\n<p><strong>Canc\u00fan.\u2014<\/strong> El dirigente de la Confederaci\u00f3n Nacional de Productores Ca\u00f1eros (CNPR) Benjam\u00edn Guti\u00e9rrez Reyes inform\u00f3 que contin\u00faan negociando con la Secretar\u00eda de la Defensa Nacional (Sedena), a fin de obtener una indemnizaci\u00f3n por las m\u00e1s de mil hect\u00e1reas de cosechas que fueron afectadas por la obstrucci\u00f3n de los drenes que exist\u00edan y que fueron retirados para las obras del Tren Maya.<\/p>\n<p>Explic\u00f3 que los canales naturales que ten\u00edan en los sembrad\u00edos de la ca\u00f1a de az\u00facar permit\u00edan que la lluvia no se estancara en la tierra, pero a ra\u00edz de los trabajos del Tren Maya estas salidas quedaron tapadas, da\u00f1ando la producci\u00f3n que ten\u00edan lista para corte y molienda.<\/p>\n<p>En este caso, est\u00e1n demandado una compensaci\u00f3n econ\u00f3mica de m\u00e1s de 50 millones de pesos. \u201cEs un problemita que traemos con la Sedena, ya se est\u00e1 platicando y se le va a pagar a todos los productores que fueron afectados, hemos tenido dos o tres di\u00e1logos, no se han puesto en un plan negativo sino est\u00e1n participativos en los di\u00e1logos y se les va a pagar, estamos haciendo un c\u00e1lculo y son como 50 mil pesos por cada hect\u00e1rea y la afectaci\u00f3n fue en\u00a0 m\u00e1s de mil hect\u00e1reas, no hay una fecha para recibir el pago pero ya se ha hecho la estimaci\u00f3n de todo lo que se invierte a una hect\u00e1rea de ca\u00f1a y todav\u00eda no hay fecha.\u201d<\/p>\n<p>A esto agrega que tienen confianza en que ir\u00e1n avanzando en los acuerdos y lograr\u00e1n que en breve comiencen a pagarles, sin embargo, no descart\u00f3 que en caso de que les den largas, recurrir\u00edan a bloqueos como medida de presi\u00f3n.<\/p>\n<p>Mientras tanto, para evitar que esta situaci\u00f3n se repita, la Sedena est\u00e1 haciendo trabajos para modificar algunos de estos drenes que se taparon e hicieron caminos para poder reubicarlos \u201cYa los est\u00e1n modificando, de hecho caminos que nos hab\u00edan tapado ya hicieron caminos nuevos, los est\u00e1n reubicando, lo que pasa es que los hicieron donde no era, la gente que hizo el levantamiento no sabe y les fall\u00f3 pero ya los est\u00e1n cambiando, recordemos que la Sedena pues no conoce toda esa parte de por ah\u00ed pero hay el compromiso de modificar y ponerlos donde realmente pasa el agua.\u201d dijo Guti\u00e9rrez Reyes.<\/p>\n<p style=\"text-align: center;\"><strong>Otros 88 predios expropiados<\/strong><\/p>\n<p>Por otro lado, se public\u00f3 en el Diario Oficial de la Federaci\u00f3n (DOF) un decret\u00f3 en el que 88 predios son expropiados en la ruta que seguir\u00e1 el Tren Maya, sumando 62 hect\u00e1reas que ser\u00e1n usadas para instalar las v\u00edas de esta obra federal, que correspondes a los tramos 2, 3, 5, 6 y 7.<\/p>\n<p>En el DOF, se detalla que la raz\u00f3n por la cual se efectuar\u00e1n estos mecanismos, es por \u201ccausa de utilidad p\u00fablica\u201d, un recurso utilizado frecuentemente para acelerar los proyectos estrat\u00e9gicos de infraestructura.<\/p>\n<p>Cabe mencionar, que a lo largo de la construcci\u00f3n del Tren Maya, han sido muchos terrenos expropiados y entidad donde m\u00e1s predios pasar\u00e1n a propiedad federal es Quintana Roo, donde 29 formar\u00e1n parte de esta entidad, 16 de estos en el municipio de Oth\u00f3n P. Blanco (Chetumal), dentro del tramo 6 del Tren Maya, que tambi\u00e9n impacta a Felipe Carrillo Puerto.<\/p>\n<p>En Tulum y Solidaridad, como parte del tramo 5, se expropiar\u00edan seis predios; mientras en Campeche, los municipios, donde se llevar\u00e1n a cabo dichas expropiaciones, est\u00e1n: Esc\u00e1rcega, Hecelchak\u00e1n, Champot\u00f3n y Calakmul, as\u00ed tambi\u00e9n en Yucat\u00e1n, la situaci\u00f3n es similar, pero en los poblados de Chochol\u00e1, M\u00e9rida, Um\u00e1n, Kanas\u00edn, Tixp\u00e9hual y Cacalch\u00e9n, cita el documento.<\/p>\n","protected":false},"excerpt":{"rendered":"<p>El dirigente de la Confederaci\u00f3n Nacional de Productores Ca\u00f1eros (CNPR) Benjam\u00edn Guti\u00e9rrez Reyes inform\u00f3 que contin\u00faan negociando con la Secretar\u00eda de la Defensa Nacional (Sedena), a fin de obtener una indemnizaci\u00f3n por las m\u00e1s de mil hect\u00e1reas de cosechas que fueron afectadas por la obstrucci\u00f3n de los drenes que exist\u00edan y que fueron retirados para las obras del Tren Maya.<\/p>\n","protected":false},"author":3,"featured_media":633681,"comment_status":"open","ping_status":"open","sticky":false,"template":"","format":"standard","meta":{"_monsterinsights_skip_tracking":false,"_monsterinsights_sitenote_active":false,"_monsterinsights_sitenote_note":"","_monsterinsights_sitenote_category":0,"footnotes":""},"categories":[17,8],"tags":[817,82496,100844,76415],"class_list":["post-633598","post","type-post","status-publish","format-standard","has-post-thumbnail","hentry","category-especiales","category-finanzas","tag-cancun","tag-caneros","tag-inbdemnizacion","tag-tren-maya"],"_links":{"self":[{"href":"https:\/\/www.diarioimagen.net\/index.php?rest_route=\/wp\/v2\/posts\/633598","targetHints":{"allow":["GET"]}}],"collection":[{"href":"https:\/\/www.diarioimagen.net\/index.php?rest_route=\/wp\/v2\/posts"}],"about":[{"href":"https:\/\/www.diarioimagen.net\/index.php?rest_route=\/wp\/v2\/types\/post"}],"author":[{"embeddable":true,"href":"https:\/\/www.diarioimagen.net\/index.php?rest_route=\/wp\/v2\/users\/3"}],"replies":[{"embeddable":true,"href":"https:\/\/www.diarioimagen.net\/index.php?rest_route=%2Fwp%2Fv2%2Fcomments&post=633598"}],"version-history":[{"count":0,"href":"https:\/\/www.diarioimagen.net\/index.php?rest_route=\/wp\/v2\/posts\/633598\/revisions"}],"wp:featuredmedia":[{"embeddable":true,"href":"https:\/\/www.diarioimagen.net\/index.php?rest_route=\/wp\/v2\/media\/633681"}],"wp:attachment":[{"href":"https:\/\/www.diarioimagen.net\/index.php?rest_route=%2Fwp%2Fv2%2Fmedia&parent=633598"}],"wp:term":[{"taxonomy":"category","embeddable":true,"href":"https:\/\/www.diarioimagen.net\/index.php?rest_route=%2Fwp%2Fv2%2Fcategories&post=633598"},{"taxonomy":"post_tag","embeddable":true,"href":"https:\/\/www.diarioimagen.net\/index.php?rest_route=%2Fwp%2Fv2%2Ftags&post=633598"}],"curies":[{"name":"wp","href":"https:\/\/api.w.org\/{rel}","templated":true}]}}