{"id":633747,"date":"2024-09-18T00:03:58","date_gmt":"2024-09-18T06:03:58","guid":{"rendered":"https:\/\/www.diarioimagen.net\/?p=633747"},"modified":"2024-09-18T21:18:05","modified_gmt":"2024-09-19T03:18:05","slug":"refuerzan-la-promocion-de-destinos-quintanarroenses-en-estados-unidos","status":"publish","type":"post","link":"https:\/\/www.diarioimagen.net\/?p=633747","title":{"rendered":"Refuerzan la promoci\u00f3n de destinos quintanarroenses en Estados Unidos"},"content":{"rendered":"<p>&nbsp;<\/p>\n<h2 style=\"text-align: center;\">Para las vacaciones de invierno<\/h2>\n<p><em>\u00a0<\/em><\/p>\n<ul>\n<li><strong><em>H<\/em><\/strong><em><strong>oteleros y prestadores de servicios viajan a Houston, Naperville, Dallas y Chicago<\/strong> <\/em><\/li>\n<\/ul>\n<p><strong>\u00a0<\/strong><\/p>\n<div id=\"attachment_633847\" style=\"width: 470px\" class=\"wp-caption aligncenter\"><a href=\"https:\/\/www.diarioimagen.net\/?attachment_id=633847\" rel=\"attachment wp-att-633847\"><img loading=\"lazy\" decoding=\"async\" aria-describedby=\"caption-attachment-633847\" class=\"size-full wp-image-633847\" src=\"https:\/\/www.diarioimagen.net\/wp-content\/uploads\/2024\/09\/refuerzan-promocion.jpg\" alt=\"\" width=\"460\" height=\"270\" srcset=\"https:\/\/www.diarioimagen.net\/wp-content\/uploads\/2024\/09\/refuerzan-promocion.jpg 460w, https:\/\/www.diarioimagen.net\/wp-content\/uploads\/2024\/09\/refuerzan-promocion-240x141.jpg 240w\" sizes=\"auto, (max-width: 460px) 100vw, 460px\" \/><\/a><p id=\"caption-attachment-633847\" class=\"wp-caption-text\">Hoteleros y prestadores de servicios tur\u00edsticos llevaron a cabo un Roadshow del Caribe Mexicano en los Estados Unidos.<\/p><\/div>\n<p>&nbsp;<\/p>\n<p><strong>Canc\u00fan.\u2014<\/strong> Hoteleros y prestadores de servicios tur\u00edsticos llevaron a cabo un Roadshow del Caribe Mexicano en los Estados Unidos con el objetivo de promocionar los destinos quintanarroenses y captar este mercado de cara a las vacaciones de invierno.<\/p>\n<p>La directora de Promoci\u00f3n de la Asociaci\u00f3n de Hoteles de Canc\u00fan, Puerto Morelos e Isla Mujeres, Rebeca Bravo, explic\u00f3 que en coordinaci\u00f3n con 19 hoteles y proveedores tur\u00edsticos de Quintana Roo, adem\u00e1s del Consejo de Promoci\u00f3n Tur\u00edstica estatal, asistieron a un encuentro en varios puntos del pa\u00eds vecino del norte a fin de promover los atractivos de la entidad.<\/p>\n<p>\u201cEstuvimos por Houston, Dallas, Chicago y Naperville, presentando lo m\u00e1s destacado del Caribe mexicano\u201d, dijo.<\/p>\n<p>Se present\u00f3 una oferta no s\u00f3lo del concepto de hoteles de sol y playa, sino tambi\u00e9n la oferta del centro, as\u00ed como otros destinos como Cozumel, para los cruceristas \u201cLa finalidad es captar mercados para la temporada vacacional de invierno\u201d, dijo.<\/p>\n<p>En este marco, adelanta que se esperan repuntes de arriba de 80%, luego de que en temporada baja se est\u00e1 por debajo de 60%, cifra que no pudieron alcanzar ni con las fiestas patrias.<\/p>\n<p>La Secretar\u00eda de Turismo de Quintana Roo refiere que el mercado estadunidense representa el 40% de la llegada de visitantes hacia la entidad, ubic\u00e1ndose como el principal, por ello es importante mantener presencia mediante la campa\u00f1a La Nueva Era.<\/p>\n<p>\u201cSe suma a todo un trabajo que se est\u00e1 realizando en varias partes para captar m\u00e1s turismo no solo de Estados Unidos, sino tambi\u00e9n a nivel nacional y la participaci\u00f3n en las ferias tur\u00edsticas en Sudam\u00e9rica que ser\u00e1n a fin de mes\u201d, concluy\u00f3 Bravo.<\/p>\n<p style=\"text-align: center;\"><strong>Celebran <em>Wine Fest <\/em>del Hotel Hilton<\/strong><\/p>\n<p>Se realiza el <em>Wine Fest<\/em> del Hotel Hilton Canc\u00fan Mar Caribe con la posibilidad de ser parte de una gran fiesta de sabor, gracias a la degustaci\u00f3n de un delicioso asado de cortes a la parrilla al estilo argentino, incluyendo hasta el famoso Ronqueo de at\u00fan, informaron los organizadores.<\/p>\n<p>Este complejo tur\u00edstico se encuentra en el Kil\u00f3metro 17 de la zona Hotelera de Canc\u00fan y abri\u00f3 sus puertas a grandes experiencias culinarias, con precios accesibles para degustar diversos platillos de at\u00fan, mismos que ya han sido probados por decenas de clientes en los \u00faltimos d\u00edas.<\/p>\n<p>Asimismo, diversas etiquetas vin\u00edcolas de varias regiones de M\u00e9xico y el mundo acompa\u00f1an cada una de las experiencias culinarias tematizadas que van desde una degustaci\u00f3n de tapas y paella directo de Espa\u00f1a, pasando por los cortes argentinos y hasta el famoso Ronqueo de at\u00fan.<\/p>\n<p>El chef Jos\u00e9 Nu\u00f1ez Gonz\u00e1lez, del restaurante Noriku del hotel Hilton Canc\u00fan Mar Caribe, comparti\u00f3 \u201cRonqueo es diseccionar el pescado y sacar las partes que vamos a degustar, se le llama ronqueo por el sonido que hace el cuchillo al rozar la espina del pescado, simula el sonido de cuando uno ronca\u201d.<\/p>\n<p>En este marco, el ronqueo se ha vuelto una moda y se hace mayormente en ocasiones especiales. \u201cEl at\u00fan tiene cuatro lomos, el posterior que es la parte de sabor m\u00e1s suave y lo que encontramos en el supermercado, el toro o lomo inferior que es la parte m\u00e1s rica del at\u00fan, tiene m\u00e1s grasa y su sabor es m\u00e1s fuerte y la ventresca que es la parte m\u00e1s cercana a la cabeza y de un sabor muy exclusivo\u201d, dijo.<\/p>\n<p>Por su parte, Leonardo Trujillo, chef ejecutivo de la propiedad, invit\u00f3 al p\u00fablico a no perderse este gran festival gastron\u00f3mico el \u00faltimo viernes de cada mes \u201cTenemos una playa espectacular pero tambi\u00e9n una gastronom\u00eda muy buena y queremos que Canc\u00fan, que pen\u00ednsula y que todo el mundo lo sepa, por eso decidimos abrir las puertas a locales, con un costo accesible por una oferta de calidad, lo mismo que ofrecemos a nuestros hu\u00e9spedes\u201d, concluy\u00f3.<\/p>\n","protected":false},"excerpt":{"rendered":"<p>Hoteleros y prestadores de servicios tur\u00edsticos llevaron a cabo un Roadshow del Caribe Mexicano en los Estados Unidos con el objetivo de promocionar los destinos quintanarroenses y captar este mercado de cara a las vacaciones de invierno.<\/p>\n","protected":false},"author":3,"featured_media":633847,"comment_status":"open","ping_status":"open","sticky":false,"template":"","format":"standard","meta":{"_monsterinsights_skip_tracking":false,"_monsterinsights_sitenote_active":false,"_monsterinsights_sitenote_note":"","_monsterinsights_sitenote_category":0,"footnotes":""},"categories":[17,11],"tags":[97521,100846,1250,43681],"class_list":["post-633747","post","type-post","status-publish","format-standard","has-post-thumbnail","hentry","category-especiales","category-turismo","tag-destinos","tag-promocionan","tag-quintana-roo","tag-turismo"],"_links":{"self":[{"href":"https:\/\/www.diarioimagen.net\/index.php?rest_route=\/wp\/v2\/posts\/633747","targetHints":{"allow":["GET"]}}],"collection":[{"href":"https:\/\/www.diarioimagen.net\/index.php?rest_route=\/wp\/v2\/posts"}],"about":[{"href":"https:\/\/www.diarioimagen.net\/index.php?rest_route=\/wp\/v2\/types\/post"}],"author":[{"embeddable":true,"href":"https:\/\/www.diarioimagen.net\/index.php?rest_route=\/wp\/v2\/users\/3"}],"replies":[{"embeddable":true,"href":"https:\/\/www.diarioimagen.net\/index.php?rest_route=%2Fwp%2Fv2%2Fcomments&post=633747"}],"version-history":[{"count":0,"href":"https:\/\/www.diarioimagen.net\/index.php?rest_route=\/wp\/v2\/posts\/633747\/revisions"}],"wp:featuredmedia":[{"embeddable":true,"href":"https:\/\/www.diarioimagen.net\/index.php?rest_route=\/wp\/v2\/media\/633847"}],"wp:attachment":[{"href":"https:\/\/www.diarioimagen.net\/index.php?rest_route=%2Fwp%2Fv2%2Fmedia&parent=633747"}],"wp:term":[{"taxonomy":"category","embeddable":true,"href":"https:\/\/www.diarioimagen.net\/index.php?rest_route=%2Fwp%2Fv2%2Fcategories&post=633747"},{"taxonomy":"post_tag","embeddable":true,"href":"https:\/\/www.diarioimagen.net\/index.php?rest_route=%2Fwp%2Fv2%2Ftags&post=633747"}],"curies":[{"name":"wp","href":"https:\/\/api.w.org\/{rel}","templated":true}]}}