{"id":633756,"date":"2024-09-18T00:08:26","date_gmt":"2024-09-18T06:08:26","guid":{"rendered":"https:\/\/www.diarioimagen.net\/?p=633756"},"modified":"2024-09-18T21:18:56","modified_gmt":"2024-09-19T03:18:56","slug":"conmemoro-uaemex-68-aniversario-luctuoso-de-horacio-zuniga-anaya","status":"publish","type":"post","link":"https:\/\/www.diarioimagen.net\/?p=633756","title":{"rendered":"Conmemor\u00f3 UAEM\u00e9x 68 aniversario luctuoso de Horacio Z\u00fa\u00f1iga Anaya"},"content":{"rendered":"<p>&nbsp;<\/p>\n<p><a href=\"https:\/\/www.diarioimagen.net\/?attachment_id=633842\" rel=\"attachment wp-att-633842\"><img loading=\"lazy\" decoding=\"async\" class=\"aligncenter size-full wp-image-633842\" src=\"https:\/\/www.diarioimagen.net\/wp-content\/uploads\/2024\/09\/uaem-conmemoro.jpg\" alt=\"\" width=\"460\" height=\"270\" srcset=\"https:\/\/www.diarioimagen.net\/wp-content\/uploads\/2024\/09\/uaem-conmemoro.jpg 460w, https:\/\/www.diarioimagen.net\/wp-content\/uploads\/2024\/09\/uaem-conmemoro-240x141.jpg 240w\" sizes=\"auto, (max-width: 460px) 100vw, 460px\" \/><\/a><\/p>\n<p>&nbsp;<\/p>\n<p><strong>Toluca, Estado de M\u00e9xico.\u2014<\/strong> La obra de Horacio Z\u00fa\u00f1iga Anaya es universal como la universidad misma, afirm\u00f3 el acad\u00e9mico de la Universidad Aut\u00f3noma del Estado de M\u00e9xico (UAEM\u00e9x), Ricardo Joya Cepeda, durante la ceremonia conmemorativa al 68 aniversario luctuoso del escritor, periodista, docente y orador, que encabez\u00f3 el rector Carlos Eduardo Barrera D\u00edaz.<\/p>\n<p>En este evento, que se llev\u00f3 a cabo en el Aula Magna \u201cLic. Adolfo L\u00f3pez Mateos\u201d, Joya Cepeda record\u00f3 que Z\u00fa\u00f1iga Anaya \u201cdio al Instituto Cient\u00edfico y Literario, a la UAEM\u00e9x, en el marco de su primer centenario, en 1928, uno de sus tesoros m\u00e1s preciados, que sintetizan de manera po\u00e9tica y excelsa su identidad, nuestro himno universitario\u201d.<\/p>\n<p>Asimismo, asever\u00f3 que junto con Andr\u00e9s Molina Enr\u00edquez, Jos\u00e9 Vasconcelos y Gustavo Baz Prada, Horacio Z\u00fa\u00f1iga fue uno de los alumnos m\u00e1s destacados del Instituto. Como estudiante tuvo una visi\u00f3n cr\u00edtica y vanguardista que contribuy\u00f3, sin duda, al progreso del Instituto.<\/p>\n<p>De igual manera, destac\u00f3 que su vocaci\u00f3n cultural y humanista le llevaron a fundar en 1916 la revista Juventud, cuando era un joven de solo 20 a\u00f1os, publicaci\u00f3n en la que compart\u00eda la visi\u00f3n de un grupo cultural, que de acuerdo con Inocente Pe\u00f1aloza, quien fuera cronista de la UAEM\u00e9x, tambi\u00e9n estuvo conformado por el poeta Enrique Carniado, el arquitecto Vicente Mendiola Quezada y el pintor Pastor Vel\u00e1zquez, de quienes tom\u00f3 y abrev\u00f3 conocimiento y motivaci\u00f3n.<\/p>\n<p>Indic\u00f3 que como docente de instituciones como la Escuela Normal de Maestros, la Escuela Nacional de Comercio, El Colegio Mexicano y el Instituto Cient\u00edfico y Literario de Toluca, Z\u00fa\u00f1iga ejerci\u00f3 la labor principal de un docente: inspirar a sus alumnos.<\/p>\n<p>Finalmente, Ricardo Joya Cepeda sostuvo que parte de su pensamiento y coraz\u00f3n trascendi\u00f3 en las mentes de Octavio Paz, de Jos\u00e9 Mu\u00f1oz Cota y de j\u00f3venes que se formaron en la Escuela Nacional Preparatoria.<\/p>\n","protected":false},"excerpt":{"rendered":"<p>La obra de Horacio Z\u00fa\u00f1iga Anaya es universal como la universidad misma, afirm\u00f3 el acad\u00e9mico de la Universidad Aut\u00f3noma del Estado de M\u00e9xico (UAEM\u00e9x), Ricardo Joya Cepeda, durante la ceremonia conmemorativa al 68 aniversario luctuoso del escritor, periodista, docente y orador, que encabez\u00f3 el rector Carlos Eduardo Barrera D\u00edaz.<\/p>\n","protected":false},"author":3,"featured_media":633842,"comment_status":"open","ping_status":"open","sticky":false,"template":"","format":"standard","meta":{"_monsterinsights_skip_tracking":false,"_monsterinsights_sitenote_active":false,"_monsterinsights_sitenote_note":"","_monsterinsights_sitenote_category":0,"footnotes":""},"categories":[5],"tags":[91454,97328,67878],"class_list":["post-633756","post","type-post","status-publish","format-standard","has-post-thumbnail","hentry","category-estado-de-mexico","tag-horacio-zuniga-anaya","tag-luctuoso","tag-uaemex"],"_links":{"self":[{"href":"https:\/\/www.diarioimagen.net\/index.php?rest_route=\/wp\/v2\/posts\/633756","targetHints":{"allow":["GET"]}}],"collection":[{"href":"https:\/\/www.diarioimagen.net\/index.php?rest_route=\/wp\/v2\/posts"}],"about":[{"href":"https:\/\/www.diarioimagen.net\/index.php?rest_route=\/wp\/v2\/types\/post"}],"author":[{"embeddable":true,"href":"https:\/\/www.diarioimagen.net\/index.php?rest_route=\/wp\/v2\/users\/3"}],"replies":[{"embeddable":true,"href":"https:\/\/www.diarioimagen.net\/index.php?rest_route=%2Fwp%2Fv2%2Fcomments&post=633756"}],"version-history":[{"count":0,"href":"https:\/\/www.diarioimagen.net\/index.php?rest_route=\/wp\/v2\/posts\/633756\/revisions"}],"wp:featuredmedia":[{"embeddable":true,"href":"https:\/\/www.diarioimagen.net\/index.php?rest_route=\/wp\/v2\/media\/633842"}],"wp:attachment":[{"href":"https:\/\/www.diarioimagen.net\/index.php?rest_route=%2Fwp%2Fv2%2Fmedia&parent=633756"}],"wp:term":[{"taxonomy":"category","embeddable":true,"href":"https:\/\/www.diarioimagen.net\/index.php?rest_route=%2Fwp%2Fv2%2Fcategories&post=633756"},{"taxonomy":"post_tag","embeddable":true,"href":"https:\/\/www.diarioimagen.net\/index.php?rest_route=%2Fwp%2Fv2%2Ftags&post=633756"}],"curies":[{"name":"wp","href":"https:\/\/api.w.org\/{rel}","templated":true}]}}