{"id":633764,"date":"2024-09-18T00:03:46","date_gmt":"2024-09-18T06:03:46","guid":{"rendered":"https:\/\/www.diarioimagen.net\/?p=633764"},"modified":"2024-09-18T03:00:37","modified_gmt":"2024-09-18T09:00:37","slug":"formaliza-sindicato-de-maestros-la-creacion-de-la-region-14-texcoco","status":"publish","type":"post","link":"https:\/\/www.diarioimagen.net\/?p=633764","title":{"rendered":"Formaliza Sindicato de Maestros la creaci\u00f3n de la Regi\u00f3n 14 Texcoco"},"content":{"rendered":"<p>&nbsp;<\/p>\n<ul>\n<li><em><strong>Firma del acta por parte de Marco Aurelio Carbajal<\/strong><\/em><\/li>\n<\/ul>\n<p>&nbsp;<\/p>\n<div id=\"attachment_633885\" style=\"width: 470px\" class=\"wp-caption aligncenter\"><a href=\"https:\/\/www.diarioimagen.net\/?attachment_id=633885\" rel=\"attachment wp-att-633885\"><img loading=\"lazy\" decoding=\"async\" aria-describedby=\"caption-attachment-633885\" class=\"size-full wp-image-633885\" src=\"https:\/\/www.diarioimagen.net\/wp-content\/uploads\/2024\/09\/formaliza-sindicato.jpg\" alt=\"\" width=\"460\" height=\"270\" srcset=\"https:\/\/www.diarioimagen.net\/wp-content\/uploads\/2024\/09\/formaliza-sindicato.jpg 460w, https:\/\/www.diarioimagen.net\/wp-content\/uploads\/2024\/09\/formaliza-sindicato-240x141.jpg 240w\" sizes=\"auto, (max-width: 460px) 100vw, 460px\" \/><\/a><p id=\"caption-attachment-633885\" class=\"wp-caption-text\">El SMSEM formaliz\u00f3 la creaci\u00f3n de la Regi\u00f3n Sindical N\u00famero 14-Texcoco, con la firma del acta correspondiente por parte del Secretario General, Marco Aurelio Carbajal Leyva.<\/p><\/div>\n<p>&nbsp;<\/p>\n<p><strong>Toluca, Estado de M\u00e9xico.\u2014<\/strong>El Sindicato de Maestros al Servicio del Estado de M\u00e9xico (SMSEM) formaliz\u00f3 la creaci\u00f3n de la Regi\u00f3n Sindical N\u00famero 14-Texcoco, con la firma del acta correspondiente por parte del Secretario General, Marco Aurelio Carbajal Leyva, en una ceremonia realizada en las Oficinas Centrales del SMSEM.<\/p>\n<p>El acto se llev\u00f3 a cabo en presencia del Comit\u00e9 Ejecutivo Estatal 2021-2024 y del Notario P\u00fablico n\u00famero 41, Arcadio Alberto S\u00e1nchez Henkel G\u00f3meztagle, y con ello, esta formalizaci\u00f3n responde a una solicitud del \u00d3rgano Electoral Independiente (OEI) 2024, encargado del proceso electoral para la renovaci\u00f3n de la dirigencia sindical 2024-2027.<\/p>\n<p>Luis L\u00f3pez Chantaca, presidente del OEI, pidi\u00f3 la redefinici\u00f3n de la zona oriente de la estructura sindical con el fin de actualizar el padr\u00f3n electoral de los docentes afiliados al SMSEM que participar\u00e1n en el pr\u00f3ximo proceso de elecci\u00f3n y contemplar a la nueva regi\u00f3n.<\/p>\n<p>La Regi\u00f3n 14-Texcoco, que estar\u00e1 integrada por los municipios de Texcoco, Chicoloapan y Chimalhuac\u00e1n oriente, beneficiar\u00e1 a m\u00e1s de 8,000 maestros.<\/p>\n<p>Este acuerdo cumple con lo establecido en el art\u00edculo quinto transitorio de los Estatutos recientemente actualizados, los cuales ordenaban la redistribuci\u00f3n gremial.<\/p>\n<p>Durante la sesi\u00f3n plenaria, Carbajal Leyva se\u00f1al\u00f3 que este logro es resultado de m\u00e1s de doce a\u00f1os de esfuerzos de los docentes de esta regi\u00f3n, que en su momento fue capital del Estado de M\u00e9xico.<\/p>\n<p>Asimismo, anunci\u00f3 que la nueva Casa Sindical de la regi\u00f3n se encuentra en construcci\u00f3n en un terreno de 3,000 m\u00b2, donado por el gobierno estatal, encabezado por Delfina G\u00f3mez \u00c1lvarez. La inauguraci\u00f3n de este nuevo espacio est\u00e1 proyectada para octubre de este a\u00f1o, antes de que concluya la actual administraci\u00f3n sindical.<\/p>\n","protected":false},"excerpt":{"rendered":"<p>El Sindicato de Maestros al Servicio del Estado de M\u00e9xico (SMSEM) formaliz\u00f3 la creaci\u00f3n de la Regi\u00f3n Sindical N\u00famero 14-Texcoco, con la firma del acta correspondiente por parte del Secretario General, Marco Aurelio Carbajal Leyva, en una ceremonia realizada en las Oficinas Centrales del SMSEM.<\/p>\n","protected":false},"author":3,"featured_media":633885,"comment_status":"open","ping_status":"open","sticky":false,"template":"","format":"standard","meta":{"_monsterinsights_skip_tracking":false,"_monsterinsights_sitenote_active":false,"_monsterinsights_sitenote_note":"","_monsterinsights_sitenote_category":0,"footnotes":""},"categories":[5],"tags":[43675,100128,75878,452],"class_list":["post-633764","post","type-post","status-publish","format-standard","has-post-thumbnail","hentry","category-estado-de-mexico","tag-estado-de-mexico","tag-oei","tag-sindicato-de-maestros","tag-toluca"],"_links":{"self":[{"href":"https:\/\/www.diarioimagen.net\/index.php?rest_route=\/wp\/v2\/posts\/633764","targetHints":{"allow":["GET"]}}],"collection":[{"href":"https:\/\/www.diarioimagen.net\/index.php?rest_route=\/wp\/v2\/posts"}],"about":[{"href":"https:\/\/www.diarioimagen.net\/index.php?rest_route=\/wp\/v2\/types\/post"}],"author":[{"embeddable":true,"href":"https:\/\/www.diarioimagen.net\/index.php?rest_route=\/wp\/v2\/users\/3"}],"replies":[{"embeddable":true,"href":"https:\/\/www.diarioimagen.net\/index.php?rest_route=%2Fwp%2Fv2%2Fcomments&post=633764"}],"version-history":[{"count":0,"href":"https:\/\/www.diarioimagen.net\/index.php?rest_route=\/wp\/v2\/posts\/633764\/revisions"}],"wp:featuredmedia":[{"embeddable":true,"href":"https:\/\/www.diarioimagen.net\/index.php?rest_route=\/wp\/v2\/media\/633885"}],"wp:attachment":[{"href":"https:\/\/www.diarioimagen.net\/index.php?rest_route=%2Fwp%2Fv2%2Fmedia&parent=633764"}],"wp:term":[{"taxonomy":"category","embeddable":true,"href":"https:\/\/www.diarioimagen.net\/index.php?rest_route=%2Fwp%2Fv2%2Fcategories&post=633764"},{"taxonomy":"post_tag","embeddable":true,"href":"https:\/\/www.diarioimagen.net\/index.php?rest_route=%2Fwp%2Fv2%2Ftags&post=633764"}],"curies":[{"name":"wp","href":"https:\/\/api.w.org\/{rel}","templated":true}]}}