{"id":633770,"date":"2024-09-18T00:01:41","date_gmt":"2024-09-18T06:01:41","guid":{"rendered":"https:\/\/www.diarioimagen.net\/?p=633770"},"modified":"2024-09-18T03:05:34","modified_gmt":"2024-09-18T09:05:34","slug":"refrenda-el-diputado-armando-navarrete-compromiso-por-la-justicia-y-democracia","status":"publish","type":"post","link":"https:\/\/www.diarioimagen.net\/?p=633770","title":{"rendered":"Refrenda el diputado Armando Navarrete compromiso por la justicia y democracia"},"content":{"rendered":"<p>&nbsp;<\/p>\n<p><a href=\"https:\/\/www.diarioimagen.net\/?attachment_id=633881\" rel=\"attachment wp-att-633881\"><img loading=\"lazy\" decoding=\"async\" class=\"aligncenter size-full wp-image-633881\" src=\"https:\/\/www.diarioimagen.net\/wp-content\/uploads\/2024\/09\/refrenda-diputado.jpg\" alt=\"\" width=\"460\" height=\"270\" srcset=\"https:\/\/www.diarioimagen.net\/wp-content\/uploads\/2024\/09\/refrenda-diputado.jpg 460w, https:\/\/www.diarioimagen.net\/wp-content\/uploads\/2024\/09\/refrenda-diputado-240x141.jpg 240w\" sizes=\"auto, (max-width: 460px) 100vw, 460px\" \/><\/a><\/p>\n<p>&nbsp;<\/p>\n<p><strong>Toluca, Estado de M\u00e9xico.\u2014 <\/strong>El diputado local Armando Navarrete L\u00f3pez, refrend\u00f3 su compromiso con la justicia y la democratizaci\u00f3n del Poder Judicial, al votar a favor de la reforma al Poder Judicial, que eliminar\u00e1 privilegios de jueces, magistrados y ministros y lo pondr\u00e1 al servicio del pueblo.<\/p>\n<p>El legislador de la transformaci\u00f3n, inform\u00f3 que \u201cel Estado de M\u00e9xico le dice s\u00ed a la reforma al Poder Judicial. Vot\u00e9 a favor de esta reforma hist\u00f3rica, que democratizar\u00e1 a la impartici\u00f3n de justicia y garantizar\u00e1 una verdadera autonom\u00eda, donde la ciudadan\u00eda sea la que decide qui\u00e9nes tendr\u00e1n la responsabilidad de aplicar las leyes y la Constituci\u00f3n\u201d.<\/p>\n","protected":false},"excerpt":{"rendered":"<p>El diputado local Armando Navarrete L\u00f3pez, refrend\u00f3 su compromiso con la justicia y la democratizaci\u00f3n del Poder Judicial, al votar a favor de la reforma al Poder Judicial, que eliminar\u00e1 privilegios de jueces, magistrados y ministros y lo pondr\u00e1 al servicio <\/p>\n","protected":false},"author":3,"featured_media":633881,"comment_status":"open","ping_status":"open","sticky":false,"template":"","format":"standard","meta":{"_monsterinsights_skip_tracking":false,"_monsterinsights_sitenote_active":false,"_monsterinsights_sitenote_note":"","_monsterinsights_sitenote_category":0,"footnotes":""},"categories":[5],"tags":[11979,43675,4696,452],"class_list":["post-633770","post","type-post","status-publish","format-standard","has-post-thumbnail","hentry","category-estado-de-mexico","tag-democracia","tag-estado-de-mexico","tag-justicia","tag-toluca"],"_links":{"self":[{"href":"https:\/\/www.diarioimagen.net\/index.php?rest_route=\/wp\/v2\/posts\/633770","targetHints":{"allow":["GET"]}}],"collection":[{"href":"https:\/\/www.diarioimagen.net\/index.php?rest_route=\/wp\/v2\/posts"}],"about":[{"href":"https:\/\/www.diarioimagen.net\/index.php?rest_route=\/wp\/v2\/types\/post"}],"author":[{"embeddable":true,"href":"https:\/\/www.diarioimagen.net\/index.php?rest_route=\/wp\/v2\/users\/3"}],"replies":[{"embeddable":true,"href":"https:\/\/www.diarioimagen.net\/index.php?rest_route=%2Fwp%2Fv2%2Fcomments&post=633770"}],"version-history":[{"count":0,"href":"https:\/\/www.diarioimagen.net\/index.php?rest_route=\/wp\/v2\/posts\/633770\/revisions"}],"wp:featuredmedia":[{"embeddable":true,"href":"https:\/\/www.diarioimagen.net\/index.php?rest_route=\/wp\/v2\/media\/633881"}],"wp:attachment":[{"href":"https:\/\/www.diarioimagen.net\/index.php?rest_route=%2Fwp%2Fv2%2Fmedia&parent=633770"}],"wp:term":[{"taxonomy":"category","embeddable":true,"href":"https:\/\/www.diarioimagen.net\/index.php?rest_route=%2Fwp%2Fv2%2Fcategories&post=633770"},{"taxonomy":"post_tag","embeddable":true,"href":"https:\/\/www.diarioimagen.net\/index.php?rest_route=%2Fwp%2Fv2%2Ftags&post=633770"}],"curies":[{"name":"wp","href":"https:\/\/api.w.org\/{rel}","templated":true}]}}