{"id":633804,"date":"2024-09-18T00:05:43","date_gmt":"2024-09-18T06:05:43","guid":{"rendered":"https:\/\/www.diarioimagen.net\/?p=633804"},"modified":"2024-09-18T02:41:40","modified_gmt":"2024-09-18T08:41:40","slug":"unos-muertitos-no-son-nada","status":"publish","type":"post","link":"https:\/\/www.diarioimagen.net\/?p=633804","title":{"rendered":"Unos muertitos no\u00a0son\u00a0nada"},"content":{"rendered":"<h2>Perfil de M\u00e9xico<\/h2>\n<h5>Armando R\u00edos Ruiz<\/h5>\n<p>&nbsp;<\/p>\n<p>O el Presidente carece, ya no de inteligencia, sino de un m\u00ednimo de sentido com\u00fan y ahora deja ver abiertamente presuntas ligas con el narcotr\u00e1fico sin importarle la cr\u00edtica, o de veras le cuesta darse cuenta de que, durante seis a\u00f1os, sus actos lo han desnudado ante los mexicanos y fuera del pa\u00eds, por sus ligas con el crimen, desde su frase absurda, de abrazos, no balazos para los delincuentes.<\/p>\n<p>Acaba de respaldar, como suele hacerlo con todos sus funcionarios maletas, que se ven en todos los flancos de su gobierno, la declaraci\u00f3n del general de Divisi\u00f3n Jes\u00fas Leana Ojeda, comandante de la Tercera Regi\u00f3n Militar de Sinaloa, de que el regreso a la normalidad en ese estado norte\u00f1o, que est\u00e1 que arde, depende de los grupos antag\u00f3nicos y no de los militares.<\/p>\n<p>Esto quiere decir, ni m\u00e1s ni menos, que acepta que su presencia en aquella zona es de adorno. Desmiente que el Ej\u00e9rcito est\u00e1 para salvaguardar la integridad de los mexicanos y admite que no puede con los criminales, que deben resolver sus problemas frente a la poblaci\u00f3n indefensa, mientras se matan y de paso se llevan en sus encuentros a gente de la poblaci\u00f3n civil, que nada tiene que ver.<\/p>\n<p>Hay que esperar a que se cansen o alguien tenga la ocurrencia de sacar una banderita blanca, mientras los uniformados permanecen en actitud contemplativa para que esto ocurra. Al cabo que el mero comandante de todas las fuerzas armadas declar\u00f3 tambi\u00e9n que buscan proteger a la poblaci\u00f3n (sin hacer absolutamente nada) y luego evitar\u00e1n que se enfrenten, pero igualmente, sin hacer nada.<\/p>\n<p>Y As\u00ed, cruzado de brazos, el militar pidi\u00f3 confianza a la poblaci\u00f3n diciendo que estaba pendiente. \u201cNosotros, cuidando que no se enfrenten los grupos y evitando que haya homicidios En eso estamos,\u201d agreg\u00f3, mientras los medios, los fastidiosos medios daban cuenta de varias decenas de muertos.<\/p>\n<p>Igual que el gobernador Rub\u00e9n Rocha Moya, el mandatario minimiz\u00f3 el problema y dijo que no es para tanto unos cuantos muertitos. Sostuvo que eso obedece a un \u201cpresunto\u201d conflicto entre c\u00e1rteles del crimen organizado. \u00bfPresunto? \u00bfC\u00f3mo puede llamar presunto conflicto, cuando ah\u00ed est\u00e1 presente y mantiene aterrados a los sinaloenses y seg\u00fan el dicho, lo que se ve no se juzga?<\/p>\n<p>Los dos iluminados minimizaron el problema, pero llev\u00f3 al gobernador a suspender el grito de independencia, que de todas formas dijo frente a una plaza completamente vac\u00eda, solo para proferir lindezas de su Presidente, como agregado a los otros nombres de h\u00e9roes que hicieron posible esta haza\u00f1a.<\/p>\n<p>Minimizaron los hechos, y sin embargo cerraron escuelas frente a calles solitarias. Con los negocios cerrados por el miedo y el transporte menos que a medias y \u201cun transitar constante de pistoleros que asesinan y balean a plena luz del d\u00eda tras la nueva pugna que se abri\u00f3 entre las principales facciones del C\u00e1rtel de Sinaloa, es decir los Chapitos y los hijos del Mayo Zambada,\u201d refiri\u00f3 un medio.<\/p>\n<p>\u201cOtro dio cuenta de que \u201cLa Universidad Aut\u00f3noma de Sinaloa (UAS) inform\u00f3 que las\u00a0labores acad\u00e9micas\u00a0se realizar\u00edan de\u00a0forma virtual\u00a0por temas de seguridad, seg\u00fan public\u00f3 la instituci\u00f3n educativa a trav\u00e9s de redes sociales.\u201d Hubo pues de todo. La dependencia registr\u00f3 homicidios, autos robados y personas levantadas en la jornada violenta del lunes 16 de septiembre.<\/p>\n<p>As\u00ed est\u00e1n las cosas en ese estado, emblema del narcotr\u00e1fico mexicano, al cual nuestro Presidente ha conferido la m\u00e1s distinguida predilecci\u00f3n con visitas asiduas, no a las zonas citadinas, sino al coraz\u00f3n de la sierra, vigilada estrechamente por las fuerzas comandadas por los chapitos, con quienes no tuvo empacho en dejarse filmar en amenos festejos, sin el m\u00ednimo rubor.<\/p>\n<p>Inclusive, relata otro diario: \u201ctras la ola de violencia en esa entidad, el grupo denominado Belanova cancel\u00f3 su concierto ofrecido para el 20 de este mes en la capital, como parte de su gira Vida en Rosa. Esto fue dado a conocer por la misma agrupaci\u00f3n, para garantizar la seguridad de los asistentes y de los mismos m\u00fasicos, as\u00ed como de su equipo de trabajo.<\/p>\n<p>Pero en Sinaloa no pasa nada. Unos cuantos muertitos no son nada.<\/p>\n<p><a href=\"mailto:ariosruiz@gmail.com\" target=\"_blank\" rel=\"noopener noreferrer\"><em>ariosruiz@gmail.com<\/em><\/a><\/p>\n","protected":false},"excerpt":{"rendered":"<p><span style=\"color: #005497;\"><strong>Armando R\u00edos Ruiz<\/strong><\/span><\/p>\n","protected":false},"author":3,"featured_media":0,"comment_status":"open","ping_status":"open","sticky":false,"template":"","format":"standard","meta":{"_monsterinsights_skip_tracking":false,"_monsterinsights_sitenote_active":false,"_monsterinsights_sitenote_note":"","_monsterinsights_sitenote_category":0,"footnotes":""},"categories":[88405],"tags":[88407,43674,91193],"class_list":["post-633804","post","type-post","status-publish","format-standard","hentry","category-armando-rios-ruiz","tag-armando-rios-ruiz","tag-opinion","tag-perfil-de-mexico"],"_links":{"self":[{"href":"https:\/\/www.diarioimagen.net\/index.php?rest_route=\/wp\/v2\/posts\/633804","targetHints":{"allow":["GET"]}}],"collection":[{"href":"https:\/\/www.diarioimagen.net\/index.php?rest_route=\/wp\/v2\/posts"}],"about":[{"href":"https:\/\/www.diarioimagen.net\/index.php?rest_route=\/wp\/v2\/types\/post"}],"author":[{"embeddable":true,"href":"https:\/\/www.diarioimagen.net\/index.php?rest_route=\/wp\/v2\/users\/3"}],"replies":[{"embeddable":true,"href":"https:\/\/www.diarioimagen.net\/index.php?rest_route=%2Fwp%2Fv2%2Fcomments&post=633804"}],"version-history":[{"count":0,"href":"https:\/\/www.diarioimagen.net\/index.php?rest_route=\/wp\/v2\/posts\/633804\/revisions"}],"wp:attachment":[{"href":"https:\/\/www.diarioimagen.net\/index.php?rest_route=%2Fwp%2Fv2%2Fmedia&parent=633804"}],"wp:term":[{"taxonomy":"category","embeddable":true,"href":"https:\/\/www.diarioimagen.net\/index.php?rest_route=%2Fwp%2Fv2%2Fcategories&post=633804"},{"taxonomy":"post_tag","embeddable":true,"href":"https:\/\/www.diarioimagen.net\/index.php?rest_route=%2Fwp%2Fv2%2Ftags&post=633804"}],"curies":[{"name":"wp","href":"https:\/\/api.w.org\/{rel}","templated":true}]}}