{"id":633822,"date":"2024-09-18T00:12:13","date_gmt":"2024-09-18T06:12:13","guid":{"rendered":"https:\/\/www.diarioimagen.net\/?p=633822"},"modified":"2024-09-18T02:35:30","modified_gmt":"2024-09-18T08:35:30","slug":"no-se-confundan-faltan-las-otras-19-reformas-de-amlo","status":"publish","type":"post","link":"https:\/\/www.diarioimagen.net\/?p=633822","title":{"rendered":"No se confundan\u2026 faltan las otras 19\u00a0reformas de AMLO"},"content":{"rendered":"<h2>Tras la puerta del poder<\/h2>\n<h5>Roberto Vizca\u00edno<\/h5>\n<p>&nbsp;<\/p>\n<p>La del Poder Judicial, liber\u00f3 la ola de reformas constitucionales de<strong> Andr\u00e9s Manuel L\u00f3pez Obrador.<\/strong><\/p>\n<p>\u00a1Cierto!, el mandatario s\u00f3lo tiene 11 d\u00edas m\u00e1s antes de irse. Pero la fila de sus otras 19 reformas del 5 de febrero ya est\u00e1 en los escritorios de los l\u00edderes del oficialismo en el Senado \u2014<strong>Ad\u00e1n Augusto L\u00f3pez<\/strong>\u2014 y de la C\u00e1mara de Diputados \u2014<strong>Ricardo Monreal<\/strong>\u2014 para ser igualmente tramitadas de inmediato y sin moverles una coma<strong>.<\/strong><\/p>\n<p>Como ya con los <strong>Yunes<\/strong> tienen asegurado el voto 86 para cumplir con la mayor\u00eda calificada, van a activar en estos d\u00edas al menos 2 reformas m\u00e1s: para pasar la Guardia Nacional a la Defensa y la de Pueblos Ind\u00edgenas que pidi\u00f3 priorizar la presidenta electa <strong>Claudia Sheinbaum<\/strong>.<\/p>\n<p>Una vez que salgan estas, les seguir\u00e1n <strong>la electoral<\/strong> para desaparecer al INE, junto con los 200 diputados federales y 64 senadores <strong><em>pluris y de minor\u00eda<\/em><\/strong>, y para anular la reelecci\u00f3n de legisladores y alcaldes.<\/p>\n<p>La desaparici\u00f3n de los legisladores de representaci\u00f3n proporcional, no s\u00f3lo cerrar\u00e1 definitivamente la puerta a la oposici\u00f3n al Congreso, sino que se calcula dar\u00e1n bancadas a Morena y aliados en Senado y Diputados que llegar\u00e1n en 2027 en adelante a m\u00e1s de un 84% de sus asientos.<\/p>\n<p>Esta nueva propuesta de reforma electoral contempla adem\u00e1s la reducci\u00f3n sustancial \u2014quiz\u00e1 en dos terceras partes\u2014 las prerrogativas y gastos destinados a campa\u00f1as y a partidos pol\u00edticos.<\/p>\n<p>La disminuci\u00f3n de regidores, afirma, evitar\u00e1 el uso de \u201cexcesivas estructuras burocr\u00e1ticas electorales\u201d y eliminar las candidaturas plurinominales reducir\u00e1 el costo del poder legislativo.<\/p>\n<p>La C\u00e1mara de Diputados no se integrar\u00e1 ya por 500 legisladores, sino por s\u00f3lo 300, y el Senado por 64 y no por 128.<\/p>\n<p>El golpe sumado a la absorci\u00f3n del INE por Gobernaci\u00f3n har\u00eda simplemente invencible electoralmente a Morena.<\/p>\n<p>La instrucci\u00f3n es precisa: todo contra la democracia y sin respiro, pues.<\/p>\n<p>\u00bfLas alcanzar\u00e1 a promulgar <strong>L\u00f3pez Obrador<\/strong> antes del 30 de este mes?<\/p>\n<p><strong>Ad\u00e1n Augusto<\/strong> y <strong>Monreal <\/strong>lo intentar\u00e1n<strong>. \u00a1Faltaba m\u00e1s, teniendo todo a su favor!<\/strong><\/p>\n<p>Ya con m\u00e1s calma, sin las premuras que les impone <strong>AMLO<\/strong>, a partir de octubre ya con la presidenta <strong>Sheinbaum <\/strong>en Palacio, ambos l\u00edderes senatoriales se preparar\u00e1n para tramitar la reforma que buscar\u00e1 <strong>ampliar los delitos sujetos a prisi\u00f3n preventiva oficiosa<\/strong>, <strong>para incluir entre ellos, \u201crecaudaci\u00f3n fiscal, contrabando, expedici\u00f3n, enajenaci\u00f3n, compra o adquisici\u00f3n de comprobantes fiscales\u201d<\/strong>.<\/p>\n<p>Esta es parte de un \u201cencargo especial\u201d del Presidente saliente y que permitir\u00e1 a su nuevo sistema tener un importante plus en sus actuaciones contra opositores.<\/p>\n<p>Entre las reformas prioritarias pendientes sigue en orden de importancia la que <strong>eliminar\u00e1 \u00f3rganos aut\u00f3nomos<\/strong>, cuyas tareas ser\u00e1n absorbidas por diferentes dependencias del Gobierno de la nueva presidenta.<\/p>\n<p>En ese trance est\u00e1n la Cofece, el Ifetel, los derechos de queja contra abusos de autoridad que ve\u00eda la CND y los derechos a la informaci\u00f3n p\u00fablica que administra el INAI.<\/p>\n<p>Pero antes que nada, pronto veremos c\u00f3mo las bancadas del oficialismo en diputados y senadores transfieren a la Guardia Nacional a la Secretar\u00eda de la Defensa para consolidar en un s\u00f3lo acto la militarizaci\u00f3n de la vida cotidiana en M\u00e9xico.<\/p>\n<p>Como seguramente usted ya sabe: de las 20 iniciativas de reforma de <strong>AMLO<\/strong>, 18 son constitucionales y dos legales<\/p>\n<p>En curso est\u00e1n la del reconocimiento a los pueblos y comunidades ind\u00edgenas como sujetos de derecho p\u00fablico, atendi\u00e9ndolos de manera preferente.<\/p>\n<p>Luego reafirmar el derecho a la pensi\u00f3n de adultos mayores a partir de los 65 a\u00f1os y aumentar el monto a\u00f1o con a\u00f1o.<\/p>\n<p>Esta se complementa con la que busca otorgar becas a estudiantes de familias pobres de todos los niveles.<\/p>\n<p>Una m\u00e1s garantizar\u00e1 atenci\u00f3n m\u00e9dica y gratuita a todos los mexicanos (aunque no dice en qu\u00e9 instalaciones, con qu\u00e9 personal y con qu\u00e9 medicinas).<\/p>\n<p>Otra de las propuestas de salida de <strong>AMLO<\/strong> es que los mexicanos y familias puedan ser due\u00f1os de sus viviendas.<\/p>\n<p>Otra contempla prohibir el maltrato a los animales.<\/p>\n<p>Y una m\u00e1s que prohibir\u00e1 en M\u00e9xico la extracci\u00f3n de hidrocarburos mediante el <em>fracking.<\/em><\/p>\n<p>Entre estas iniciativas est\u00e1 la de <strong>respetar las zonas con escasez de agua y s\u00f3lo autorizar concesiones para uso dom\u00e9stico<\/strong>.<\/p>\n<p>Otra prohibir\u00e1 el comercio de vapeadores y drogas qu\u00edmicas como el fentanilo.<\/p>\n<p>Y una m\u00e1s impedir\u00e1 \u2014se afirma\u2014 que el aumento al salario m\u00ednimo sea menor al de la inflaci\u00f3n.<\/p>\n<p>En este punto se dicta que el salario m\u00ednimo para maestros, guardias nacionales, soldados, marinos y m\u00e9dicos <strong>no podr\u00e1 ser menor a lo que perciben los trabajadores inscritos ante el IMSS<\/strong>.<\/p>\n<p>Y otra m\u00e1s buscar\u00e1 revertir las reformas de pensiones aprobadas en los gobiernos de <strong>Ernesto Zedillo y Felipe Calder\u00f3n<\/strong>.<\/p>\n<p>Entre las \u00faltimas de las 20, est\u00e1 la que buscar\u00e1 garantizar a los mexicanos el derecho a la educaci\u00f3n y al trabajo.<\/p>\n<p>Igual otra llevar\u00e1 a diputados y senadores a legislar para que todos los campesinos que quieran cultivar sus tierras cuenten con un jornal \u201cseguro, justo y permanente\u201d como sucede supuestamente con el programa Sembrando Vida.<\/p>\n<p>Entre las econ\u00f3micas est\u00e1 la que buscar\u00e1 se utilicen trenes de pasajeros en los 18 mil kil\u00f3metros de v\u00edas f\u00e9rreas concesionadas durante el gobierno de <strong>Ernesto Zedillo<\/strong> y actualmente destinados \u00fanicamente al transporte de carga.<\/p>\n<p>Y todo esto cerrar\u00e1 con una reforma que impondr\u00e1 a los mexicanos una de las obsesiones de <strong>AMLO<\/strong> v\u00eda la austeridad republicana, que: \u201cning\u00fan servidor p\u00fablico pueda ganar m\u00e1s de lo que perciba el Presidente de la Rep\u00fablica\u201d.<\/p>\n<p>Y tan-tan.<\/p>\n<p>Hay quienes afirman que una vez que <strong>AMLO<\/strong> se haya ido a donde ya sabe usted, \u201cLa Chingada\u201d, estas iniciativas caer\u00e1n en el olvido, y que en su mayor\u00eda ir\u00e1n al \u201ccongelador\u201d legislativo.<\/p>\n<p>\u00bfUsted qu\u00e9 cree?<\/p>\n<p><em><a href=\"mailto:rvizcainoa@gmail.com\" target=\"_blank\" rel=\"noopener noreferrer\">vizcainoa@gmail.com<\/a><a href=\"mailto:rvizcainoa@gmail.com\" target=\"_blank\" rel=\"noopener noreferrer\"><br \/>\n<\/a><a href=\"https:\/\/twitter.com\/_rvizcaino\" target=\"_blank\" rel=\"noopener noreferrer\">@_RVizcaino<\/a><a href=\"mailto:rvizcainoa@gmail.com\" target=\"_blank\" rel=\"noopener noreferrer\"><br \/>\n<\/a><a href=\"https:\/\/www.facebook.com\/rvizcainoa\" target=\"_blank\" rel=\"noopener noreferrer\">facebook.com\/rvizcainoa<\/a><\/em><\/p>\n","protected":false},"excerpt":{"rendered":"<p><span style=\"color: #005497;\"><strong>Roberto Vizca\u00edno<\/strong><\/span><\/p>\n","protected":false},"author":3,"featured_media":0,"comment_status":"open","ping_status":"open","sticky":false,"template":"","format":"standard","meta":{"_monsterinsights_skip_tracking":false,"_monsterinsights_sitenote_active":false,"_monsterinsights_sitenote_note":"","_monsterinsights_sitenote_category":0,"footnotes":""},"categories":[136],"tags":[43674,93,94],"class_list":["post-633822","post","type-post","status-publish","format-standard","hentry","category-roberto-vizcaino-opinion","tag-opinion","tag-roberto-vizcaino","tag-tras-la-puerta-del-poder"],"_links":{"self":[{"href":"https:\/\/www.diarioimagen.net\/index.php?rest_route=\/wp\/v2\/posts\/633822","targetHints":{"allow":["GET"]}}],"collection":[{"href":"https:\/\/www.diarioimagen.net\/index.php?rest_route=\/wp\/v2\/posts"}],"about":[{"href":"https:\/\/www.diarioimagen.net\/index.php?rest_route=\/wp\/v2\/types\/post"}],"author":[{"embeddable":true,"href":"https:\/\/www.diarioimagen.net\/index.php?rest_route=\/wp\/v2\/users\/3"}],"replies":[{"embeddable":true,"href":"https:\/\/www.diarioimagen.net\/index.php?rest_route=%2Fwp%2Fv2%2Fcomments&post=633822"}],"version-history":[{"count":0,"href":"https:\/\/www.diarioimagen.net\/index.php?rest_route=\/wp\/v2\/posts\/633822\/revisions"}],"wp:attachment":[{"href":"https:\/\/www.diarioimagen.net\/index.php?rest_route=%2Fwp%2Fv2%2Fmedia&parent=633822"}],"wp:term":[{"taxonomy":"category","embeddable":true,"href":"https:\/\/www.diarioimagen.net\/index.php?rest_route=%2Fwp%2Fv2%2Fcategories&post=633822"},{"taxonomy":"post_tag","embeddable":true,"href":"https:\/\/www.diarioimagen.net\/index.php?rest_route=%2Fwp%2Fv2%2Ftags&post=633822"}],"curies":[{"name":"wp","href":"https:\/\/api.w.org\/{rel}","templated":true}]}}