{"id":633926,"date":"2024-09-19T00:06:30","date_gmt":"2024-09-19T06:06:30","guid":{"rendered":"https:\/\/www.diarioimagen.net\/?p=633926"},"modified":"2024-09-19T22:43:29","modified_gmt":"2024-09-20T04:43:29","slug":"refrenda-delfina-gomez-alvarez-compromiso-con-seres-sintientes","status":"publish","type":"post","link":"https:\/\/www.diarioimagen.net\/?p=633926","title":{"rendered":"Refrenda Delfina G\u00f3mez \u00c1lvarez compromiso con\u00a0seres\u00a0sintientes"},"content":{"rendered":"<p>&nbsp;<\/p>\n<h2 style=\"text-align: center;\">Mejoran condiciones de vida de mascotas<\/h2>\n<p>&nbsp;<\/p>\n<ul>\n<li><strong><em>Suman 7 mil 340 esterilizaciones, 5 mil 220 desparasitaciones y se han concretado 53 adopciones<\/em><\/strong><\/li>\n<\/ul>\n<p><strong>\u00a0<\/strong><\/p>\n<div id=\"attachment_634002\" style=\"width: 470px\" class=\"wp-caption aligncenter\"><a href=\"https:\/\/www.diarioimagen.net\/?attachment_id=634002\" rel=\"attachment wp-att-634002\"><img loading=\"lazy\" decoding=\"async\" aria-describedby=\"caption-attachment-634002\" class=\"size-full wp-image-634002\" src=\"https:\/\/www.diarioimagen.net\/wp-content\/uploads\/2024\/09\/refrenda-delfina.jpg\" alt=\"\" width=\"460\" height=\"270\" srcset=\"https:\/\/www.diarioimagen.net\/wp-content\/uploads\/2024\/09\/refrenda-delfina.jpg 460w, https:\/\/www.diarioimagen.net\/wp-content\/uploads\/2024\/09\/refrenda-delfina-240x141.jpg 240w\" sizes=\"auto, (max-width: 460px) 100vw, 460px\" \/><\/a><p id=\"caption-attachment-634002\" class=\"wp-caption-text\">El gobierno del Estado de M\u00e9xico trabaja a trav\u00e9s de pol\u00edticas p\u00fablicas y acciones que construyan el bienestar animal en el territorio estatal\u201d, se\u00f1al\u00f3 la gobernadora Delfina G\u00f3mez \u00c1lvarez.<\/p><\/div>\n<p>&nbsp;<\/p>\n<p><strong>Toluca, Estado de M\u00e9xico.\u2014 <\/strong>Como parte de un gobierno comprometido a transformar al Estado de M\u00e9xico para mejorar las condiciones de vida de mujeres, hombres y seres sintientes, en la entidad se han llevado a cabo, a trav\u00e9s de la Comisi\u00f3n Estatal de Parques Naturales y de la Fauna (CEPANAF), acciones como el programa de control \u00e9tico de sobrepoblaci\u00f3n canina y felina en el Estado de M\u00e9xico, que han permitido dar voz a quienes no la tienen y mejorar las condiciones de vida de los animales de compa\u00f1\u00eda.<\/p>\n<p>\u201cEn el Estado de M\u00e9xico estamos dando voz a los seres que hab\u00edan permanecido ignorados, viviendo en una situaci\u00f3n de abandono y de maltrato; hoy trabajamos para que los seres sintientes vivan con respeto, con dignidad, pero sobre todo con amor. Ante ello el Gobierno del Estado de M\u00e9xico trabaja a trav\u00e9s de pol\u00edticas p\u00fablicas y acciones que construyan el bienestar animal en el territorio estatal\u201d, se\u00f1al\u00f3 la Gobernadora Delfina G\u00f3mez \u00c1lvarez.<\/p>\n<p>Resultado de la implementaci\u00f3n del programa de control \u00e9tico de sobrepoblaci\u00f3n canina y felina la Cepanaf, a cargo de Alma Diana Tapia Maya, inform\u00f3 que se han realizado 7 mil 340 esterilizaciones, 5 mil 220 desparasitaciones y se han concretado 53 adopciones, lo que repercute directamente en el bienestar de los seres sintientes garantizando la protecci\u00f3n, trato digno, cuidado y la tutela responsable.<\/p>\n<p>\u201cLa pol\u00edtica de bienestar animal que emprendimos en la actual administraci\u00f3n busca que la ciudadan\u00eda reconozca que los seres sintientes tienen derecho a una vida libre de maltrato y de violencia, cuando cuidamos a los seres sintientes estamos sembrando semillas de paz, de empat\u00eda y de respeto. Es parte de la construcci\u00f3n de un mundo m\u00e1s justo y de respeto para todos\u201d, indic\u00f3 la Maestra Delfina G\u00f3mez \u00c1lvarez.<\/p>\n<p>Aunado a esto y como parte del compromiso adquirido para hacer del EdoM\u00e9x una entidad m\u00e1s amigable y para prevenir la violencia y erradicar los actos de crueldad, se llev\u00f3 a cabo la firma del Dec\u00e1logo de Acciones para la Atenci\u00f3n del Maltrato Animal, donde participan autoridades federales, estatales y municipales para prevenir delitos de maltrato animal y mejorar la calidad de vida de estos seres sintientes.<\/p>\n<p>Sumado a esto, fue creado el Consejo Ciudadano de Protecci\u00f3n y Bienestar del Estado de M\u00e9xico, que permite tener un canal de comunicaci\u00f3n entre la sociedad civil y el Gobierno estatal.<\/p>\n<p>Mientras que en un trabajo colaborativo entre la Universidad Aut\u00f3noma del Estado de M\u00e9xico (UAEM\u00e9x), se lleva a cabo la construcci\u00f3n de una red Centros de Atenci\u00f3n a Peque\u00f1as Especies donde se busca trabajar de manera cercana con la poblaci\u00f3n para el cuidado de las peque\u00f1as especies, promover la adopci\u00f3n, as\u00ed como el otorgar a los animales atenci\u00f3n m\u00e9dica de calidad y adiestramiento en materia de b\u00fasqueda y rescate, as\u00ed como para su incorporaci\u00f3n a una nueva familia.<\/p>\n","protected":false},"excerpt":{"rendered":"<p>Como parte de un gobierno comprometido a transformar al Estado de M\u00e9xico para mejorar las condiciones de vida de mujeres, hombres y seres sintientes, en la entidad se han llevado a cabo, a trav\u00e9s de la Comisi\u00f3n Estatal de Parques Naturales y de la Fauna (CEPANAF), acciones como el programa de control \u00e9tico de sobrepoblaci\u00f3n canina y felina en el Estado de M\u00e9xico, que han permitido dar voz a quienes no la tienen y mejorar las condiciones de vida de los animales de compa\u00f1\u00eda.<\/p>\n","protected":false},"author":3,"featured_media":634002,"comment_status":"open","ping_status":"open","sticky":false,"template":"","format":"standard","meta":{"_monsterinsights_skip_tracking":false,"_monsterinsights_sitenote_active":false,"_monsterinsights_sitenote_note":"","_monsterinsights_sitenote_category":0,"footnotes":""},"categories":[5,99730],"tags":[15135,57859,100848],"class_list":["post-633926","post","type-post","status-publish","format-standard","has-post-thumbnail","hentry","category-estado-de-mexico","category-edomex","tag-compromiso","tag-delfina-gomez-alvarez","tag-sintientes"],"_links":{"self":[{"href":"https:\/\/www.diarioimagen.net\/index.php?rest_route=\/wp\/v2\/posts\/633926","targetHints":{"allow":["GET"]}}],"collection":[{"href":"https:\/\/www.diarioimagen.net\/index.php?rest_route=\/wp\/v2\/posts"}],"about":[{"href":"https:\/\/www.diarioimagen.net\/index.php?rest_route=\/wp\/v2\/types\/post"}],"author":[{"embeddable":true,"href":"https:\/\/www.diarioimagen.net\/index.php?rest_route=\/wp\/v2\/users\/3"}],"replies":[{"embeddable":true,"href":"https:\/\/www.diarioimagen.net\/index.php?rest_route=%2Fwp%2Fv2%2Fcomments&post=633926"}],"version-history":[{"count":0,"href":"https:\/\/www.diarioimagen.net\/index.php?rest_route=\/wp\/v2\/posts\/633926\/revisions"}],"wp:featuredmedia":[{"embeddable":true,"href":"https:\/\/www.diarioimagen.net\/index.php?rest_route=\/wp\/v2\/media\/634002"}],"wp:attachment":[{"href":"https:\/\/www.diarioimagen.net\/index.php?rest_route=%2Fwp%2Fv2%2Fmedia&parent=633926"}],"wp:term":[{"taxonomy":"category","embeddable":true,"href":"https:\/\/www.diarioimagen.net\/index.php?rest_route=%2Fwp%2Fv2%2Fcategories&post=633926"},{"taxonomy":"post_tag","embeddable":true,"href":"https:\/\/www.diarioimagen.net\/index.php?rest_route=%2Fwp%2Fv2%2Ftags&post=633926"}],"curies":[{"name":"wp","href":"https:\/\/api.w.org\/{rel}","templated":true}]}}