{"id":633928,"date":"2024-09-19T00:05:56","date_gmt":"2024-09-19T06:05:56","guid":{"rendered":"https:\/\/www.diarioimagen.net\/?p=633928"},"modified":"2024-09-19T00:13:01","modified_gmt":"2024-09-19T06:13:01","slug":"fortalece-el-issemym-seguridad-de-sus-pacientes","status":"publish","type":"post","link":"https:\/\/www.diarioimagen.net\/?p=633928","title":{"rendered":"Fortalece el ISSEMyM seguridad de sus pacientes"},"content":{"rendered":"<p>&nbsp;<\/p>\n<ul>\n<li><em><strong>Refuerzan los procesos diagn\u00f3sticos<\/strong><\/em><\/li>\n<\/ul>\n<p><strong>\u00a0<\/strong><\/p>\n<div id=\"attachment_634010\" style=\"width: 470px\" class=\"wp-caption aligncenter\"><a href=\"https:\/\/www.diarioimagen.net\/?attachment_id=634010\" rel=\"attachment wp-att-634010\"><img loading=\"lazy\" decoding=\"async\" aria-describedby=\"caption-attachment-634010\" class=\"size-full wp-image-634010\" src=\"https:\/\/www.diarioimagen.net\/wp-content\/uploads\/2024\/09\/fortalece-issemym.jpg\" alt=\"\" width=\"460\" height=\"270\" srcset=\"https:\/\/www.diarioimagen.net\/wp-content\/uploads\/2024\/09\/fortalece-issemym.jpg 460w, https:\/\/www.diarioimagen.net\/wp-content\/uploads\/2024\/09\/fortalece-issemym-240x141.jpg 240w\" sizes=\"auto, (max-width: 460px) 100vw, 460px\" \/><\/a><p id=\"caption-attachment-634010\" class=\"wp-caption-text\">El Instituto de Seguridad Social del Estado de M\u00e9xico y Municipios alcanz\u00f3 el grado de 8.5 en una escala de 10, durante los procesos que garantizan la seguridad de sus pacientes.<\/p><\/div>\n<p>&nbsp;<\/p>\n<p><strong>Toluca, Estado de M\u00e9xico.\u2014 <\/strong>Durante su \u00faltima evaluaci\u00f3n anual, el Instituto de Seguridad Social del Estado de M\u00e9xico y Municipios (ISSEMyM) alcanz\u00f3 el grado de 8.5 en una escala de 10, durante los procesos que garantizan la seguridad de sus pacientes.<\/p>\n<p>Lizeth Urbina S\u00e1nchez, responsable de la L\u00ednea de Calidad y Seguridad del Paciente del ISSEMYM, se\u00f1al\u00f3 que esto es reflejo del trabajo que se realiza al interior de las unidades m\u00e9dicas, al implementar diversas estrategias.<\/p>\n<p>En el marco por el \u201cD\u00eda Mundial de la Seguridad del Paciente\u201d, que se conmemora el 17 de septiembre, la especialista destac\u00f3 que, ante los riesgos sanitarios, como enfermedades cada vez m\u00e1s complejas, este Instituto ha ampliado su programa de capacitaci\u00f3n y el reforzamiento de todo su personal.<\/p>\n<p>Indic\u00f3 que el objetivo es reducir al m\u00ednimo posible los da\u00f1os a la salud y para ello el ISSEMyM cuenta con 45 gestores de calidad, encargados de vigilar constantemente en todas las \u00e1reas y l\u00edneas de acci\u00f3n los procesos y procedimientos encaminados a elevar la calidad de seguridad y atenci\u00f3n que se les brinda a todos los derechohabientes.<\/p>\n<p>En este sentido, Urbina S\u00e1nchez recalc\u00f3 que en el D\u00eda Mundial de la Seguridad del Paciente tienen como misi\u00f3n promover la salud desde entornos seguros, brindando la oportunidad de sensibilizar a la opini\u00f3n p\u00fablica y fomentar la colaboraci\u00f3n entre pacientes, personal de salud, responsables y gestores, con el fin de mejorar los resultados.<\/p>\n<p>Y agreg\u00f3 que, para este a\u00f1o, la Organizaci\u00f3n Mundial de la Salud consider\u00f3 eje central el tema \u201cMejorar el diagn\u00f3stico para la seguridad del paciente\u201d, bajo la divisa \u201cDiagn\u00f3sticos correctos, pacientes seguros\u201d. De este modo se pretende dar relevancia a la importancia de diagnosticar de forma oportuna y velar por la seguridad del paciente.<\/p>\n","protected":false},"excerpt":{"rendered":"<p>Durante su \u00faltima evaluaci\u00f3n anual, el Instituto de Seguridad Social del Estado de M\u00e9xico y Municipios (ISSEMyM) alcanz\u00f3 el grado de 8.5 en una escala de 10, durante los procesos que garantizan la seguridad de sus pacientes.<\/p>\n","protected":false},"author":3,"featured_media":634010,"comment_status":"open","ping_status":"open","sticky":false,"template":"","format":"standard","meta":{"_monsterinsights_skip_tracking":false,"_monsterinsights_sitenote_active":false,"_monsterinsights_sitenote_note":"","_monsterinsights_sitenote_category":0,"footnotes":""},"categories":[18863,99730],"tags":[699,25228],"class_list":["post-633928","post","type-post","status-publish","format-standard","has-post-thumbnail","hentry","category-salud-edomex","category-edomex","tag-issemym","tag-pacientes"],"_links":{"self":[{"href":"https:\/\/www.diarioimagen.net\/index.php?rest_route=\/wp\/v2\/posts\/633928","targetHints":{"allow":["GET"]}}],"collection":[{"href":"https:\/\/www.diarioimagen.net\/index.php?rest_route=\/wp\/v2\/posts"}],"about":[{"href":"https:\/\/www.diarioimagen.net\/index.php?rest_route=\/wp\/v2\/types\/post"}],"author":[{"embeddable":true,"href":"https:\/\/www.diarioimagen.net\/index.php?rest_route=\/wp\/v2\/users\/3"}],"replies":[{"embeddable":true,"href":"https:\/\/www.diarioimagen.net\/index.php?rest_route=%2Fwp%2Fv2%2Fcomments&post=633928"}],"version-history":[{"count":0,"href":"https:\/\/www.diarioimagen.net\/index.php?rest_route=\/wp\/v2\/posts\/633928\/revisions"}],"wp:featuredmedia":[{"embeddable":true,"href":"https:\/\/www.diarioimagen.net\/index.php?rest_route=\/wp\/v2\/media\/634010"}],"wp:attachment":[{"href":"https:\/\/www.diarioimagen.net\/index.php?rest_route=%2Fwp%2Fv2%2Fmedia&parent=633928"}],"wp:term":[{"taxonomy":"category","embeddable":true,"href":"https:\/\/www.diarioimagen.net\/index.php?rest_route=%2Fwp%2Fv2%2Fcategories&post=633928"},{"taxonomy":"post_tag","embeddable":true,"href":"https:\/\/www.diarioimagen.net\/index.php?rest_route=%2Fwp%2Fv2%2Ftags&post=633928"}],"curies":[{"name":"wp","href":"https:\/\/api.w.org\/{rel}","templated":true}]}}