{"id":633969,"date":"2024-09-19T00:13:39","date_gmt":"2024-09-19T06:13:39","guid":{"rendered":"https:\/\/www.diarioimagen.net\/?p=633969"},"modified":"2024-09-19T00:33:17","modified_gmt":"2024-09-19T06:33:17","slug":"difamaciones-o-verdades","status":"publish","type":"post","link":"https:\/\/www.diarioimagen.net\/?p=633969","title":{"rendered":"Difamaciones\u00a0o\u00a0verdades"},"content":{"rendered":"<h2>Se comenta s\u00f3lo con\u2026<\/h2>\n<h5>Carlos Ramos Padilla<\/h5>\n<p>&nbsp;<\/p>\n<p>La cloaca est\u00e1 abierta. En los \u00faltimos d\u00edas hemos visto c\u00f3mo los pol\u00edticos no debaten sobre el bien del pa\u00eds, sino por el contrario toman las tribunas p\u00fablicas para desnudarse, atacarse, vengarse.<\/p>\n<p>No fue suficiente con el ricino de Yunes M\u00e1rquez, justificando su voto a favor de la Reforma Judicial, llevando al pared\u00f3n a Marko Cort\u00e9s y \u00e9ste, en su r\u00e9plica, haciendo lo mismo. Una serie de se\u00f1alamientos absurdos que suman m\u00e1s da\u00f1o al ya de por s\u00ed herido pa\u00eds.<\/p>\n<p>Ahora, el triplete de descalificaciones entre Garc\u00eda Luna, Ernesto Zedillo y AMLO (en ese orden). Los tres rompiendo ese extra\u00f1o pacto de confidencialidad, de silencio, que guardan esas negras negociaciones detr\u00e1s de la Rep\u00fablica.<\/p>\n<p>En este \u00faltimo caso, rayando en acusaciones de \u00edndole criminal que por supuesto es su momento, de ser ciertas, nunca fueron ni denunciadas ni sancionadas. Garc\u00eda Luna, como sea, puede ser el sujeto mejor informado sobre la participaci\u00f3n del crimen organizado en M\u00e9xico, a eso AMLO le llama espiar.<\/p>\n<p>Ernesto Zedillo, como sea, presenta mejores planteamientos intelectuales e informaci\u00f3n que el Presidente de M\u00e9xico. Zedillo vive y se codea con los personajes m\u00e1s influyentes de la econom\u00eda mundial, AMLO se esconde en descalificaciones, sinti\u00e9ndose menor a la gente preparada y que se expresa en otros idiomas.<\/p>\n<p>Estos personajes, los pol\u00edticos, se han encargado de llevarnos a la m\u00e1s lamentable crisis de gobierno, de equilibrio, de seguridad nunca antes registrada.<\/p>\n<p>Entre difamaciones, que luego se convierten en verdades, nadan intentando sobrevivir, unos a no ser aprehendidos, otros a tratar de colocarse como redentores. Son una verg\u00fcenza.<\/p>\n<p>Nuestro destino y proyecto ha estado descansando en oportunistas que se elevan a raz\u00f3n del crecimiento de la ignorancia y hambre del pueblo y a\u00fan as\u00ed se sienten \u201csatisfechos\u201d de haber \u201cgobernado\u201d (?)<\/p>\n<p>Para nadie es secreto que esta administraci\u00f3n, la de AMLO, se ha manejado con perversidad, resentimiento, venganza y amargura. Un mandatario que ha usado la tribuna y recursos p\u00fablicos para ofender a los mexicanos inconvenientes para \u00e9l.<\/p>\n<p>Y ahora nos embarran en cara que todos ellos est\u00e1n involucrados en la m\u00e1s ruin conducta, que es alimentar a los criminales y estos a su vez someter a la ciudadan\u00eda con extorsiones y cr\u00edmenes.<\/p>\n<p>Por ello se pretende dar el cerrojazo acabando con el Estado de Derecho, y lo m\u00e1s grave, dejando la decisi\u00f3n en un pu\u00f1ado de traidores e ignorantes legisladores que se mueven por ambiciones personales de barriada.<\/p>\n<p>Sus intereses, posiciones y declaraciones p\u00fablicas rayan en una ofensa monumental. Entre ellos comercian con el poder y la necesidad de millones de personas.<\/p>\n<p>Si M\u00e9xico se debilita en lo interno y en lo externo es debido a su prop\u00f3sito no de administrar con orden los recursos de la naci\u00f3n, sino de imponer sus desastrosas ocurrencias subi\u00e9ndose a pedestales que no merecen.<\/p>\n<p>AMLO, dejando un tiradero de cad\u00e1veres, est\u00e1 ocupado en invitar a la prensa el \u00faltimo d\u00eda de su gesti\u00f3n a develar un \u00f3leo con su imagen en el pasillo de los presidentes en Palacio.<\/p>\n<p>As\u00ed es su arrogancia. Pero no le importa, ha hecho y se le ha permitido hacer lo que se gana le ha impuesto. Queda como el peor administrador p\u00fablico en la historia, es suficiente con ver los registros y la conducta de sus cercanos, de sus operadores.<\/p>\n<p>A menos de 15 d\u00edas de cerrar su gobierno se est\u00e1 desatando la m\u00e1s lamentable guerra de acusaciones y mire que la informaci\u00f3n desde Estados Unidos apenas inicia. De miedo escuchar en altos mandos militares que no est\u00e1n en sus manos la seguridad y resguardo nacional, que todo depende del buen comportamiento de los asesinos. As\u00ed de hundidos en el fango estamos. Ese es nuestro retrato.<\/p>\n<p><a href=\"https:\/\/twitter.com\/cramospadilla?ref_src=twsrc%5Egoogle%7Ctwcamp%5Eserp%7Ctwgr%5Eauthor\" target=\"_blank\" rel=\"noopener\"><em>@cramospadilla<\/em><\/a><\/p>\n","protected":false},"excerpt":{"rendered":"<p><span style=\"color: #005497;\"><strong>Carlos Ramos Padilla<\/strong><\/span><\/p>\n","protected":false},"author":3,"featured_media":0,"comment_status":"open","ping_status":"open","sticky":false,"template":"","format":"standard","meta":{"_monsterinsights_skip_tracking":false,"_monsterinsights_sitenote_active":false,"_monsterinsights_sitenote_note":"","_monsterinsights_sitenote_category":0,"footnotes":""},"categories":[97109],"tags":[97108,43674,97107],"class_list":["post-633969","post","type-post","status-publish","format-standard","hentry","category-carlos-ramos-padilla","tag-carlos-ramos-padilla","tag-opinion","tag-se-comenta-solo-con"],"_links":{"self":[{"href":"https:\/\/www.diarioimagen.net\/index.php?rest_route=\/wp\/v2\/posts\/633969","targetHints":{"allow":["GET"]}}],"collection":[{"href":"https:\/\/www.diarioimagen.net\/index.php?rest_route=\/wp\/v2\/posts"}],"about":[{"href":"https:\/\/www.diarioimagen.net\/index.php?rest_route=\/wp\/v2\/types\/post"}],"author":[{"embeddable":true,"href":"https:\/\/www.diarioimagen.net\/index.php?rest_route=\/wp\/v2\/users\/3"}],"replies":[{"embeddable":true,"href":"https:\/\/www.diarioimagen.net\/index.php?rest_route=%2Fwp%2Fv2%2Fcomments&post=633969"}],"version-history":[{"count":0,"href":"https:\/\/www.diarioimagen.net\/index.php?rest_route=\/wp\/v2\/posts\/633969\/revisions"}],"wp:attachment":[{"href":"https:\/\/www.diarioimagen.net\/index.php?rest_route=%2Fwp%2Fv2%2Fmedia&parent=633969"}],"wp:term":[{"taxonomy":"category","embeddable":true,"href":"https:\/\/www.diarioimagen.net\/index.php?rest_route=%2Fwp%2Fv2%2Fcategories&post=633969"},{"taxonomy":"post_tag","embeddable":true,"href":"https:\/\/www.diarioimagen.net\/index.php?rest_route=%2Fwp%2Fv2%2Ftags&post=633969"}],"curies":[{"name":"wp","href":"https:\/\/api.w.org\/{rel}","templated":true}]}}