{"id":634098,"date":"2024-09-20T00:02:52","date_gmt":"2024-09-20T06:02:52","guid":{"rendered":"https:\/\/www.diarioimagen.net\/?p=634098"},"modified":"2024-09-22T23:42:08","modified_gmt":"2024-09-23T05:42:08","slug":"atiende-naucalpan-puntualmente-afectaciones-por-lluvias-anibal-bram-falcon","status":"publish","type":"post","link":"https:\/\/www.diarioimagen.net\/?p=634098","title":{"rendered":"Atiende Naucalpan puntualmente afectaciones por lluvias: Anibal\u00a0Bram\u00a0Falc\u00f3n"},"content":{"rendered":"<p>&nbsp;<\/p>\n<ul>\n<li><em><strong>En alerta permanente<\/strong><\/em><\/li>\n<\/ul>\n<p><strong>\u00a0<\/strong><\/p>\n<h6>Arturo Baena<\/h6>\n<p>&nbsp;<\/p>\n<div id=\"attachment_634217\" style=\"width: 430px\" class=\"wp-caption aligncenter\"><a href=\"https:\/\/www.diarioimagen.net\/?attachment_id=634217\" rel=\"attachment wp-att-634217\"><img loading=\"lazy\" decoding=\"async\" aria-describedby=\"caption-attachment-634217\" class=\"wp-image-634217\" src=\"https:\/\/www.diarioimagen.net\/wp-content\/uploads\/2024\/09\/atiende-naucalpan.jpg\" alt=\"\" width=\"420\" height=\"247\" srcset=\"https:\/\/www.diarioimagen.net\/wp-content\/uploads\/2024\/09\/atiende-naucalpan.jpg 460w, https:\/\/www.diarioimagen.net\/wp-content\/uploads\/2024\/09\/atiende-naucalpan-240x141.jpg 240w\" sizes=\"auto, (max-width: 420px) 100vw, 420px\" \/><\/a><p id=\"caption-attachment-634217\" class=\"wp-caption-text\">Anibal Bram Falc\u00f3n, titular de Servicios P\u00fablicos, afirm\u00f3 que personal de diversas dependencias de Naucalpan se mantienen en alerta por las lluvias.<\/p><\/div>\n<p>&nbsp;<\/p>\n<p><strong>Naucalpan, Estado de M\u00e9xico.\u2014<\/strong> Las afectaciones derivadas por\u00a0 las constantes lluvias en esta localidad, como lo son la ca\u00edda de \u00e1rboles, inundaciones y el desazolve de calles y avenidas, entre otras, son debidamente atendidas por \u00e1reas del gobierno municipal, como lo es Servicios P\u00fablicos, Protecci\u00f3n Civil y Bomberos.<\/p>\n<p>Entrevistado durante la supervisi\u00f3n de los trabajos por diversos puntos del territorio, el titular de la Direcci\u00f3n de Servicios P\u00fablicos,\u00a0 Anibal Bram Falc\u00f3n, afirm\u00f3 que personal de diversas dependencias de Naucalpan se mantienen en alerta por las intensas lluvias que se est\u00e1n registrando y se est\u00e1n retirando \u00e1rboles ca\u00eddos y limpiando calles y avenidas afectadas.<\/p>\n<p>Bram Falc\u00f3n indic\u00f3 que se atendieron \u00e1rboles ca\u00eddos en las ccomunidades como son Rosa de Castilla, Boulevares, M\u00e9xico 68, Lomas de San Mateo, Prado de San Mateo y Jardines de San Mateo, en donde por cierto, en \u00a0los \u00faltimos puntos, dos viviendas resultaron afectadas.<\/p>\n<p>El funcionario municipal puntualiz\u00f3 que por instrucciones de la presidenta municipal, Ang\u00e9lica Moya, se realizan operativos permanentes de alerta ante cualquier contingencia e hizo un llamado a la poblaci\u00f3n a reportar cualquier incidente.<\/p>\n<p>Finalmente, Anibal Bram se\u00f1al\u00f3 que existe una plena coordinaci\u00f3n entre los diferentes \u00f3rdenes de gobierno, para atender de manera puntual cualquier emergencia en el municipio.<\/p>\n","protected":false},"excerpt":{"rendered":"<p>Las afectaciones derivadas por\u00a0 las constantes lluvias en esta localidad, como lo son la ca\u00edda de \u00e1rboles, inundaciones y el desazolve de calles y avenidas, entre otras, son debidamente atendidas por \u00e1reas del gobierno municipal, como lo es Servicios P\u00fablicos, Protecci\u00f3n Civil y Bomberos.<\/p>\n","protected":false},"author":3,"featured_media":634217,"comment_status":"open","ping_status":"open","sticky":false,"template":"","format":"standard","meta":{"_monsterinsights_skip_tracking":false,"_monsterinsights_sitenote_active":false,"_monsterinsights_sitenote_note":"","_monsterinsights_sitenote_category":0,"footnotes":""},"categories":[5],"tags":[100858,1849,970],"class_list":["post-634098","post","type-post","status-publish","format-standard","has-post-thumbnail","hentry","category-estado-de-mexico","tag-anibal-bram-falcon","tag-lluvias","tag-naucalpan"],"_links":{"self":[{"href":"https:\/\/www.diarioimagen.net\/index.php?rest_route=\/wp\/v2\/posts\/634098","targetHints":{"allow":["GET"]}}],"collection":[{"href":"https:\/\/www.diarioimagen.net\/index.php?rest_route=\/wp\/v2\/posts"}],"about":[{"href":"https:\/\/www.diarioimagen.net\/index.php?rest_route=\/wp\/v2\/types\/post"}],"author":[{"embeddable":true,"href":"https:\/\/www.diarioimagen.net\/index.php?rest_route=\/wp\/v2\/users\/3"}],"replies":[{"embeddable":true,"href":"https:\/\/www.diarioimagen.net\/index.php?rest_route=%2Fwp%2Fv2%2Fcomments&post=634098"}],"version-history":[{"count":0,"href":"https:\/\/www.diarioimagen.net\/index.php?rest_route=\/wp\/v2\/posts\/634098\/revisions"}],"wp:featuredmedia":[{"embeddable":true,"href":"https:\/\/www.diarioimagen.net\/index.php?rest_route=\/wp\/v2\/media\/634217"}],"wp:attachment":[{"href":"https:\/\/www.diarioimagen.net\/index.php?rest_route=%2Fwp%2Fv2%2Fmedia&parent=634098"}],"wp:term":[{"taxonomy":"category","embeddable":true,"href":"https:\/\/www.diarioimagen.net\/index.php?rest_route=%2Fwp%2Fv2%2Fcategories&post=634098"},{"taxonomy":"post_tag","embeddable":true,"href":"https:\/\/www.diarioimagen.net\/index.php?rest_route=%2Fwp%2Fv2%2Ftags&post=634098"}],"curies":[{"name":"wp","href":"https:\/\/api.w.org\/{rel}","templated":true}]}}