{"id":634102,"date":"2024-09-20T00:03:02","date_gmt":"2024-09-20T06:03:02","guid":{"rendered":"https:\/\/www.diarioimagen.net\/?p=634102"},"modified":"2024-09-20T02:14:41","modified_gmt":"2024-09-20T08:14:41","slug":"abordaran-en-cabildo-abierto-tema-de-cancer-de-mama-en-naucalpan","status":"publish","type":"post","link":"https:\/\/www.diarioimagen.net\/?p=634102","title":{"rendered":"Abordar\u00e1n en Cabildo Abierto tema de\u00a0\u201cc\u00e1ncer de mama\u201d, en Naucalpan"},"content":{"rendered":"<p>&nbsp;<\/p>\n<p><a href=\"https:\/\/www.diarioimagen.net\/?attachment_id=634220\" rel=\"attachment wp-att-634220\"><img loading=\"lazy\" decoding=\"async\" class=\"aligncenter size-full wp-image-634220\" src=\"https:\/\/www.diarioimagen.net\/wp-content\/uploads\/2024\/09\/abordaran-en-cabildo.jpg\" alt=\"\" width=\"460\" height=\"270\" srcset=\"https:\/\/www.diarioimagen.net\/wp-content\/uploads\/2024\/09\/abordaran-en-cabildo.jpg 460w, https:\/\/www.diarioimagen.net\/wp-content\/uploads\/2024\/09\/abordaran-en-cabildo-240x141.jpg 240w\" sizes=\"auto, (max-width: 460px) 100vw, 460px\" \/><\/a><\/p>\n<p>&nbsp;<\/p>\n<p><strong>Naucalpan, Estado de M\u00e9xico.\u2014 <\/strong>Habitantes de este municipio podr\u00e1n participar en el Cabildo Abierto del pr\u00f3ximo 3 de octubre, donde se abordar\u00e1 el tema \u201cLa sensibilizaci\u00f3n en la detecci\u00f3n y tratamiento de c\u00e1ncer de mama\u201d, cuyos interesados deber\u00e1n registrarse previamente.<\/p>\n<p>Los Cabildos Abiertos son las sesiones que celebra el Ayuntamiento para que habitantes del municipio participen directamente con derecho a voz, pero sin voto, para discutir asuntos de inter\u00e9s. Durante la Cent\u00e9sima Vig\u00e9sima Segunda Sesi\u00f3n Ordinaria, los integrantes del Cuerpo Edilicio aprobaron por unanimidad emitir dicha convocatoria debido a la importancia de prevenir esta enfermedad para salvar vidas.<\/p>\n<p>&nbsp;<\/p>\n","protected":false},"excerpt":{"rendered":"<p>Habitantes de este municipio podr\u00e1n participar en el Cabildo Abierto del pr\u00f3ximo 3 de octubre, donde se abordar\u00e1 el tema \u201cLa sensibilizaci\u00f3n en la detecci\u00f3n y tratamiento de c\u00e1ncer de mama\u201d, cuyos interesados deber\u00e1n registrarse previamente.<\/p>\n","protected":false},"author":3,"featured_media":634220,"comment_status":"open","ping_status":"open","sticky":false,"template":"","format":"standard","meta":{"_monsterinsights_skip_tracking":false,"_monsterinsights_sitenote_active":false,"_monsterinsights_sitenote_note":"","_monsterinsights_sitenote_category":0,"footnotes":""},"categories":[5],"tags":[2515,43675,970],"class_list":["post-634102","post","type-post","status-publish","format-standard","has-post-thumbnail","hentry","category-estado-de-mexico","tag-cancer-de-mama","tag-estado-de-mexico","tag-naucalpan"],"_links":{"self":[{"href":"https:\/\/www.diarioimagen.net\/index.php?rest_route=\/wp\/v2\/posts\/634102","targetHints":{"allow":["GET"]}}],"collection":[{"href":"https:\/\/www.diarioimagen.net\/index.php?rest_route=\/wp\/v2\/posts"}],"about":[{"href":"https:\/\/www.diarioimagen.net\/index.php?rest_route=\/wp\/v2\/types\/post"}],"author":[{"embeddable":true,"href":"https:\/\/www.diarioimagen.net\/index.php?rest_route=\/wp\/v2\/users\/3"}],"replies":[{"embeddable":true,"href":"https:\/\/www.diarioimagen.net\/index.php?rest_route=%2Fwp%2Fv2%2Fcomments&post=634102"}],"version-history":[{"count":0,"href":"https:\/\/www.diarioimagen.net\/index.php?rest_route=\/wp\/v2\/posts\/634102\/revisions"}],"wp:featuredmedia":[{"embeddable":true,"href":"https:\/\/www.diarioimagen.net\/index.php?rest_route=\/wp\/v2\/media\/634220"}],"wp:attachment":[{"href":"https:\/\/www.diarioimagen.net\/index.php?rest_route=%2Fwp%2Fv2%2Fmedia&parent=634102"}],"wp:term":[{"taxonomy":"category","embeddable":true,"href":"https:\/\/www.diarioimagen.net\/index.php?rest_route=%2Fwp%2Fv2%2Fcategories&post=634102"},{"taxonomy":"post_tag","embeddable":true,"href":"https:\/\/www.diarioimagen.net\/index.php?rest_route=%2Fwp%2Fv2%2Ftags&post=634102"}],"curies":[{"name":"wp","href":"https:\/\/api.w.org\/{rel}","templated":true}]}}