{"id":634121,"date":"2024-09-20T00:04:26","date_gmt":"2024-09-20T06:04:26","guid":{"rendered":"https:\/\/www.diarioimagen.net\/?p=634121"},"modified":"2024-09-20T02:04:17","modified_gmt":"2024-09-20T08:04:17","slug":"prendeme-un-musical-que-te-estremecera","status":"publish","type":"post","link":"https:\/\/www.diarioimagen.net\/?p=634121","title":{"rendered":"Pr\u00e9ndeMe: Un musical que te estremecer\u00e1"},"content":{"rendered":"<p>&nbsp;<\/p>\n<h2 style=\"text-align: center;\">Todos los lunes a las 20:30 horas<\/h2>\n<p><strong>\u00a0<\/strong><\/p>\n<ul>\n<li><strong><em>Se presenta en el Teatro Sogem Wilberto Cant\u00f3n<\/em><\/strong><\/li>\n<\/ul>\n<p><strong>\u00a0<\/strong><\/p>\n<h6>Mitzi Fern\u00e1ndez<\/h6>\n<p>&nbsp;<\/p>\n<div id=\"attachment_634207\" style=\"width: 470px\" class=\"wp-caption aligncenter\"><a href=\"https:\/\/www.diarioimagen.net\/?attachment_id=634207\" rel=\"attachment wp-att-634207\"><img loading=\"lazy\" decoding=\"async\" aria-describedby=\"caption-attachment-634207\" class=\"size-full wp-image-634207\" src=\"https:\/\/www.diarioimagen.net\/wp-content\/uploads\/2024\/09\/prendeme.jpg\" alt=\"\" width=\"460\" height=\"270\" srcset=\"https:\/\/www.diarioimagen.net\/wp-content\/uploads\/2024\/09\/prendeme.jpg 460w, https:\/\/www.diarioimagen.net\/wp-content\/uploads\/2024\/09\/prendeme-240x141.jpg 240w\" sizes=\"auto, (max-width: 460px) 100vw, 460px\" \/><\/a><p id=\"caption-attachment-634207\" class=\"wp-caption-text\">El elenco que alternan funciones est\u00e1 formado por Gonzalo Aburto de la Fuente, Peter \u00c1lvarez, Luis Anduaga y Johnny Montero.<\/p><\/div>\n<p>&nbsp;<\/p>\n<p>Bajo la producci\u00f3n de Ricardo Ian, con la direcci\u00f3n de Jaime Rojas Pr\u00e9ndeMe el musical se presenta los lunes en el Teatro Sogem Wilberto Cant\u00f3n a las 20:30 horas.<\/p>\n<p>Esta historia basada en hechos reales est\u00e1 escrita por Stephen Dolginoff, trata de la relaci\u00f3n entre Richard Loeb y Nathan Leopold, quienes viv\u00edan en Chicago en 1924, lugar en el que cometieron un crimen brutal. Que, si bien es la consecuencia de eta t\u00f3xica relaci\u00f3n, no es el tema principal en la obra.<\/p>\n<p>El elenco que alternan funciones est\u00e1 formado por Gonzalo Aburto de la Fuente, Peter \u00c1lvarez, Luis Anduaga y Johnny Montero.<\/p>\n<p>En conferencia de prensa el productor Ricardo Ian, explic\u00f3 detalles de la obra \u201cgracias por estar aqu\u00ed, este es un proyecto que lleva un a\u00f1o cosech\u00e1ndose, y lleva tres meses en temporada es un thriller psicol\u00f3gico, que ha estado en Corea del Sur y llega por primera vez con un gran director y elenco. Como productor independiente ha sido dif\u00edcil de traer una historia diferente\u201d.<\/p>\n<p>En cuanto a c\u00f3mo llego al texto dijo \u201cGracias a Claudio Morales que me invit\u00f3 a una puesta en escena fue la que me llev\u00f3 a este texto con otra propuesta. Fue en el 2019 que contacte al autor, y pens\u00e9 en Jaime en seguida para que dirigiera. Tambi\u00e9n agradezco al autor que me guio en todo el camino\u201d.<\/p>\n<p>Las palabras de Jaime Rojas fueron \u201ces un tema universal y cuantos no hemos conectado con historias tan desgarradoras, lo dif\u00edcil fue esa l\u00ednea de darle la seriedad y no ridiculizar a los personajes, mi experiencia en musicales me comprometi\u00f3 a hacer un espect\u00e1culo digno\u201d.<\/p>\n<p>Al ser un tema delicado Rojas aclar\u00f3 \u201cNo tratamos de promover la violencia, si no visibilizar la violencia que ha estado todo el tiempo en las relaciones t\u00f3xicas, creo que es un tema actual, el mensaje depende como lo quieras ver si te reflejas en los personajes y cambias o si solo lo vez\u201d.<\/p>\n<p>Los actores quienes tambi\u00e9n estuvieron presentes y describieron su emoci\u00f3n ante el proyecto, que si bien ya se estren\u00f3, siguen sintiendo la emoci\u00f3n a tope, Gonzalo Aburto mencion\u00f3 \u201cme emocion\u00f3 el proyecto, que las canciones tienen mucha parte en la historia, a pesar de ser personajes reales se les agrand\u00f3 en la historia y me gusto encontrar lo que hab\u00eda en la cabeza del personaje\u201d.<\/p>\n<p>Peter \u00c1lvarez extern\u00f3 \u201ces una obra que no estamos acostumbrados a ver y trae un mensaje m\u00e1s all\u00e1, es esa complejidad de que son humanos pues los podemos ver bondadosos o violentos, tambi\u00e9n hasta qu\u00e9 punto llegamos por una persona hasta que punto te puedes perder por una persona. Ha sido una experiencia inolvidable\u201d.<\/p>\n<p>Johnny Montero dijo \u201clo que me atrap\u00f3 primero fue el t\u00edtulo, pues cuando lo escuchas se puede interpretar de muchas maneras, pero cuando ves la obra, notas que se relaciona en todo lo que pudiste pensar del t\u00edtulo. Desde que vi el libreto me prendi\u00f3\u201d.<\/p>\n<p>Luis Anduaga por otro lado coment\u00f3 \u201cpara mi es una historia y personajes muy complejos, el reto para m\u00ed fue como poder entender al personaje, con el guion que si tenemos mucho como entenderlo\u201d.<\/p>\n<p>Los actores y el director est\u00e1n de acuerdo con que es una obra muy bien cuidada y ejecutada en donde no solo los personajes son parte de ella pues las luces, la m\u00fasica y el piano llegan a ser como personajes que te envuelven en este ambiente.<\/p>\n<p>Las funciones son los lunes a las 20:30, cada semana se Alternan el d\u00fao de actores. Boletos disponibles en taquilla del teatro y en Ticketmaster, puedes estar atento a las promociones en redes sociales.<\/p>\n","protected":false},"excerpt":{"rendered":"<p>Bajo la producci\u00f3n de Ricardo Ian, con la direcci\u00f3n de Jaime Rojas Pr\u00e9ndeMe el musical se presenta los lunes en el Teatro Sogem Wilberto Cant\u00f3n a las 20:30 horas.<\/p>\n","protected":false},"author":3,"featured_media":634207,"comment_status":"open","ping_status":"open","sticky":false,"template":"","format":"standard","meta":{"_monsterinsights_skip_tracking":false,"_monsterinsights_sitenote_active":false,"_monsterinsights_sitenote_note":"","_monsterinsights_sitenote_category":0,"footnotes":""},"categories":[48033],"tags":[714,100864,86950],"class_list":["post-634121","post","type-post","status-publish","format-standard","has-post-thumbnail","hentry","category-teatro","tag-estreno","tag-prendeme","tag-teatro-sogem-wilberto-canton"],"_links":{"self":[{"href":"https:\/\/www.diarioimagen.net\/index.php?rest_route=\/wp\/v2\/posts\/634121","targetHints":{"allow":["GET"]}}],"collection":[{"href":"https:\/\/www.diarioimagen.net\/index.php?rest_route=\/wp\/v2\/posts"}],"about":[{"href":"https:\/\/www.diarioimagen.net\/index.php?rest_route=\/wp\/v2\/types\/post"}],"author":[{"embeddable":true,"href":"https:\/\/www.diarioimagen.net\/index.php?rest_route=\/wp\/v2\/users\/3"}],"replies":[{"embeddable":true,"href":"https:\/\/www.diarioimagen.net\/index.php?rest_route=%2Fwp%2Fv2%2Fcomments&post=634121"}],"version-history":[{"count":0,"href":"https:\/\/www.diarioimagen.net\/index.php?rest_route=\/wp\/v2\/posts\/634121\/revisions"}],"wp:featuredmedia":[{"embeddable":true,"href":"https:\/\/www.diarioimagen.net\/index.php?rest_route=\/wp\/v2\/media\/634207"}],"wp:attachment":[{"href":"https:\/\/www.diarioimagen.net\/index.php?rest_route=%2Fwp%2Fv2%2Fmedia&parent=634121"}],"wp:term":[{"taxonomy":"category","embeddable":true,"href":"https:\/\/www.diarioimagen.net\/index.php?rest_route=%2Fwp%2Fv2%2Fcategories&post=634121"},{"taxonomy":"post_tag","embeddable":true,"href":"https:\/\/www.diarioimagen.net\/index.php?rest_route=%2Fwp%2Fv2%2Ftags&post=634121"}],"curies":[{"name":"wp","href":"https:\/\/api.w.org\/{rel}","templated":true}]}}