{"id":634127,"date":"2024-09-20T00:00:10","date_gmt":"2024-09-20T06:00:10","guid":{"rendered":"https:\/\/www.diarioimagen.net\/?p=634127"},"modified":"2024-09-20T00:30:10","modified_gmt":"2024-09-20T06:30:10","slug":"simulacro-nacional-en-cancun","status":"publish","type":"post","link":"https:\/\/www.diarioimagen.net\/?p=634127","title":{"rendered":"Simulacro Nacional en Canc\u00fan"},"content":{"rendered":"<h2>Hora 14<\/h2>\n<h5>Mauricio Conde Olivares<\/h5>\n<p>&nbsp;<\/p>\n<p>Con la participaci\u00f3n en Canc\u00fan de m\u00e1s de 400 personas entre voluntarios, autoridades municipales y primeros respondientes de las corporaciones de emergencia, se vivi\u00f3 el Simulacro Nacional de Protecci\u00f3n Civil en el Municipio de Benito Ju\u00e1rez, en conmemoraci\u00f3n al D\u00eda Nacional de Protecci\u00f3n Civil, mediante la hip\u00f3tesis de un incendio incipiente en una de las oficinas del Palacio Municipal y a su vez, un accidente de cami\u00f3n con m\u00faltiples lesionados en el camell\u00f3n central de la Av. Tulum.<\/p>\n<p>\u201cNuestra Direcci\u00f3n de Protecci\u00f3n Civil cuenta hoy con todos los elementos necesarios para atender emergencia o riesgos. Tenemos dos ambulancias: una por medio del ERUM y otra por Protecci\u00f3n Civil, completamente equipadas para traslado, radios y cuatrimotos. Quiero agradecer a todos por la coordinaci\u00f3n de equipo junto a los voluntarios. Decirles que es importante que tengamos esa cultura de prevenci\u00f3n, por eso deben marcar al 911 para cualquier tipo de riesgos o emergencias\u201d, dijo la Presidenta Municipal, Ana Paty Peralta, en el marco del simulacro.<\/p>\n<p>En el ejercicio realizado ayer en punto de las 11:00 horas Centro de M\u00e9xico y 12:00 horas en Quintana Roo, se activ\u00f3 la alarma de prevenci\u00f3n ubicada a un costado de las escaleras del Palacio Municipal, al detectarse un incendio, que gener\u00f3 la evacuaci\u00f3n de 347 personas en total: 180 mujeres, 151 hombres, siete menores, siete adultos mayores y dos personas con discapacidad, quienes fueron concentradas en los puntos de reuni\u00f3n: estacionamiento de presidencia y otro m\u00e1s, en regidores.<\/p>\n<p>A las 12:06, se report\u00f3 un accidente vehicular con m\u00faltiples heridos, debido al incendio registrado por la volcadura en la Av. Tulum, en el que participaron unidades de rescate, seguridad, extracci\u00f3n y ambulancia de Protecci\u00f3n Civil, con un total de 94 elementos distribuidos. Pocos minutos despu\u00e9s, a las 12:10 arribaron bomberos, quienes comenzaron a sofocar el fuego y posteriormente extraer a los lesionados.<\/p>\n<p>La activaci\u00f3n de los c\u00f3digos rojos se registr\u00f3 a las 12:22 horas ante el peligro inminente del resto de los heridos que a\u00fan permanec\u00edan al interior del autob\u00fas, procediendo a realizar cortes con sierra para la extracci\u00f3n de personas, apoyados con elementos de la Cruz Roja, quienes trasladan a los lesionados en ambulancias para su atenci\u00f3n inmediata, retir\u00e1ndose el equipo de extracci\u00f3n a las 12:36 horas.<\/p>\n<p>Durante el traslado se observ\u00f3 a una mujer embarazada que presentaba m\u00faltiples heridas en cuerpo y cara, as\u00ed como otras personas con lesiones en brazos y piernas que ameritaron su atenci\u00f3n m\u00e9dica en el hospital, concluyendo satisfactoriamente el simulacro.<\/p>\n<p>A final del simulacro, el director de Protecci\u00f3n Civil, Antonio Riveroll Ribbon, asegur\u00f3 que el ejercicio refleja el funcionamiento del sistema de comando y la coordinaci\u00f3n de las unidades de emergencia entre el gobierno del estado y municipal, as\u00ed como la Secretar\u00eda Municipal de Seguridad Ciudadana y Tr\u00e1nsito, Secretar\u00eda de Marina, Secretar\u00eda de la Defensa Nacional, Guardia Nacional y Cruz Roja como sociedad civil.<\/p>\n<p>Ahora, d\u00e9jeme comentarle que durante su Informe de Gobierno, la Presidenta Municipal, Ana Paty Peralta, expres\u00f3 que en coordinaci\u00f3n con los tres \u00f3rdenes de gobierno, empresas y todos los sectores de la sociedad, se ha contribuido para mantener el liderazgo de Canc\u00fan en el sector tur\u00edstico a nivel local, regional, nacional e internacional.<\/p>\n<p>\u201cSomos de los principales destinos tur\u00edsticos del mundo y esto es gracias a nuestra enorme riqueza cultural, gastron\u00f3mica, hermosas playas, infraestructura de primer nivel; el aeropuerto con una extraordinaria conectividad a todo el mundo, pero sobre todo, es gracias a la calidez de nuestra gente y el excelente servicio que brinda la fuerza laboral del mejor destino tur\u00edstico\u201d, enfatiz\u00f3 frente a miles de cancunenses que se dieron cita en el Parque de las Palapas.<\/p>\n<p>Agreg\u00f3 que como muestra de ese \u00e9xito en conjunto Canc\u00fan recibi\u00f3 el reconocimiento como Oficina de Turismo L\u00edder de Ciudades de M\u00e9xico y Centro Am\u00e9rica, y Destino L\u00edder de Reuniones y Conferencias de M\u00e9xico y Centro Am\u00e9rica, en los World Travel Awards 2024, considerado como los \u201cPremios \u00d3scar del turismo mundial\u201d; asimismo, fue sede del Primer Congreso Iberoamericano Sostenible, Inclusivo y Justo, que reuni\u00f3 a representantes de 22 pa\u00edses.<\/p>\n<p>Adem\u00e1s, expres\u00f3 que este polo tur\u00edstico permanece a la vanguardia, con un crecimiento en operaciones a\u00e9reas, ya que en el 2023 se recibieron 32 millones 750 mil 413 visitantes, y para superar esta cifra en el presente a\u00f1o se han inaugurado nuevas rutas.<\/p>\n<p>La Alcaldesa coment\u00f3 que se han implementado diversas actividades a trav\u00e9s de la Secretar\u00eda Municipal de Turismo, la cual destaca la primera edici\u00f3n del Canc\u00fan World Fest, que no solo fue un \u00e9xito en cuanto a entretenimiento, sino que tambi\u00e9n gener\u00f3 una derrama econ\u00f3mica superior a los 14 millones de pesos.<\/p>\n<p>Tambi\u00e9n, le comento que la Presidenta Municipal, Ana Paty Peralta, realiz\u00f3 el nombramiento oficial de Nohamy Hermida Nieves, como titular de la reci\u00e9n creada Direcci\u00f3n de Atenci\u00f3n a la Diversidad Sexual, quien desde ahora velar\u00e1 por el bienestar de la comunidad LGBTQ+ y sus intereses.<\/p>\n<p>Durante la entrega de esta nueva encomienda, realizada en el despacho de la Presidencia Municipal, la Alcaldesa dijo que este d\u00eda es importante en el municipio porque se da un paso hacia la inclusi\u00f3n. Adem\u00e1s, pidi\u00f3 a la titular trabajar duro para dar los resultados que los cancunenses esperan.<\/p>\n<p>Nohamy Hermida Nieves es una destacada activista social, con un perfil acad\u00e9mico en Relaciones Internacionales y Comercio Exterior, que ha dedicado su vida a impulsar la igualdad y la justicia para la comunidad LGBTQ+ en Quintana Roo.<\/p>\n<p>La nueva funcionaria es fundadora de TransCendiendo Quintana Roo, ha sido impulsora en la promoci\u00f3n de la \u201cLey de cambio de identidad y g\u00e9nero\u201d y ha participado activamente en la lucha contra los cr\u00edmenes de odio en el C\u00f3digo Penal de Quintana Roo, adem\u00e1s de ser integrante de la Red Municipal de Mujeres Luchadoras por la Paz, demostrando su compromiso con la inclusi\u00f3n social y la justicia para todas las personas.<\/p>\n<p>La nueva Direcci\u00f3n contar\u00e1 con las coordinaciones de: Vinculaci\u00f3n, Investigaci\u00f3n y Proyectos Sociales, Capacitaci\u00f3n y Salud, y Atenci\u00f3n y Seguimiento Integral.<\/p>\n<p>Esto debido a que se atender\u00e1n las necesidades de ese sector de la poblaci\u00f3n que enfrenta obst\u00e1culos e impedimentos para el pleno goce de sus derechos, adem\u00e1s realizar\u00e1n acciones que coadyuven a evitar la exclusi\u00f3n, el maltrato y la discriminaci\u00f3n en el ejercicio de los derechos de la comunidad LGBTI+, a efecto de que puedan vivir libres de cualquier tipo de segregaci\u00f3n y bajo un esquema de inclusi\u00f3n.<\/p>\n<p>En otro tema, la Secretar\u00eda de Infraestructura, Comunicaciones y Transportes (SICT), a trav\u00e9s de la Agencia Espacial Mexicana (AEM), en coordinaci\u00f3n con la Secretar\u00eda de Relaciones Exteriores (SRE), se sumar\u00e1 a alianzas satelitales internacionales ante el Cambio Clim\u00e1tico, dentro del Grupo de los 20 (G20).<\/p>\n<p>El director general de la AEM, Salvador Landeros Ayala, explic\u00f3 que la mitad de las 52 principales variables de medici\u00f3n del Cambio Clim\u00e1tico se obtienen v\u00eda sat\u00e9lite, y que es primordial articular estrategias conjuntas ante este problema, ya que s\u00f3lo lo que se puede medir se puede mejorar.<\/p>\n<p>Es importante se\u00f1alar que instancias como el \u201cPanel Intergubernamental de Expertos sobre Cambio Clim\u00e1tico\u201d (IPCC, en ingl\u00e9s) han advertido al mundo de este serio peligro, calific\u00e1ndolo como \u201cposiblemente, el mayor reto compartido de la humanidad\u201d.<\/p>\n<p>La comunidad cient\u00edfica advierte que una intensificaci\u00f3n at\u00edpica de huracanes se hace m\u00e1s probable por los efectos del Cambio Clim\u00e1tico, y que el calentamiento de los oc\u00e9anos podr\u00eda inducir tormentas cada vez m\u00e1s fuertes, pero faltan estrategias para su mitigaci\u00f3n y adaptaci\u00f3n.<\/p>\n<p>\u201cM\u00e9xico se sumar\u00e1 a iniciativas para aplicar herramientas satelitales a estrategias focalizadas de mitigaci\u00f3n del cambio clim\u00e1tico, ya tenemos conversaciones con agencias espaciales de pa\u00edses como India, Reino Unido, y Paraguay\u201d, subray\u00f3 en esta \u201c5a. Reuni\u00f3n de L\u00edderes de la Econom\u00eda Espacial\u201d del G20.<\/p>\n<p>En el panel \u201cMitigaci\u00f3n de Cambio Clim\u00e1tico: Estrategias de Acci\u00f3n y Coordinaci\u00f3n\u201d, present\u00f3 el proyecto de talento mexicano \u201cObservatorio Mexicano del Clima y la Composici\u00f3n Atmosf\u00e9rica\u201d (OMECCA), de AEM, con el Instituto de Ciencias de la Atm\u00f3sfera y Cambio Clim\u00e1tico (UNAM), y el Instituto Nacional de Ecolog\u00eda y Cambio Clim\u00e1tico (INECC).<\/p>\n<p>OMECCA hoy ya realiza mediciones detalladas de flujos de carbono y vapor de agua desde el sureste mexicano, validando datos de dispositivos satelitales internacionales, como \u201cTEMPO\u201d de NASA, y se ampliar\u00e1 a \u201cSentinel 5P\u201d, \u201cOCO 2 y 3\u201d, y \u201cGOSAT\u201d, de las agencias espaciales europea (ESA), estadounidense (NASA), y japonesa (JAXA), respectivamente.<\/p>\n<p>Pero, a nivel mundial, existe gran necesidad cient\u00edfica de m\u00e1s datos sistematizados para la comprensi\u00f3n de los efectos del calentamiento global, contaminantes atmosf\u00e9ricos y gases de efecto invernadero, eso s\u00f3lo puede lograrse con colaboraci\u00f3n internacional de alto nivel, concluy\u00f3.<\/p>\n<p>La participaci\u00f3n de M\u00e9xico en el G20, tanto en los trabajos como en la declaratoria final, fue ampliamente reconocida por los pa\u00edses miembros, refrend\u00e1ndose la vocaci\u00f3n visionaria y solidaria de nuestro pa\u00eds, para enfocar la tecnolog\u00eda espacial y satelital en beneficio social de la poblaci\u00f3n; empero, lo anterior ser\u00e1 motivo de otro an\u00e1lisis en posterior entrega de <strong><em>HORA 14<\/em><\/strong>.<\/p>\n<p><em><a href=\"mailto:%20mauricio_conde@msn.com\" target=\"_blank\" rel=\"noopener noreferrer\">mauricioconde59@outlook.com<\/a><\/em><br \/>\nX<em>: <a href=\"https:\/\/twitter.com\/mauconde?lang=es\" target=\"_blank\" rel=\"noopener\">@mauconde<\/a><\/em><\/p>\n","protected":false},"excerpt":{"rendered":"<p><span style=\"color: #005497;\"><strong>Mauricio Conde Olivares<\/strong><\/span><\/p>\n","protected":false},"author":3,"featured_media":0,"comment_status":"open","ping_status":"open","sticky":false,"template":"","format":"standard","meta":{"_monsterinsights_skip_tracking":false,"_monsterinsights_sitenote_active":false,"_monsterinsights_sitenote_note":"","_monsterinsights_sitenote_category":0,"footnotes":""},"categories":[35889],"tags":[43712,43674,44860],"class_list":["post-634127","post","type-post","status-publish","format-standard","hentry","category-mauricio-conde-olivares","tag-mauricio-conde-olivares","tag-opinion","tag-hora-14"],"_links":{"self":[{"href":"https:\/\/www.diarioimagen.net\/index.php?rest_route=\/wp\/v2\/posts\/634127","targetHints":{"allow":["GET"]}}],"collection":[{"href":"https:\/\/www.diarioimagen.net\/index.php?rest_route=\/wp\/v2\/posts"}],"about":[{"href":"https:\/\/www.diarioimagen.net\/index.php?rest_route=\/wp\/v2\/types\/post"}],"author":[{"embeddable":true,"href":"https:\/\/www.diarioimagen.net\/index.php?rest_route=\/wp\/v2\/users\/3"}],"replies":[{"embeddable":true,"href":"https:\/\/www.diarioimagen.net\/index.php?rest_route=%2Fwp%2Fv2%2Fcomments&post=634127"}],"version-history":[{"count":0,"href":"https:\/\/www.diarioimagen.net\/index.php?rest_route=\/wp\/v2\/posts\/634127\/revisions"}],"wp:attachment":[{"href":"https:\/\/www.diarioimagen.net\/index.php?rest_route=%2Fwp%2Fv2%2Fmedia&parent=634127"}],"wp:term":[{"taxonomy":"category","embeddable":true,"href":"https:\/\/www.diarioimagen.net\/index.php?rest_route=%2Fwp%2Fv2%2Fcategories&post=634127"},{"taxonomy":"post_tag","embeddable":true,"href":"https:\/\/www.diarioimagen.net\/index.php?rest_route=%2Fwp%2Fv2%2Ftags&post=634127"}],"curies":[{"name":"wp","href":"https:\/\/api.w.org\/{rel}","templated":true}]}}