{"id":634257,"date":"2024-09-23T00:02:53","date_gmt":"2024-09-23T06:02:53","guid":{"rendered":"https:\/\/www.diarioimagen.net\/?p=634257"},"modified":"2024-09-24T03:03:55","modified_gmt":"2024-09-24T09:03:55","slug":"violencia-y-falta-de-promocion-de-destinos-pegan-al-sector-turistico","status":"publish","type":"post","link":"https:\/\/www.diarioimagen.net\/?p=634257","title":{"rendered":"Violencia y falta de promoci\u00f3n de destinos pegan al\u00a0sector tur\u00edstico"},"content":{"rendered":"<p>&nbsp;<\/p>\n<h2 style=\"text-align: center;\">Disminuye flujo de paseantes<\/h2>\n<p><em>\u00a0<\/em><\/p>\n<ul>\n<li><strong><em>Otros pa\u00edses aprovechan coyuntura y compiten por los visitantes internacionales<\/em><\/strong><\/li>\n<\/ul>\n<p>&nbsp;<\/p>\n<div id=\"attachment_634355\" style=\"width: 470px\" class=\"wp-caption aligncenter\"><a href=\"https:\/\/www.diarioimagen.net\/?attachment_id=634355\" rel=\"attachment wp-att-634355\"><img loading=\"lazy\" decoding=\"async\" aria-describedby=\"caption-attachment-634355\" class=\"size-full wp-image-634355\" src=\"https:\/\/www.diarioimagen.net\/wp-content\/uploads\/2024\/09\/violencia-y-falta-de-promocion.jpg\" alt=\"\" width=\"460\" height=\"270\" srcset=\"https:\/\/www.diarioimagen.net\/wp-content\/uploads\/2024\/09\/violencia-y-falta-de-promocion.jpg 460w, https:\/\/www.diarioimagen.net\/wp-content\/uploads\/2024\/09\/violencia-y-falta-de-promocion-240x141.jpg 240w\" sizes=\"auto, (max-width: 460px) 100vw, 460px\" \/><\/a><p id=\"caption-attachment-634355\" class=\"wp-caption-text\">La fuerte competencia de otros destinos y la falta de oferta en el mercado dom\u00e9stico, aunado a la inseguridad, est\u00e1n da\u00f1ando a los destinos tur\u00edsticos mexicanos con una baja en afluencia tur\u00edstica.<\/p><\/div>\n<p>&nbsp;<\/p>\n<p>Una d\u00e9bil promoci\u00f3n tur\u00edstica del pa\u00eds, la fuerte competencia de otros destinos y la falta de oferta en el mercado dom\u00e9stico, aunado a la inseguridad, est\u00e1n da\u00f1ando a los destinos tur\u00edsticos mexicanos y dando la oportunidad a otros pa\u00edses, sobre todo de Europa, a competir por los visitantes internacionales, coinciden empresarios del sector.<\/p>\n<p>\u201cEs un hecho que existen varios meses con una desaceleraci\u00f3n y que hay que poner atenci\u00f3n a esto. No es una cosa solamente de la iniciativa privada, sino que es un tema de promoci\u00f3n y obviamente tambi\u00e9n de cuestiones como la inseguridad\u201d, dijo Braulio Arsuaga, presidente del Consejo Nacional Empresarial Tur\u00edstico (CNET).<\/p>\n<p>Si a los desaf\u00edos internos, se agregan la incertidumbre asociada a la reforma judicial y el impacto en los costos por las nuevas prestaciones laborales, \u201cel escenario se enrarece a\u00fan m\u00e1s\u201d, coment\u00f3.<\/p>\n<p>\u201cSi bien el invierno (2023) fue bueno (en cuanto a la llegada de turistas internacionales), este verano fue malo y ya empezamos de nuevo con invierno y no sabemos qu\u00e9 esperar\u201d, se\u00f1al\u00f3.<\/p>\n<p style=\"text-align: center;\"><strong>Freno en inversiones<\/strong><\/p>\n<p>El empresario tur\u00edstico afirma que M\u00e9xico ha frenado sus inversiones en promover su marca y sus principales destinos, especialmente a partir de la desaparici\u00f3n del Consejo de Promoci\u00f3n Tur\u00edstica y esto ha provocado que los competidores globales como los europeos est\u00e9n \u201catacando\u201d con campa\u00f1as mejor armadas y m\u00e1s agresivas, basadas en data y uso de herramientas tecnol\u00f3gicas.<\/p>\n<p>De acuerdo con la Secretar\u00eda de Turismo, de enero a julio de 2024 s\u00f3lo por v\u00eda a\u00e9rea llegaron 13 millones 832 mil turistas internacionales, de los cuales 8 millones 922 mil fueron estadounidenses, principal mercado para M\u00e9xico.<\/p>\n<p>Por su parte, Ian Poot Franco, presidente de Expertos en Turismo y Catedr\u00e1tico de la Universidad Intercontinental, coincidi\u00f3 en que el gobierno federal tiene una deuda con la promoci\u00f3n tur\u00edstica de la marca M\u00e9xico.<\/p>\n<p>Critic\u00f3 que no solo se desapareci\u00f3 al organismo encargado de ello, sino que dej\u00f3 sin recursos a las actividades de promoci\u00f3n tur\u00edstica, por lo que los esfuerzos por reposicionarla han sido casi aislados.<\/p>\n<p>Ambos expertos coincidieron en que la ca\u00edda de visitas al sitio VisitMexico.com, que lleg\u00f3 a ser una plataforma que dotaba de alta visibilidad no s\u00f3lo para los destinos tradicionales de sol y playa sino para los Pueblos M\u00e1gicos y diversas ciudades, es una de las principales evidencias del descuido a la promoci\u00f3n tur\u00edstica del pa\u00eds, que ser\u00e1 dif\u00edcil revertir en los pr\u00f3ximos a\u00f1os.<\/p>\n<p style=\"text-align: center;\"><strong>Se prev\u00e9 retroceso de M\u00e9xico en los rankings mundiales de turismo<\/strong><\/p>\n<p>El presidente del CNET destac\u00f3 la importancia de estar atento a los diversos rankings, donde se advierte el retroceso que M\u00e9xico ha tenido en diversas posiciones, como reflejo de las carencias mencionadas.<\/p>\n<p>Agreg\u00f3 que es fundamental que M\u00e9xico atienda estos retos a la brevedad, para que recupere los lugares que ha venido perdiendo a lo largo de la saliente administraci\u00f3n.<\/p>\n<p>\u201cDurante la reciente reuni\u00f3n que tuvimos con Josefina Rodr\u00edguez Mora, pr\u00f3xima secretaria de Turismo, expresamos la disposici\u00f3n del CNET para trabajar de la mano con el Gobierno federal, para detonar el crecimiento de la industria tur\u00edstica mexicana. Nos encontramos con una funcionaria abierta y receptiva hacia las inquietudes y propuestas de la industria. Confiamos en que se restablezca el di\u00e1logo entre el Gobierno federal y el sector, para que juntos podamos establecer la pol\u00edtica tur\u00edstica del siguiente sexenio\u201d, asever\u00f3.<\/p>\n<p style=\"text-align: center;\"><strong>PIB tur\u00edstico se redujo al 8.4% en 2023<\/strong><\/p>\n<p>La falta de apoyos para una pol\u00edtica tur\u00edstica relevante, ha ocasionado que el PIB tur\u00edstico se haya degradado de manera paulatina pero constante, afirm\u00f3 Francisco Madrid, director del Centro de Investigaci\u00f3n Avanzada en Turismo Sostenible An\u00e1huac Canc\u00fan (STARC por sus siglas en ingl\u00e9s).<\/p>\n<p>En 2009, la participaci\u00f3n del PIB tur\u00edstico respecto al total, se encontraba en 9.6%, mientras que en 2023 se redujo al 8.4%. En l\u00ednea con lo anterior, destac\u00f3 que tambi\u00e9n se advierte un deterioro en el ranking de marca pa\u00eds, ya que M\u00e9xico ocupaba la treceava posici\u00f3n en 2017, mientras que hoy se ubica en el lugar 18.<\/p>\n<p>A\u00f1adi\u00f3 que otro indicador preocupante es el sitio web Visit Mexico, cuya desafortunada gesti\u00f3n ha impactado en la p\u00e9rdida de visibilidad de los destinos y productos tur\u00edsticos mexicanos. En agosto de 2022 se registraron cerca de 3.9 millones de visitantes org\u00e1nicos mensuales, y al presente, apenas supera los 64 mil.<\/p>\n<p>Esta falta de inter\u00e9s, se refleja en los resultados del turismo a\u00e9reo internacional hacia M\u00e9xico, cuya variaci\u00f3n interanual en abril de este a\u00f1o era de 3.4%, y en julio descendi\u00f3 a -3.7%.<\/p>\n<p>Asimismo, Madrid coment\u00f3 que aeropuertos altamente demandados en el pasado, muestran un importante declive en volumen de pasajeros internacionales, durante junio y julio, en comparaci\u00f3n con 2023. Cozumel cay\u00f3 -13.4%, Canc\u00fan -9.6%, Puerto Vallarta -3.4% y los Cabos -2.4%.<\/p>\n<p>&nbsp;<\/p>\n<blockquote><p><strong>Expertos coincidieron en que la ca\u00edda de visitas al sitio <em>VisitMexico.com<\/em>, que lleg\u00f3 a ser una plataforma que dotaba de alta visibilidad no s\u00f3lo para los destinos tradicionales de sol y playa sino para los Pueblos M\u00e1gicos y diversas ciudades, es una de las principales evidencias del descuido a la promoci\u00f3n tur\u00edstica del pa\u00eds, que ser\u00e1 dif\u00edcil revertir<\/strong><\/p><\/blockquote>\n","protected":false},"excerpt":{"rendered":"<p>Una d\u00e9bil promoci\u00f3n tur\u00edstica del pa\u00eds, la fuerte competencia de otros destinos y la falta de oferta en el mercado dom\u00e9stico, aunado a la inseguridad, est\u00e1n da\u00f1ando a los destinos tur\u00edsticos mexicanos y dando la oportunidad a otros pa\u00edses, sobre todo de Europa, a competir por los visitantes internacionales, coinciden empresarios del sector.<\/p>\n","protected":false},"author":3,"featured_media":634355,"comment_status":"open","ping_status":"open","sticky":false,"template":"","format":"standard","meta":{"_monsterinsights_skip_tracking":false,"_monsterinsights_sitenote_active":false,"_monsterinsights_sitenote_note":"","_monsterinsights_sitenote_category":0,"footnotes":""},"categories":[17,11],"tags":[69956,26175,43677,43681,5066],"class_list":["post-634257","post","type-post","status-publish","format-standard","has-post-thumbnail","hentry","category-especiales","category-turismo","tag-promocion","tag-sector-turistico","tag-seguridad","tag-turismo","tag-violencia"],"_links":{"self":[{"href":"https:\/\/www.diarioimagen.net\/index.php?rest_route=\/wp\/v2\/posts\/634257","targetHints":{"allow":["GET"]}}],"collection":[{"href":"https:\/\/www.diarioimagen.net\/index.php?rest_route=\/wp\/v2\/posts"}],"about":[{"href":"https:\/\/www.diarioimagen.net\/index.php?rest_route=\/wp\/v2\/types\/post"}],"author":[{"embeddable":true,"href":"https:\/\/www.diarioimagen.net\/index.php?rest_route=\/wp\/v2\/users\/3"}],"replies":[{"embeddable":true,"href":"https:\/\/www.diarioimagen.net\/index.php?rest_route=%2Fwp%2Fv2%2Fcomments&post=634257"}],"version-history":[{"count":0,"href":"https:\/\/www.diarioimagen.net\/index.php?rest_route=\/wp\/v2\/posts\/634257\/revisions"}],"wp:featuredmedia":[{"embeddable":true,"href":"https:\/\/www.diarioimagen.net\/index.php?rest_route=\/wp\/v2\/media\/634355"}],"wp:attachment":[{"href":"https:\/\/www.diarioimagen.net\/index.php?rest_route=%2Fwp%2Fv2%2Fmedia&parent=634257"}],"wp:term":[{"taxonomy":"category","embeddable":true,"href":"https:\/\/www.diarioimagen.net\/index.php?rest_route=%2Fwp%2Fv2%2Fcategories&post=634257"},{"taxonomy":"post_tag","embeddable":true,"href":"https:\/\/www.diarioimagen.net\/index.php?rest_route=%2Fwp%2Fv2%2Ftags&post=634257"}],"curies":[{"name":"wp","href":"https:\/\/api.w.org\/{rel}","templated":true}]}}