{"id":634267,"date":"2024-09-23T00:08:38","date_gmt":"2024-09-23T06:08:38","guid":{"rendered":"https:\/\/www.diarioimagen.net\/?p=634267"},"modified":"2024-09-23T23:33:20","modified_gmt":"2024-09-24T05:33:20","slug":"integrantes-de-la-facultad-de-humanidades-de-la-uaemex-destacan-en-festival-internacional-de-teatro-universitario-de-la-unam","status":"publish","type":"post","link":"https:\/\/www.diarioimagen.net\/?p=634267","title":{"rendered":"Integrantes de la Facultad de Humanidades de la\u00a0UAEM\u00e9x destacan en Festival Internacional de\u00a0Teatro Universitario de la UNAM\u00a0"},"content":{"rendered":"<p>&nbsp;<\/p>\n<div id=\"attachment_634357\" style=\"width: 470px\" class=\"wp-caption aligncenter\"><a href=\"https:\/\/www.diarioimagen.net\/?attachment_id=634357\" rel=\"attachment wp-att-634357\"><img loading=\"lazy\" decoding=\"async\" aria-describedby=\"caption-attachment-634357\" class=\"size-full wp-image-634357\" src=\"https:\/\/www.diarioimagen.net\/wp-content\/uploads\/2024\/09\/uaem-integrantes-facultad.jpg\" alt=\"\" width=\"460\" height=\"270\" srcset=\"https:\/\/www.diarioimagen.net\/wp-content\/uploads\/2024\/09\/uaem-integrantes-facultad.jpg 460w, https:\/\/www.diarioimagen.net\/wp-content\/uploads\/2024\/09\/uaem-integrantes-facultad-240x141.jpg 240w\" sizes=\"auto, (max-width: 460px) 100vw, 460px\" \/><\/a><p id=\"caption-attachment-634357\" class=\"wp-caption-text\">Con la obra <em>Ogrito<\/em> de Suzanne Lebeau, Israel R\u00edos, Berenice Gonz\u00e1lez y Antonio Isais obtuvieron el primer lugar en la Categor\u00eda C4. Escuelas Profesionales de Teatro para Infancias en el FITU UNAM 2024.<\/p><\/div>\n<p>&nbsp;<\/p>\n<p><strong>Toluca, Estado de M\u00e9xico.<\/strong>\u2014 Con la obra \u201cEl Ogrito\u201d el Grupo Teatral Lunar de la Compa\u00f1\u00eda Universitaria de Teatro de la Universidad Aut\u00f3noma del Estado de M\u00e9xico (UAEM\u00e9x), gan\u00f3 el primer lugar en la Categor\u00eda C4. Escuelas Profesionales de Teatro para Infancias en el Festival Internacional de Teatro Universitario de la Universidad Nacional Aut\u00f3noma de M\u00e9xico (FITU UNAM 2024).<\/p>\n<p>El director de la obra, Israel R\u00edos Hern\u00e1ndez, explic\u00f3 que el Ogrito, de Suzanne Lebeau, una de las dramaturgas para las infancias m\u00e1s reconocidas a nivel internacional, narra las peripecias de un ogrito al enfrentarse a su primer d\u00eda de escuela. Alentado por su mam\u00e1, lucha para ser incluido con las dem\u00e1s ni\u00f1as y ni\u00f1os, emprendiendo un viaje en busca de su identidad.<\/p>\n<p>\u201cEs una puesta en escena que nos invita a que las y los ni\u00f1os se sientan incluidos en el ambiente escolar, ya que en la obra se le ve al protagonista emprender la b\u00fasqueda de sus or\u00edgenes para construir su propia identidad\u201d, expres\u00f3.<\/p>\n<p>Asimismo, destac\u00f3 que esta puesta en escena nace del proyecto de titulaci\u00f3n del egresado, Jorge Antonio Isais Trujillo y la egresada, Itzel Berenice Gonz\u00e1lez Arana, de la licenciatura en Artes Teatrales de la Facultad de Humanidades, quienes hicieron la adaptaci\u00f3n de la obra y gracias a esta titulaci\u00f3n aplicaron a la convocatoria del FITU UNAM.<\/p>\n<p>En este sentido, Berenice Gonz\u00e1lez explic\u00f3 que al leer el texto del ogrito, ambos conectaron con el tema de la inclusi\u00f3n que abordaba la obra, ya que desde la infancia se imponen ciertos estereotipos de c\u00f3mo debe de ser una persona y en la actualidad, hay ni\u00f1as y ni\u00f1os que no se sienten incluidos.<\/p>\n<p>\u201cEl tema principal de esta obra es incluir a un ni\u00f1o que es diferente y que se siente diferente ante sus compa\u00f1eros y compa\u00f1eras de clase. Es un tema que pasa hoy en d\u00eda en las escuelas en general, lo importante es que las y los ni\u00f1os desde el teatro entiendan que lo diferente no es malo, sino que lo particular y lo original de cada persona hace una sociedad m\u00e1s plural\u201d, enfatiz\u00f3.<\/p>\n<p>Gonz\u00e1lez Arana relat\u00f3 que si bien, ambos no hab\u00edan trabajado a nivel profesional con un p\u00fablico infantil, esta obra les permiti\u00f3 utilizar otros elementos actorales, lo cual les permiti\u00f3 enriquecer su trayectoria a nivel profesional.<\/p>\n<p>En este mismo sentido, Antonio Isais mencion\u00f3 que hacer teatro para infancias tiene como objetivo formar audiencias teatrales y que en los montajes la ni\u00f1ez se encuentre presente, para que cuenten con un medio donde puedan expresarse. \u201cHablar de la inclusi\u00f3n en el teatro permite que el p\u00fablico que asista se sienta identificado, sin importar su edad, la idea de complementar al resto, a la sociedad, nos hace formar parte de un mismo entorno y es as\u00ed como estos mensajes, se vuelve valioso en el teatro\u201d, afirm\u00f3.<\/p>\n<p>Finalmente, Israel R\u00edos agradeci\u00f3 a la licenciatura en Artes Teatrales, ya que este proyecto que hoy es reconocido, es la culminaci\u00f3n de una formaci\u00f3n profesional de estudiantado y si bien, implic\u00f3 un gran reto el llegar a las infancias, se les pudo acercar al teatro desde el juego y la emoci\u00f3n.<\/p>\n<p>El Ogrito se podr\u00e1 disfrutar dentro del Teatro Universitario \u201cLos Jaguares\u201d hasta el 20 de octubre, s\u00e1bados y domingos a las 13:00 hrs.<\/p>\n","protected":false},"excerpt":{"rendered":"<p>Con la obra \u201cEl Ogrito\u201d el Grupo Teatral Lunar de la Compa\u00f1\u00eda Universitaria de Teatro de la Universidad Aut\u00f3noma del Estado de M\u00e9xico (UAEM\u00e9x), gan\u00f3 el primer lugar en la Categor\u00eda C4. Escuelas Profesionales de Teatro para Infancias en el Festival Internacional de Teatro Universitario de la Universidad Nacional Aut\u00f3noma de M\u00e9xico (FITU UNAM 2024).<\/p>\n","protected":false},"author":3,"featured_media":634357,"comment_status":"open","ping_status":"open","sticky":false,"template":"","format":"standard","meta":{"_monsterinsights_skip_tracking":false,"_monsterinsights_sitenote_active":false,"_monsterinsights_sitenote_note":"","_monsterinsights_sitenote_category":0,"footnotes":""},"categories":[5],"tags":[89976,67878],"class_list":["post-634267","post","type-post","status-publish","format-standard","has-post-thumbnail","hentry","category-estado-de-mexico","tag-festival-internacional-de-teatro-universitario","tag-uaemex"],"_links":{"self":[{"href":"https:\/\/www.diarioimagen.net\/index.php?rest_route=\/wp\/v2\/posts\/634267","targetHints":{"allow":["GET"]}}],"collection":[{"href":"https:\/\/www.diarioimagen.net\/index.php?rest_route=\/wp\/v2\/posts"}],"about":[{"href":"https:\/\/www.diarioimagen.net\/index.php?rest_route=\/wp\/v2\/types\/post"}],"author":[{"embeddable":true,"href":"https:\/\/www.diarioimagen.net\/index.php?rest_route=\/wp\/v2\/users\/3"}],"replies":[{"embeddable":true,"href":"https:\/\/www.diarioimagen.net\/index.php?rest_route=%2Fwp%2Fv2%2Fcomments&post=634267"}],"version-history":[{"count":0,"href":"https:\/\/www.diarioimagen.net\/index.php?rest_route=\/wp\/v2\/posts\/634267\/revisions"}],"wp:featuredmedia":[{"embeddable":true,"href":"https:\/\/www.diarioimagen.net\/index.php?rest_route=\/wp\/v2\/media\/634357"}],"wp:attachment":[{"href":"https:\/\/www.diarioimagen.net\/index.php?rest_route=%2Fwp%2Fv2%2Fmedia&parent=634267"}],"wp:term":[{"taxonomy":"category","embeddable":true,"href":"https:\/\/www.diarioimagen.net\/index.php?rest_route=%2Fwp%2Fv2%2Fcategories&post=634267"},{"taxonomy":"post_tag","embeddable":true,"href":"https:\/\/www.diarioimagen.net\/index.php?rest_route=%2Fwp%2Fv2%2Ftags&post=634267"}],"curies":[{"name":"wp","href":"https:\/\/api.w.org\/{rel}","templated":true}]}}