{"id":634269,"date":"2024-09-23T00:05:48","date_gmt":"2024-09-23T06:05:48","guid":{"rendered":"https:\/\/www.diarioimagen.net\/?p=634269"},"modified":"2024-09-23T03:15:53","modified_gmt":"2024-09-23T09:15:53","slug":"entregan-zapatos-escolares-a-instituciones-educativas-en-chalco","status":"publish","type":"post","link":"https:\/\/www.diarioimagen.net\/?p=634269","title":{"rendered":"Entregan zapatos escolares a instituciones educativas en Chalco"},"content":{"rendered":"<p>&nbsp;<\/p>\n<ul>\n<li><em><strong>Donaci\u00f3n del municipio de San Mateo Atenco<\/strong><\/em><\/li>\n<\/ul>\n<p><strong>\u00a0<\/strong><\/p>\n<div id=\"attachment_634416\" style=\"width: 470px\" class=\"wp-caption aligncenter\"><a href=\"https:\/\/www.diarioimagen.net\/?attachment_id=634416\" rel=\"attachment wp-att-634416\"><img loading=\"lazy\" decoding=\"async\" aria-describedby=\"caption-attachment-634416\" class=\"size-full wp-image-634416\" src=\"https:\/\/www.diarioimagen.net\/wp-content\/uploads\/2024\/09\/entregan-zapatos.jpg\" alt=\"\" width=\"460\" height=\"270\" srcset=\"https:\/\/www.diarioimagen.net\/wp-content\/uploads\/2024\/09\/entregan-zapatos.jpg 460w, https:\/\/www.diarioimagen.net\/wp-content\/uploads\/2024\/09\/entregan-zapatos-240x141.jpg 240w\" sizes=\"auto, (max-width: 460px) 100vw, 460px\" \/><\/a><p id=\"caption-attachment-634416\" class=\"wp-caption-text\">Reciben calzado escolar nuevo alumnos de la Escuela Primaria \u201cMoctezuma\u201d, ubicada en la colonia Culturas de M\u00e9xico, en Chalco.<\/p><\/div>\n<p>&nbsp;<\/p>\n<p><strong>Chalco, Estado de M\u00e9xico.\u2014 <\/strong>El Gobierno del Estado de M\u00e9xico, que encabeza la Gobernadora Delfina G\u00f3mez \u00c1lvarez, a trav\u00e9s de la Secretar\u00eda de Educaci\u00f3n, Ciencia, Tecnolog\u00eda e Innovaci\u00f3n (SECTI), en coordinaci\u00f3n con autoridades del Municipio de San Mateo Atenco, comenz\u00f3 la entrega de zapatos escolares para estudiantes de instituciones afectadas por las intensas lluvias en Chalco.<\/p>\n<p>\u201cLa fuerza de nuestra comunidad y la solidaridad entre municipios es lo que nos permitir\u00e1 salir adelante. Hoy, m\u00e1s que nunca, el esp\u00edritu de la Nueva Escuela Mexicana de hacer comunidad para enfrentar los desaf\u00edos est\u00e1 presente en Chalco. \u201cEl Poder de Servir nos impulsa a trabajar juntos, desde el Gobierno, los municipios, las familias y los servidores p\u00fablicos para garantizar que los ni\u00f1os y ni\u00f1as de Chalco no s\u00f3lo regresen a clases, sino que lo hagan con la certeza de que est\u00e1n respaldados por su comunidad\u201d, declar\u00f3 Miguel \u00c1ngel Hern\u00e1ndez Espejel, Secretario de Educaci\u00f3n, Ciencia, Tecnolog\u00eda e Innovaci\u00f3n.<\/p>\n<p>En la Primaria \u201cMoctezuma\u201d de la colonia Culturas de M\u00e9xico, el Secretario agradeci\u00f3 la donaci\u00f3n de zapatos que realiz\u00f3 el municipio de San Mateo Atenco, reconocido por su tradici\u00f3n en la producci\u00f3n de calzado.<\/p>\n<p>Durante la entrega, Ana Aurora Mu\u00f1iz Neyra, Presidenta Municipal de San Mateo Atenco, destac\u00f3 el compromiso de su comunidad con la educaci\u00f3n y el bienestar de la ni\u00f1ez mexiquense, sobre todo en momentos cr\u00edticos como \u00e9ste.<\/p>\n<p>Bajo la consigna de la Maestra Delfina G\u00f3mez \u00c1lvarez de \u201cEl Poder de Servir\u201d, autoridades estatales y municipales unieron esfuerzos para seguir brindando apoyo a las familias afectadas, reafirmando su compromiso con el bienestar y la educaci\u00f3n.\u00a0 El Instituto Mexiquense de Infraestructura F\u00edsica Educativa (IMIFE), perteneciente a la SECTI, continuar\u00e1 con la evaluaci\u00f3n de las escuelas afectadas para asegurar que se realicen las reparaciones necesarias y que las instalaciones escolares sean seguras para los estudiantes.<\/p>\n","protected":false},"excerpt":{"rendered":"<p>El Gobierno del Estado de M\u00e9xico, que encabeza la Gobernadora Delfina G\u00f3mez \u00c1lvarez, a trav\u00e9s de la Secretar\u00eda de Educaci\u00f3n, Ciencia, Tecnolog\u00eda e Innovaci\u00f3n (SECTI), en coordinaci\u00f3n con autoridades del Municipio de San Mateo Atenco, comenz\u00f3 la entrega de zapatos escolares para estudiantes de instituciones afectadas por las intensas lluvias en Chalco.<\/p>\n","protected":false},"author":3,"featured_media":634416,"comment_status":"open","ping_status":"open","sticky":false,"template":"","format":"standard","meta":{"_monsterinsights_skip_tracking":false,"_monsterinsights_sitenote_active":false,"_monsterinsights_sitenote_note":"","_monsterinsights_sitenote_category":0,"footnotes":""},"categories":[5,99730],"tags":[541,2954,24769,43675,13350],"class_list":["post-634269","post","type-post","status-publish","format-standard","has-post-thumbnail","hentry","category-estado-de-mexico","category-edomex","tag-chalco","tag-dif","tag-entrega","tag-estado-de-mexico","tag-zapatos"],"_links":{"self":[{"href":"https:\/\/www.diarioimagen.net\/index.php?rest_route=\/wp\/v2\/posts\/634269","targetHints":{"allow":["GET"]}}],"collection":[{"href":"https:\/\/www.diarioimagen.net\/index.php?rest_route=\/wp\/v2\/posts"}],"about":[{"href":"https:\/\/www.diarioimagen.net\/index.php?rest_route=\/wp\/v2\/types\/post"}],"author":[{"embeddable":true,"href":"https:\/\/www.diarioimagen.net\/index.php?rest_route=\/wp\/v2\/users\/3"}],"replies":[{"embeddable":true,"href":"https:\/\/www.diarioimagen.net\/index.php?rest_route=%2Fwp%2Fv2%2Fcomments&post=634269"}],"version-history":[{"count":0,"href":"https:\/\/www.diarioimagen.net\/index.php?rest_route=\/wp\/v2\/posts\/634269\/revisions"}],"wp:featuredmedia":[{"embeddable":true,"href":"https:\/\/www.diarioimagen.net\/index.php?rest_route=\/wp\/v2\/media\/634416"}],"wp:attachment":[{"href":"https:\/\/www.diarioimagen.net\/index.php?rest_route=%2Fwp%2Fv2%2Fmedia&parent=634269"}],"wp:term":[{"taxonomy":"category","embeddable":true,"href":"https:\/\/www.diarioimagen.net\/index.php?rest_route=%2Fwp%2Fv2%2Fcategories&post=634269"},{"taxonomy":"post_tag","embeddable":true,"href":"https:\/\/www.diarioimagen.net\/index.php?rest_route=%2Fwp%2Fv2%2Ftags&post=634269"}],"curies":[{"name":"wp","href":"https:\/\/api.w.org\/{rel}","templated":true}]}}