{"id":634271,"date":"2024-09-23T00:01:03","date_gmt":"2024-09-23T06:01:03","guid":{"rendered":"https:\/\/www.diarioimagen.net\/?p=634271"},"modified":"2024-09-23T03:13:42","modified_gmt":"2024-09-23T09:13:42","slug":"alcaldesa-de-jilotzingo-simula-trabajar-por-los-afectados-de-deslaves-ejidatarios","status":"publish","type":"post","link":"https:\/\/www.diarioimagen.net\/?p=634271","title":{"rendered":"Alcaldesa de Jilotzingo simula trabajar por los afectados de deslaves: ejidatarios"},"content":{"rendered":"<p>&nbsp;<\/p>\n<ul>\n<li><em><strong>Alertaron sobre riesgos<\/strong><\/em><\/li>\n<\/ul>\n<p><strong>\u00a0<\/strong><\/p>\n<h6>Arturo Baena<\/h6>\n<p>&nbsp;<\/p>\n<div id=\"attachment_634408\" style=\"width: 470px\" class=\"wp-caption aligncenter\"><a href=\"https:\/\/www.diarioimagen.net\/?attachment_id=634408\" rel=\"attachment wp-att-634408\"><img loading=\"lazy\" decoding=\"async\" aria-describedby=\"caption-attachment-634408\" class=\"size-full wp-image-634408\" src=\"https:\/\/www.diarioimagen.net\/wp-content\/uploads\/2024\/09\/alcaldesa-jilotzingo.jpg\" alt=\"\" width=\"460\" height=\"270\" srcset=\"https:\/\/www.diarioimagen.net\/wp-content\/uploads\/2024\/09\/alcaldesa-jilotzingo.jpg 460w, https:\/\/www.diarioimagen.net\/wp-content\/uploads\/2024\/09\/alcaldesa-jilotzingo-240x141.jpg 240w\" sizes=\"auto, (max-width: 460px) 100vw, 460px\" \/><\/a><p id=\"caption-attachment-634408\" class=\"wp-caption-text\">La alcaldesa Teresa Casas simula dar atenci\u00f3n a los damnificados por loz deslaves que siguen ocurriendo en San\u00a0 Luis Ayucan y sus alrededores, afirman ejidatarios.<\/p><\/div>\n<p>&nbsp;<\/p>\n<p><strong>Jilotzingo, Estado de M\u00e9xico.\u2014<\/strong> A sabiendas de que su gesti\u00f3n como alcaldesa de esta localidad est\u00e1 por concluir, Teresa Casas simula dar atenci\u00f3n a los damnificados por los deslaves que siguen ocurriendo en San\u00a0 Luis Ayucan y sus alrededores, toda vez que los reclamos contin\u00faan por parte de las familias afectadas.<\/p>\n<p>As\u00ed lo expresaron l\u00edderes ejidales de esa zona, quienes afirmaron que ya se hab\u00eda\u00a0 anticipado a la alcaldesa la posibilidad de que ocurrieran esas eventualidades con los\u00a0 saldos ya conocidos y s\u00f3lo se\u00a0 qued\u00f3 de brazos cruzados.<\/p>\n<p>\u201cEstos lamentables hechos pudieron evitarse, s\u00ed la alcaldesa priista no hubiera sido tolerante con quienes se apropiaron del cauce natural para hacer viviendas de renta o permitir la construcci\u00f3n de casas en lugares de riesgos\u201d, dijeron.<\/p>\n<p>Los afectados afirmaron que a pesar de conocer los riesgos de deslaves, que siguen ocurriendo, \u201cno valoraron\u00a0 a trav\u00e9s de Protecci\u00f3n Civil (PC)las posibilidades de deslizamientos por la inestabilidad de los suelos y aqu\u00ed est\u00e1n las consecuencias\u201d, insistieron. Al tratar de entrevistar a la presidenta municipal, Teresa Casas, sobre las acciones de su administraci\u00f3n para brindar apoyo a las familias afectadas, \u00e9sta, simple y sencillamente, a trav\u00e9s de su jefe de prensa, Ricardo N, mand\u00f3 decir que \u201cno tiene tiempo para atender a los medios de comunicaci\u00f3n\u201d y que ser\u00eda en otra ocasi\u00f3n.<\/p>\n<p>Mientras tanto, los gobiernos estatal y federal realizan trabajos de limpieza y retiro de escombros en esa zona.<\/p>\n","protected":false},"excerpt":{"rendered":"<p>A sabiendas de que su gesti\u00f3n como alcaldesa de esta localidad est\u00e1 por concluir, Teresa Casas simula dar atenci\u00f3n a los damnificados por los deslaves que siguen ocurriendo en San\u00a0 Luis Ayucan y sus alrededores, toda vez que los reclamos contin\u00faan por parte de las familias afectadas.<\/p>\n","protected":false},"author":3,"featured_media":634408,"comment_status":"open","ping_status":"open","sticky":false,"template":"","format":"standard","meta":{"_monsterinsights_skip_tracking":false,"_monsterinsights_sitenote_active":false,"_monsterinsights_sitenote_note":"","_monsterinsights_sitenote_category":0,"footnotes":""},"categories":[5],"tags":[1965,2437,43675,4650],"class_list":["post-634271","post","type-post","status-publish","format-standard","has-post-thumbnail","hentry","category-estado-de-mexico","tag-afectados","tag-deslaves","tag-estado-de-mexico","tag-jilotzingo"],"_links":{"self":[{"href":"https:\/\/www.diarioimagen.net\/index.php?rest_route=\/wp\/v2\/posts\/634271","targetHints":{"allow":["GET"]}}],"collection":[{"href":"https:\/\/www.diarioimagen.net\/index.php?rest_route=\/wp\/v2\/posts"}],"about":[{"href":"https:\/\/www.diarioimagen.net\/index.php?rest_route=\/wp\/v2\/types\/post"}],"author":[{"embeddable":true,"href":"https:\/\/www.diarioimagen.net\/index.php?rest_route=\/wp\/v2\/users\/3"}],"replies":[{"embeddable":true,"href":"https:\/\/www.diarioimagen.net\/index.php?rest_route=%2Fwp%2Fv2%2Fcomments&post=634271"}],"version-history":[{"count":0,"href":"https:\/\/www.diarioimagen.net\/index.php?rest_route=\/wp\/v2\/posts\/634271\/revisions"}],"wp:featuredmedia":[{"embeddable":true,"href":"https:\/\/www.diarioimagen.net\/index.php?rest_route=\/wp\/v2\/media\/634408"}],"wp:attachment":[{"href":"https:\/\/www.diarioimagen.net\/index.php?rest_route=%2Fwp%2Fv2%2Fmedia&parent=634271"}],"wp:term":[{"taxonomy":"category","embeddable":true,"href":"https:\/\/www.diarioimagen.net\/index.php?rest_route=%2Fwp%2Fv2%2Fcategories&post=634271"},{"taxonomy":"post_tag","embeddable":true,"href":"https:\/\/www.diarioimagen.net\/index.php?rest_route=%2Fwp%2Fv2%2Ftags&post=634271"}],"curies":[{"name":"wp","href":"https:\/\/api.w.org\/{rel}","templated":true}]}}