{"id":634273,"date":"2024-09-23T00:02:24","date_gmt":"2024-09-23T06:02:24","guid":{"rendered":"https:\/\/www.diarioimagen.net\/?p=634273"},"modified":"2024-09-23T03:14:16","modified_gmt":"2024-09-23T09:14:16","slug":"entrega-el-lider-social-david-parra-apoyos-a-damnificados-en-naucalpan","status":"publish","type":"post","link":"https:\/\/www.diarioimagen.net\/?p=634273","title":{"rendered":"Entrega el l\u00edder social David Parra apoyos a damnificados en Naucalpan"},"content":{"rendered":"<p>&nbsp;<\/p>\n<ul>\n<li><em><strong>Ayuda a afectados por fuertes lluvias<\/strong><\/em><\/li>\n<\/ul>\n<p><strong>\u00a0<\/strong><\/p>\n<h6>Arturo Baena<\/h6>\n<p>&nbsp;<\/p>\n<div id=\"attachment_634410\" style=\"width: 470px\" class=\"wp-caption aligncenter\"><a href=\"https:\/\/www.diarioimagen.net\/?attachment_id=634410\" rel=\"attachment wp-att-634410\"><img loading=\"lazy\" decoding=\"async\" aria-describedby=\"caption-attachment-634410\" class=\"size-full wp-image-634410\" src=\"https:\/\/www.diarioimagen.net\/wp-content\/uploads\/2024\/09\/entrega-lider-social.jpg\" alt=\"\" width=\"460\" height=\"270\" srcset=\"https:\/\/www.diarioimagen.net\/wp-content\/uploads\/2024\/09\/entrega-lider-social.jpg 460w, https:\/\/www.diarioimagen.net\/wp-content\/uploads\/2024\/09\/entrega-lider-social-240x141.jpg 240w\" sizes=\"auto, (max-width: 460px) 100vw, 460px\" \/><\/a><p id=\"caption-attachment-634410\" class=\"wp-caption-text\">Vecinos de El Tejocote, San Rafael Chamapa, Minas Palacio, Cuartos Izcalli\u00a0 Echegaray, en Naucalpan, han recibido, despensas, cobijas, cobertores, ropa y agua, entre otras cosas, por parte de David Parra.<\/p><\/div>\n<p>&nbsp;<\/p>\n<p><strong>Naucalpan, Estado de M\u00e9xico.\u2014<\/strong> En apoyo a cientos de\u00a0 damnificados por las fuertes lluvias que han ocasionado afectaciones en diversos puntos de este municipio, el luchador social\u00a0 y ex diputado, David Parra S\u00e1nchez, ha recorrido diversas colonias para entregar todo tipo de apoyos a las familias naucalpenses.<\/p>\n<p>Vecinos de El Tejocote, San Rafael Chamapa, Minas Palacio, Cuartos Izcalli\u00a0 Echegaray, entre otras, han recibido, despensas, cobijas, cobertores, ropa y agua, entre otras cosas, para mitigar un poco sus necesidades m\u00e1s apremiantes, cosa que agradecieron los afectados.<\/p>\n<p>El l\u00edder social, luego de lamentar las graves afectaciones qu\u00e9 por desgracia han cobrado algunas vidas, se comprometi\u00f3 a continuar entregando apoyos y ver que las peticiones y necesidades de los ciudadanos sean atendidas por los funcionarios municipales a la mayor brevedad posible.<\/p>\n<p>Parra S\u00e1nchez hizo un llamado a los vecinos para que, en caso de que contin\u00faen las fuertes lluvias, no se expongan a riesgos innecesarios y prioricen su seguridad y la de sus familias antes que los bienes, al tiempo de agradecer a David Aguirre, dirigente juvenil todo el apoyo para atender a los afectados<\/p>\n<p>Solidario, como lo ha hecho por d\u00e9cadas, el luchador social y asesor general del SUTEyM en esta localidad, agradeci\u00f3 las muestras de apoyo y solidaridad de la ciudadan\u00eda para apoyar a nuestro hermanos en desgracia, pues han entregado todo tipo de v\u00edveres en la sede de esa agrupaci\u00f3n sindical.<\/p>\n","protected":false},"excerpt":{"rendered":"<p>n apoyo a cientos de\u00a0 damnificados por las fuertes lluvias que han ocasionado afectaciones en diversos puntos de este municipio, el luchador social\u00a0 y ex diputado, David Parra S\u00e1nchez, ha recorrido diversas colonias para entregar todo tipo de apoyos a las familias naucalpenses.<\/p>\n","protected":false},"author":3,"featured_media":634410,"comment_status":"open","ping_status":"open","sticky":false,"template":"","format":"standard","meta":{"_monsterinsights_skip_tracking":false,"_monsterinsights_sitenote_active":false,"_monsterinsights_sitenote_note":"","_monsterinsights_sitenote_category":0,"footnotes":""},"categories":[5],"tags":[29035,43675,970],"class_list":["post-634273","post","type-post","status-publish","format-standard","has-post-thumbnail","hentry","category-estado-de-mexico","tag-david-parra-sanchez","tag-estado-de-mexico","tag-naucalpan"],"_links":{"self":[{"href":"https:\/\/www.diarioimagen.net\/index.php?rest_route=\/wp\/v2\/posts\/634273","targetHints":{"allow":["GET"]}}],"collection":[{"href":"https:\/\/www.diarioimagen.net\/index.php?rest_route=\/wp\/v2\/posts"}],"about":[{"href":"https:\/\/www.diarioimagen.net\/index.php?rest_route=\/wp\/v2\/types\/post"}],"author":[{"embeddable":true,"href":"https:\/\/www.diarioimagen.net\/index.php?rest_route=\/wp\/v2\/users\/3"}],"replies":[{"embeddable":true,"href":"https:\/\/www.diarioimagen.net\/index.php?rest_route=%2Fwp%2Fv2%2Fcomments&post=634273"}],"version-history":[{"count":0,"href":"https:\/\/www.diarioimagen.net\/index.php?rest_route=\/wp\/v2\/posts\/634273\/revisions"}],"wp:featuredmedia":[{"embeddable":true,"href":"https:\/\/www.diarioimagen.net\/index.php?rest_route=\/wp\/v2\/media\/634410"}],"wp:attachment":[{"href":"https:\/\/www.diarioimagen.net\/index.php?rest_route=%2Fwp%2Fv2%2Fmedia&parent=634273"}],"wp:term":[{"taxonomy":"category","embeddable":true,"href":"https:\/\/www.diarioimagen.net\/index.php?rest_route=%2Fwp%2Fv2%2Fcategories&post=634273"},{"taxonomy":"post_tag","embeddable":true,"href":"https:\/\/www.diarioimagen.net\/index.php?rest_route=%2Fwp%2Fv2%2Ftags&post=634273"}],"curies":[{"name":"wp","href":"https:\/\/api.w.org\/{rel}","templated":true}]}}