{"id":634275,"date":"2024-09-23T00:03:47","date_gmt":"2024-09-23T06:03:47","guid":{"rendered":"https:\/\/www.diarioimagen.net\/?p=634275"},"modified":"2024-09-23T03:14:51","modified_gmt":"2024-09-23T09:14:51","slug":"mantendra-an-alta-productividad-en-el-congreso-anuar-azar-figueroa","status":"publish","type":"post","link":"https:\/\/www.diarioimagen.net\/?p=634275","title":{"rendered":"Mantendr\u00e1 AN alta productividad en el Congreso: Anuar Azar Figueroa"},"content":{"rendered":"<p>&nbsp;<\/p>\n<ul>\n<li><em><strong>Seguir\u00e1n reforzando la unidad del partido<\/strong><\/em><\/li>\n<\/ul>\n<p>&nbsp;<\/p>\n<h6>Arturo Baena<\/h6>\n<p>&nbsp;<\/p>\n<div id=\"attachment_634412\" style=\"width: 470px\" class=\"wp-caption aligncenter\"><a href=\"https:\/\/www.diarioimagen.net\/?attachment_id=634412\" rel=\"attachment wp-att-634412\"><img loading=\"lazy\" decoding=\"async\" aria-describedby=\"caption-attachment-634412\" class=\"size-full wp-image-634412\" src=\"https:\/\/www.diarioimagen.net\/wp-content\/uploads\/2024\/09\/mantendra-an-alta-productividad.jpg\" alt=\"\" width=\"460\" height=\"270\" srcset=\"https:\/\/www.diarioimagen.net\/wp-content\/uploads\/2024\/09\/mantendra-an-alta-productividad.jpg 460w, https:\/\/www.diarioimagen.net\/wp-content\/uploads\/2024\/09\/mantendra-an-alta-productividad-240x141.jpg 240w\" sizes=\"auto, (max-width: 460px) 100vw, 460px\" \/><\/a><p id=\"caption-attachment-634412\" class=\"wp-caption-text\">Anuar Azar Figueroa, diputado y presidente del PAN, en la entidad, refrend\u00f3 su compromiso de que la panista ser\u00e1 una bancada muy productiva.<\/p><\/div>\n<p>&nbsp;<\/p>\n<p><strong>Toluca, Estado de M\u00e9xico.\u2014<\/strong> La fracci\u00f3n del Partido Acci\u00f3n Nacional (PAN) en el Congreso mexiquense no permitir\u00e1 que a trav\u00e9s de propuestas e iniciativas de ley (de Morena) se atente en contra de los habitantes del Estado de M\u00e9xico, adem\u00e1s de que el n\u00famero de legisladores panistas no ser\u00e1 factor para mantener una alta productividad legislativa.<\/p>\n<p>Afirm\u00f3 lo anterior Anuar Azar Figueroa, diputado local y presidente del Comit\u00e9\u00a0 Directivo Estatal\u00a0 del PAN, en la entidad, luego de refrendar su compromiso de que \u201clas diputadas y diputados del PAN, ser\u00e1 una bancada muy productiva en la LXII Legislatura y trabajaremos de la mano de las y los mexiquenses\u201d.<\/p>\n<p>Anuar Azar asegur\u00f3 que \u201cse trabajar\u00e1 intensamente en favor de la seguridad, el agua, el medio ambiente e impulsaremos una agenda digital; nos vamos a vincular con la sociedad civil, regresaremos a nuestros or\u00edgenes, abanderando causas sociales y escuchando a la ciudadan\u00eda\u201d, recalc\u00f3.<\/p>\n<p>Destac\u00f3 que tambi\u00e9n ser\u00e1 una prioridad para la bancada panista, defender firmemente la vida y la familia, como pilares de la sociedad.<\/p>\n<p>\u201cSeguiremos reforzando la unidad del Partido Acci\u00f3n Nacional de la mano de nuestro querido amigo y Senador Enrique Vargas del Villar y nuestro coordinador de los Diputados Locales, Pablo Fern\u00e1ndez de Cevallos\u201d.<\/p>\n<p>Finalmente, detall\u00f3 que \u201ca un a\u00f1o de gobierno de la presente administraci\u00f3n Estatal, la seguridad es un tema pendiente que lastima y preocupa a las familias mexiquenses, por lo que, el GPPAN trabajar\u00e1 cercano y con propuestas desde el Legislativo para erradicar ese \u201cc\u00e1ncer social\u201d, finaliz\u00f3.<\/p>\n","protected":false},"excerpt":{"rendered":"<p>La fracci\u00f3n del Partido Acci\u00f3n Nacional (PAN) en el Congreso mexiquense no permitir\u00e1 que a trav\u00e9s de propuestas e iniciativas de ley (de Morena) se atente en contra de los habitantes del Estado de M\u00e9xico, adem\u00e1s de que el n\u00famero de legisladores panistas no ser\u00e1 factor para mantener una alta productividad legislativa.<\/p>\n","protected":false},"author":3,"featured_media":634412,"comment_status":"open","ping_status":"open","sticky":false,"template":"","format":"standard","meta":{"_monsterinsights_skip_tracking":false,"_monsterinsights_sitenote_active":false,"_monsterinsights_sitenote_note":"","_monsterinsights_sitenote_category":0,"footnotes":""},"categories":[5],"tags":[93709,100869],"class_list":["post-634275","post","type-post","status-publish","format-standard","has-post-thumbnail","hentry","category-estado-de-mexico","tag-anuar-azar-figueroa","tag-partido-accion-nacional-congreso"],"_links":{"self":[{"href":"https:\/\/www.diarioimagen.net\/index.php?rest_route=\/wp\/v2\/posts\/634275","targetHints":{"allow":["GET"]}}],"collection":[{"href":"https:\/\/www.diarioimagen.net\/index.php?rest_route=\/wp\/v2\/posts"}],"about":[{"href":"https:\/\/www.diarioimagen.net\/index.php?rest_route=\/wp\/v2\/types\/post"}],"author":[{"embeddable":true,"href":"https:\/\/www.diarioimagen.net\/index.php?rest_route=\/wp\/v2\/users\/3"}],"replies":[{"embeddable":true,"href":"https:\/\/www.diarioimagen.net\/index.php?rest_route=%2Fwp%2Fv2%2Fcomments&post=634275"}],"version-history":[{"count":0,"href":"https:\/\/www.diarioimagen.net\/index.php?rest_route=\/wp\/v2\/posts\/634275\/revisions"}],"wp:featuredmedia":[{"embeddable":true,"href":"https:\/\/www.diarioimagen.net\/index.php?rest_route=\/wp\/v2\/media\/634412"}],"wp:attachment":[{"href":"https:\/\/www.diarioimagen.net\/index.php?rest_route=%2Fwp%2Fv2%2Fmedia&parent=634275"}],"wp:term":[{"taxonomy":"category","embeddable":true,"href":"https:\/\/www.diarioimagen.net\/index.php?rest_route=%2Fwp%2Fv2%2Fcategories&post=634275"},{"taxonomy":"post_tag","embeddable":true,"href":"https:\/\/www.diarioimagen.net\/index.php?rest_route=%2Fwp%2Fv2%2Ftags&post=634275"}],"curies":[{"name":"wp","href":"https:\/\/api.w.org\/{rel}","templated":true}]}}