{"id":634289,"date":"2024-09-23T00:01:48","date_gmt":"2024-09-23T06:01:48","guid":{"rendered":"https:\/\/www.diarioimagen.net\/?p=634289"},"modified":"2024-09-25T00:42:31","modified_gmt":"2024-09-25T06:42:31","slug":"karin-baldamus-presidente-de-la-afeet-celebro-la-v-junta-reglamentaria","status":"publish","type":"post","link":"https:\/\/www.diarioimagen.net\/?p=634289","title":{"rendered":"Karin Baldamus, presidente de la AFEET celebr\u00f3 la V Junta Reglamentaria"},"content":{"rendered":"<h2>De cinco estrellas<\/h2>\n<h5>Victoria Gonz\u00e1lez Prado<\/h5>\n<p>&nbsp;<\/p>\n<ul>\n<li><strong>Premium<em> acent\u00faa el aumento de gama de <\/em>Air France<em> en esta cabina de viaje<\/em><\/strong><\/li>\n<\/ul>\n<p>&nbsp;<\/p>\n<div id=\"attachment_634388\" style=\"width: 470px\" class=\"wp-caption aligncenter\"><a href=\"https:\/\/www.diarioimagen.net\/?attachment_id=634388\" rel=\"attachment wp-att-634388\"><img loading=\"lazy\" decoding=\"async\" aria-describedby=\"caption-attachment-634388\" class=\"size-full wp-image-634388\" src=\"https:\/\/www.diarioimagen.net\/wp-content\/uploads\/2024\/09\/turismo-estrellas-8.jpg\" alt=\"\" width=\"460\" height=\"270\" srcset=\"https:\/\/www.diarioimagen.net\/wp-content\/uploads\/2024\/09\/turismo-estrellas-8.jpg 460w, https:\/\/www.diarioimagen.net\/wp-content\/uploads\/2024\/09\/turismo-estrellas-8-240x141.jpg 240w\" sizes=\"auto, (max-width: 460px) 100vw, 460px\" \/><\/a><p id=\"caption-attachment-634388\" class=\"wp-caption-text\">En la mesa principal: Mariana P\u00e9rez, Adriana de la Torre, Pasquale Speranza, Karin Baldamus, Jos\u00e9 Guzm\u00e1n, Sandra Luna y Marcela Carmona. Abajo: las cumplea\u00f1eras son agasajadas mes con mes.<\/p><\/div>\n<p>&nbsp;<\/p>\n<p>La Asociaci\u00f3n Femenil de Ejecutivas de Empresas Tur\u00edsticas (AFEET) que preside <strong>Karin Baldamus<\/strong> celebr\u00f3 la V Junta Reglamentaria a la que fueron invitados representantes de <em>Sabre, Encore<\/em> y Aerom\u00e9xico.<\/p>\n<p>En su intervenci\u00f3n, <strong>Pasquale Speranza<\/strong>, vicepresidente de Ventas M\u00e9xico y JCA de Aerom\u00e9xico, se refiri\u00f3 a la celebraci\u00f3n de los 90 a\u00f1os de la aerol\u00ednea bandera de M\u00e9xico y aprovech\u00f3 la oportunidad para presentar un video de los cambios registrados durante las nueve d\u00e9cadas de haber iniciado operaciones (1934) en avi\u00f3n <em>Stinson SR-5A<\/em> de la Ciudad de M\u00e9xico a Acapulco. Actualmente cuentan con 157 modernas aeronaves.<\/p>\n<p>De igual forma, habl\u00f3 del cambio de logotipo que presenta un dise\u00f1o m\u00e1s moderno, conservando al \u201cCaballero \u00c1guila\u201d, se actualiz\u00f3 la imagen de Kukulk\u00e1n, en uno de los aviones, aunque cambia el <em>branding.<\/em><\/p>\n<p>Asegur\u00f3 que la aerol\u00ednea celebra 90 a\u00f1os m\u00e1s fuerte que nunca despu\u00e9s de haber sorteado la pandemia entre otras crisis a lo largo de su historia, habiendo transportado a m\u00e1s de 500 millones de pasajeros.<\/p>\n<p>Coment\u00f3 el incremento de rutas para la pr\u00f3xima temporada de invierno, fortaleciendo la conectividad con Estados Unidos a trav\u00e9s de vuelos temporales hacia Orlando, Miami, Las Vegas y Denver, y algunos se conservar\u00e1n de forma permanente.<\/p>\n<p><strong>Jos\u00e9 Guzm\u00e1n<\/strong>, director regional de <em>Sabre<\/em> al hacer uso de la palabra record\u00f3 que en su participaci\u00f3n en el Congreso de la AFEET, \u201cQu\u00e9 esperar del turismo en este nuevo gobierno\u201d, abord\u00f3 los desaf\u00edos y habl\u00f3 de la aviaci\u00f3n el sector m\u00e1s sensible ante las crisis globales, por lo que la adopci\u00f3n de la tecnolog\u00eda es la mejor forma de eficientar.<\/p>\n<p>\u201cLa historia de <em>Sabre<\/em> se basa en la transformaci\u00f3n tecnol\u00f3gica y estamos posicionados como l\u00edderes en el mercado con plataforma multicontenido que se ha fortalecido con la alianza que desde hace tres a\u00f1os tenemos con <em>Google,<\/em> materiales inteligentes que apoyan y hacen m\u00e1s eficientes a las agencias de viajes como parte de sus ecosistemas de ventas\u201d, indic\u00f3.<\/p>\n<p><em>Encore,<\/em> en su oportunidad, por medio de un video mostr\u00f3 el abanico de servicios que brinda con la m\u00e1s alta tecnolog\u00eda para la realizaci\u00f3n de eventos.<\/p>\n<p>La presidente de la AFEET, dio a conocer el informe de lo realizado con recuento de actividades entre las que destac\u00f3 el Congreso, la Convenci\u00f3n y la Exoi AFEET Quer\u00e9taro, entre otras actividades.<\/p>\n<p>Entre los pr\u00f3ximos eventos a realizarse destac\u00f3 la continuaci\u00f3n de los cursos de Inteligencia Artificial (IA), un viaje de familiarizaci\u00f3n a Dub\u00e1i, del 14 al 22 de noviembre, que en ese momento ya hab\u00eda 30 socias confirmadas; una invitaci\u00f3n a San Antonio, Texas para acudir al concierto de <strong>Chayanne<\/strong>, convocado por <strong>Adriana de la Torre<\/strong> y, otras invitaciones.<\/p>\n<p>\u2730\u2730\u2730\u2730\u2730 En 2009 <em>Air France<\/em> lanza <em>Premium Economy<\/em>, hoy conocida como <em>Premium,<\/em> realzando a\u00fan m\u00e1s la experiencia de viaje \u00fanica asociada con esta cabina espaciosa y c\u00f3moda que ofrece mayor sensaci\u00f3n de privacidad. Dise\u00f1ada para que puedas disfrutar plenamente de est\u00e1ndares superiores de confort, Premium est\u00e1 disponible en toda la flota y la red de larga distancia de la aerol\u00ednea de bandera francesa.<\/p>\n<p>En la cabina <em>Premium,<\/em> el \u00faltimo asiento reclinable est\u00e1 disponible en determinados aviones <em>Boeing 777<\/em> y <em>Airbus A350<\/em>. El respaldo del asiento se reclina hasta 124 grados (dependiendo del tipo de avi\u00f3n), y se ha ensanchado para mayor comodidad. Tambi\u00e9n hay entre 94 y 97 cent\u00edmetros (dependiendo del horario de vuelo). de espacio para las piernas y reposapi\u00e9s ajustable. Los cojines de espuma del asiento tambi\u00e9n se han redise\u00f1ado y el tejido con patr\u00f3n de espiga a\u00f1ade un extra de suavidad.<\/p>\n<p>Gracias a la renovaci\u00f3n gradual, casi 80 por ciento de la flota de <em>Air France<\/em> estar\u00e1 equipada con asientos reclinables a finales de 2025. Durante el vuelo te entregar\u00e1n un <em>kit<\/em> de confort dise\u00f1ado para esa cabina, auricular de audio con reducci\u00f3n de ruido, una manta y una almohada para garantizar la relajaci\u00f3n y el disfrute.<\/p>\n<p>Cada asiento est\u00e1 equipado con pantalla t\u00e1ctil antirreflejo Ultra HD de 13,3 pulgadas con calidad 4K y conexi\u00f3n <em>Bluetooth,<\/em> lo que permite disfrutar de m\u00e1s de mil 500 horas de entretenimiento a la carta, con foco especial en producciones francesas. Tambi\u00e9n podr\u00e1s conectar tu dispositivo personal directamente a la pantalla y utilizarlo como control remoto o navegar por el cat\u00e1logo de entretenimiento a bordo. El asiento cuenta con puertos USB y tambi\u00e9n est\u00e1 disponible una conexi\u00f3n <em>wifi.<\/em><\/p>\n<p>Para aumentar la elegancia, la cabina ha sido redecorada, con nuevos tonos de azul marino, color caracter\u00edstico de la compa\u00f1\u00eda, y azul cielo, tono espec\u00edfico de esa cabina de viaje. El acento rojo de la compa\u00f1\u00eda adorna los reposacabezas de los asientos, los cojines, mantas, <em>kits<\/em> de confort y bandejas de comida.<\/p>\n<p>Cuando est\u00e9s c\u00f3modamente sentado, la tripulaci\u00f3n da la bienvenida a bordo con una copa de champ\u00e1n. Cada cliente recibe servicio completo de comidas \u201ca la francesa\u201d, compuesto por aperitivos, un entrante, dos platos calientes a elegir, queso y postre, servidos en vajilla de dise\u00f1o ecol\u00f3gico con cubiertos de acero inoxidable.<\/p>\n<p>Los men\u00fas <em>Premium<\/em> ahora est\u00e1n dise\u00f1ados por <strong>Fr\u00e9d\u00e9ric Simonin<\/strong>, chef franc\u00e9s con estrella <em>Michelin<\/em> y <em>Meilleur Ouvrier de France, <\/em>quien desde noviembre de 2023 crea dos platos calientes que se renuevan regularmente, incluida una opci\u00f3n vegetariana. Para que puedas elegir entre un delicioso pollo, salsa de ciruelas, guisantes, compota de cebolla morada y puntas de esp\u00e1rragos, o pasta <em>Trofie<\/em> horneada con hongos <em>porcini<\/em> y esp\u00e1rragos, disponible a la salida de Par\u00eds, <em>Pointe \u00e0 Pitre, Fort de France, Cayena<\/em> y Reuni\u00f3n.<\/p>\n<p>Para elaborar estos men\u00fas, <strong>Fr\u00e9d\u00e9ric Simonin<\/strong> ha colaborado con <em>Servair,<\/em> l\u00edder mundial en restauraci\u00f3n a bordo, eligiendo productos frescos, locales y de temporada. Carne, aves, productos l\u00e1cteos, huevos 100 por ciento franceses y pescado procedente de pesquer\u00edas sostenibles con los est\u00e1ndares de la compa\u00f1\u00eda.<\/p>\n<p>La oferta de postres con crujientes hojaldres de vainilla, <em>Paris-Brest<\/em> y <em>fondant<\/em> de chocolate se ha renovado recientemente y ahora, en vuelos de m\u00e1s de nueve horas hay una nueva oferta de helados disponible entre las comidas servidas durante el vuelo. Disponibles en dos sabores: vainilla o chocolate con leche con almendras caramelizadas, estas barras de helado se elaboran tradicionalmente en la Provenza, al sur de Francia.<\/p>\n<p>Gran selecci\u00f3n de bebidas fr\u00edas y calientes, con o sin alcohol, tambi\u00e9n est\u00e1n disponible durante el vuelo. Nueva selecci\u00f3n de vinos y cervezas francesas est\u00e1 disponible exclusivamente en esta cabina, adem\u00e1s de champ\u00e1n. <strong>Xavier Thuizat<\/strong>, nuevo <em>sumiller<\/em> jefe de la l\u00ednea a\u00e9rea, en la primavera de 2025 presentar\u00e1 una carta de vinos, champ\u00e1n y licores franceses completamente renovada.<\/p>\n<p>Quienes viajen en la cabina <em>Premium<\/em> podr\u00e1n acceder a <em>SkyPriority <\/em>que brinda una gama de servicios optimizados en el aeropuerto. Podr\u00e1s facturar y dejar tu equipaje en mostradores exclusivos, y beneficiarte de un acceso m\u00e1s r\u00e1pido y privilegiado a trav\u00e9s de puntos de control de seguridad y control de pasaportes. Tendr\u00e1s mostradores dedicados de ventas y transferencias. Adem\u00e1s, prioridad en el embarque o la opci\u00f3n de embarque a conveniencia y prioridad en la entrega de equipaje.<\/p>\n<p>&nbsp;<\/p>\n<blockquote>\n<p style=\"text-align: right;\">\u201c<strong>El<\/strong> <strong>\u00e1ngel de la fama tiene sus alas hechas de papel&#8230; peri\u00f3dico\u201d.<br \/>\n<\/strong><\/p>\n<\/blockquote>\n<p>&nbsp;<\/p>\n<p><em><span class=\"Apple-converted-space\"><a href=\"mailto:victoriagprado@gmail.com\" target=\"_blank\" rel=\"noopener noreferrer\">victoriagprado@gmail.com<\/a><br \/>\nX: <a href=\"https:\/\/twitter.com\/victoriagprado\" target=\"_blank\" rel=\"noopener noreferrer\">@victoriagprado<\/a><\/span><\/em><\/p>\n","protected":false},"excerpt":{"rendered":"<p>La Asociaci\u00f3n Femenil de Ejecutivas de Empresas Tur\u00edsticas (AFEET) que preside <strong>Karin Baldamus<\/strong> celebr\u00f3 la V Junta Reglamentaria a la que fueron invitados representantes de <em>Sabre, Encore<\/em> y Aerom\u00e9xico.<\/p>\n","protected":false},"author":3,"featured_media":634388,"comment_status":"open","ping_status":"open","sticky":false,"template":"","format":"standard","meta":{"_monsterinsights_skip_tracking":false,"_monsterinsights_sitenote_active":false,"_monsterinsights_sitenote_note":"","_monsterinsights_sitenote_category":0,"footnotes":""},"categories":[11],"tags":[107,43674,43681,106],"class_list":["post-634289","post","type-post","status-publish","format-standard","has-post-thumbnail","hentry","category-turismo","tag-de-cinco-estrellas","tag-opinion","tag-turismo","tag-victoria-gonzalez-prado"],"_links":{"self":[{"href":"https:\/\/www.diarioimagen.net\/index.php?rest_route=\/wp\/v2\/posts\/634289","targetHints":{"allow":["GET"]}}],"collection":[{"href":"https:\/\/www.diarioimagen.net\/index.php?rest_route=\/wp\/v2\/posts"}],"about":[{"href":"https:\/\/www.diarioimagen.net\/index.php?rest_route=\/wp\/v2\/types\/post"}],"author":[{"embeddable":true,"href":"https:\/\/www.diarioimagen.net\/index.php?rest_route=\/wp\/v2\/users\/3"}],"replies":[{"embeddable":true,"href":"https:\/\/www.diarioimagen.net\/index.php?rest_route=%2Fwp%2Fv2%2Fcomments&post=634289"}],"version-history":[{"count":0,"href":"https:\/\/www.diarioimagen.net\/index.php?rest_route=\/wp\/v2\/posts\/634289\/revisions"}],"wp:featuredmedia":[{"embeddable":true,"href":"https:\/\/www.diarioimagen.net\/index.php?rest_route=\/wp\/v2\/media\/634388"}],"wp:attachment":[{"href":"https:\/\/www.diarioimagen.net\/index.php?rest_route=%2Fwp%2Fv2%2Fmedia&parent=634289"}],"wp:term":[{"taxonomy":"category","embeddable":true,"href":"https:\/\/www.diarioimagen.net\/index.php?rest_route=%2Fwp%2Fv2%2Fcategories&post=634289"},{"taxonomy":"post_tag","embeddable":true,"href":"https:\/\/www.diarioimagen.net\/index.php?rest_route=%2Fwp%2Fv2%2Ftags&post=634289"}],"curies":[{"name":"wp","href":"https:\/\/api.w.org\/{rel}","templated":true}]}}