{"id":634455,"date":"2024-09-24T00:06:19","date_gmt":"2024-09-24T06:06:19","guid":{"rendered":"https:\/\/www.diarioimagen.net\/?p=634455"},"modified":"2024-09-24T23:41:26","modified_gmt":"2024-09-25T05:41:26","slug":"plantel-lic-adolfo-lopez-mateos-de-la-preparatoria-de-la-uaemex-consolida-su-inclusion-y-pertinencia-social","status":"publish","type":"post","link":"https:\/\/www.diarioimagen.net\/?p=634455","title":{"rendered":"Plantel \u201cLic. Adolfo L\u00f3pez Mateos\u201d, de la Preparatoria de la UAEM\u00e9x, consolida su inclusi\u00f3n\u00a0y pertinencia social"},"content":{"rendered":"<p>&nbsp;<\/p>\n<div id=\"attachment_634534\" style=\"width: 470px\" class=\"wp-caption aligncenter\"><a href=\"https:\/\/www.diarioimagen.net\/?attachment_id=634534\" rel=\"attachment wp-att-634534\"><img loading=\"lazy\" decoding=\"async\" aria-describedby=\"caption-attachment-634534\" class=\"size-full wp-image-634534\" src=\"https:\/\/www.diarioimagen.net\/wp-content\/uploads\/2024\/09\/uaem-plantel.jpg\" alt=\"\" width=\"460\" height=\"270\" srcset=\"https:\/\/www.diarioimagen.net\/wp-content\/uploads\/2024\/09\/uaem-plantel.jpg 460w, https:\/\/www.diarioimagen.net\/wp-content\/uploads\/2024\/09\/uaem-plantel-240x141.jpg 240w\" sizes=\"auto, (max-width: 460px) 100vw, 460px\" \/><\/a><p id=\"caption-attachment-634534\" class=\"wp-caption-text\">El rector de la UAEM\u00e9x, Carlos Eduardo Barrera D\u00edaz encabez\u00f3 la Ceremonia del 55\u00b0 Aniversario Luctuoso de Adolfo L\u00f3pez Mateos, as\u00ed como el Segundo Informe Anual de Actividades de Arturo Mej\u00eda Zamora, director del Plantel de la Escuela Preparatoria que lleva el nombre del institutense.<\/p><\/div>\n<p>&nbsp;<\/p>\n<p><strong>Toluca, Estado de M\u00e9xico.<\/strong>\u2014 En reconocimiento a su contribuci\u00f3n a la educaci\u00f3n como director del Instituto Cient\u00edfico y Literario Aut\u00f3nomo (ICLA) y presidente de la Rep\u00fablica Mexicana, el rector de lUniversidad Aut\u00f3noma del Estado de M\u00e9xico (UAEM\u00e9x), Carlos Eduardo Barrera D\u00edaz encabez\u00f3 la Ceremonia del 55\u00b0 Aniversario Luctuoso de Adolfo L\u00f3pez Mateos, as\u00ed como el Segundo Informe Anual de Actividades de Arturo Mej\u00eda Zamora, director del Plantel de la Escuela Preparatoria que lleva el nombre del institutense.<\/p>\n<p>Previo a este ejercicio de transparencia, Barrera D\u00edaz inaugur\u00f3 el mural \u201cAbeja de lumbre\u201d del autor Leonardo Montelongo Ortega, obra que reinterpreta s\u00edmbolos de la M\u00e1xima Casa de Estudios mexiquense como la abeja y el panal. Asimismo, hizo entrega de 15 sillas y 15 computadoras de \u00faltima generaci\u00f3n para personal administrativo, 100 pupitres y cinco mesas con sombrilla para jard\u00edn, en beneficio de su comunidad universitaria.<\/p>\n<p>El rector de la UAEM\u00e9x coment\u00f3 que este plantel destaca por la consolidaci\u00f3n de una educaci\u00f3n inclusiva y gran pertinencia social, pues durante el periodo que se informa, se present\u00f3 una eficiencia terminal por cohorte de 97.7 por ciento, con un \u00edndice de abandono escolar menor al uno por ciento, lo cual representa un gran avance en su calidad acad\u00e9mica.<\/p>\n<p>Asimismo, destac\u00f3 que los avances y trabajos en infraestructura realizados han sido fundamentales, pues el Centro Digital de Idiomas ha permitido que 504 estudiantes hayan acreditado el idioma ingl\u00e9s, adem\u00e1s, 104 alumnas y alumnos ya est\u00e1n preparados para presentar una certificaci\u00f3n, reforzando la educaci\u00f3n pluricultural y ling\u00fc\u00edstica dentro de la Aut\u00f3noma mexiquense.<\/p>\n<p>Barrera D\u00edaz resalt\u00f3 que adem\u00e1s de estos resultados, la comunidad universitaria del Plantel de la Escuela Preparatoria \u201cAdolfo L\u00f3pez Mateos\u201d tambi\u00e9n destaca por sus excelentes reconocimientos y premios en diferentes disciplinas, as\u00ed como por su importante participaci\u00f3n en actividades sustentables, siendo la primera preparatoria en contribuir al cuidado y preservaci\u00f3n del medio ambiente.<\/p>\n<p>Por su parte, Mej\u00eda Zamora inform\u00f3 que este plantel cuenta con una matr\u00edcula de tres mil 581 estudiantes, de los cuales, el 58 por ciento son mujeres, mientras que el 42 por ciento son hombres. La totalidad del alumnado cuenta con el Programa Institucional de Tutor\u00eda Acad\u00e9mica dirigida por 99 tutores y tutoras, quienes dan seguimiento a su formaci\u00f3n y desarrollo acad\u00e9mico.<\/p>\n<p>En el marco del aniversario luctuoso de Adolfo L\u00f3pez Mateos, el subdirector acad\u00e9mico, Enrique Adolfo Menchaca Llorente, asever\u00f3 que es necesario conmemorar la vida de quien fue un ejemplo de humanidad, esfuerzo y lucha para la libertad en el pa\u00eds, por lo que pidi\u00f3 a la comunidad universitaria a renovar su compromiso con los valores y principios forjados por este destacado personaje que sent\u00f3 las bases de una educaci\u00f3n s\u00f3lida con oportunidades de crecimiento para toda la sociedad mexicana.<\/p>\n<p>Al acto asistieron la secretaria de Planeaci\u00f3n y Desarrollo Institucional, Mar\u00eda Esther Aurora Contreras Lara Vega; el subdirector administrativo, Juan Carlos Mar\u00edn S\u00e1nchez; la consejera de gobierno, Alma Rosa Lara Contreras; el alumno Sergio Jes\u00fas Cer\u00f3n Corona; integrantes del Gabinete Universitario y del Colegio de Directores, as\u00ed como la comunidad universitaria.<\/p>\n","protected":false},"excerpt":{"rendered":"<p>En reconocimiento a su contribuci\u00f3n a la educaci\u00f3n como director del Instituto Cient\u00edfico y Literario Aut\u00f3nomo (ICLA) y presidente de la Rep\u00fablica Mexicana, el rector de lUniversidad Aut\u00f3noma del Estado de M\u00e9xico (UAEM\u00e9x), Carlos Eduardo Barrera D\u00edaz encabez\u00f3 la Ceremonia del 55\u00b0 Aniversario Luctuoso de Adolfo L\u00f3pez Mateos, as\u00ed como el Segundo Informe Anual de Actividades de Arturo Mej\u00eda Zamora, director del Plantel de la Escuela Preparatoria que lleva el nombre del institutense.<\/p>\n","protected":false},"author":3,"featured_media":634534,"comment_status":"open","ping_status":"open","sticky":false,"template":"","format":"standard","meta":{"_monsterinsights_skip_tracking":false,"_monsterinsights_sitenote_active":false,"_monsterinsights_sitenote_note":"","_monsterinsights_sitenote_category":0,"footnotes":""},"categories":[5],"tags":[100877,100878,67878],"class_list":["post-634455","post","type-post","status-publish","format-standard","has-post-thumbnail","hentry","category-estado-de-mexico","tag-icla","tag-pertinencia-social","tag-uaemex"],"_links":{"self":[{"href":"https:\/\/www.diarioimagen.net\/index.php?rest_route=\/wp\/v2\/posts\/634455","targetHints":{"allow":["GET"]}}],"collection":[{"href":"https:\/\/www.diarioimagen.net\/index.php?rest_route=\/wp\/v2\/posts"}],"about":[{"href":"https:\/\/www.diarioimagen.net\/index.php?rest_route=\/wp\/v2\/types\/post"}],"author":[{"embeddable":true,"href":"https:\/\/www.diarioimagen.net\/index.php?rest_route=\/wp\/v2\/users\/3"}],"replies":[{"embeddable":true,"href":"https:\/\/www.diarioimagen.net\/index.php?rest_route=%2Fwp%2Fv2%2Fcomments&post=634455"}],"version-history":[{"count":0,"href":"https:\/\/www.diarioimagen.net\/index.php?rest_route=\/wp\/v2\/posts\/634455\/revisions"}],"wp:featuredmedia":[{"embeddable":true,"href":"https:\/\/www.diarioimagen.net\/index.php?rest_route=\/wp\/v2\/media\/634534"}],"wp:attachment":[{"href":"https:\/\/www.diarioimagen.net\/index.php?rest_route=%2Fwp%2Fv2%2Fmedia&parent=634455"}],"wp:term":[{"taxonomy":"category","embeddable":true,"href":"https:\/\/www.diarioimagen.net\/index.php?rest_route=%2Fwp%2Fv2%2Fcategories&post=634455"},{"taxonomy":"post_tag","embeddable":true,"href":"https:\/\/www.diarioimagen.net\/index.php?rest_route=%2Fwp%2Fv2%2Ftags&post=634455"}],"curies":[{"name":"wp","href":"https:\/\/api.w.org\/{rel}","templated":true}]}}