{"id":634463,"date":"2024-09-24T00:01:21","date_gmt":"2024-09-24T06:01:21","guid":{"rendered":"https:\/\/www.diarioimagen.net\/?p=634463"},"modified":"2024-09-24T03:25:51","modified_gmt":"2024-09-24T09:25:51","slug":"diputados-de-edomex-presupuesto-sera-dirigido-a-necesidades-prioritarias","status":"publish","type":"post","link":"https:\/\/www.diarioimagen.net\/?p=634463","title":{"rendered":"Diputados de Edomex: presupuesto ser\u00e1 dirigido a necesidades prioritarias"},"content":{"rendered":"<p>&nbsp;<\/p>\n<ul>\n<li><em><strong>Instalan Comisi\u00f3n de Planeaci\u00f3n y Gasto P\u00fablico<\/strong><\/em><\/li>\n<\/ul>\n<p>&nbsp;<\/p>\n<div id=\"attachment_634579\" style=\"width: 470px\" class=\"wp-caption aligncenter\"><a href=\"https:\/\/www.diarioimagen.net\/?attachment_id=634579\" rel=\"attachment wp-att-634579\"><img loading=\"lazy\" decoding=\"async\" aria-describedby=\"caption-attachment-634579\" class=\"size-full wp-image-634579\" src=\"https:\/\/www.diarioimagen.net\/wp-content\/uploads\/2024\/09\/diputados-de-edomex.jpg\" alt=\"\" width=\"460\" height=\"270\" srcset=\"https:\/\/www.diarioimagen.net\/wp-content\/uploads\/2024\/09\/diputados-de-edomex.jpg 460w, https:\/\/www.diarioimagen.net\/wp-content\/uploads\/2024\/09\/diputados-de-edomex-240x141.jpg 240w\" sizes=\"auto, (max-width: 460px) 100vw, 460px\" \/><\/a><p id=\"caption-attachment-634579\" class=\"wp-caption-text\">La LXII Legislatura mexiquense, en voz de su presidente, el diputado Javier Cruz Jaramillo, destac\u00f3 que se cuidar\u00e1n los intereses de la ciudadan\u00eda en la aprobaci\u00f3n del presupuesto.<\/p><\/div>\n<p>&nbsp;<\/p>\n<p><strong>Toluca, Estado de M\u00e9xico.\u2014<\/strong> Al instalar la Comisi\u00f3n de Planeaci\u00f3n y Gasto P\u00fablico de la LXII Legislatura mexiquense, su presidente, el diputado Javier Cruz Jaramillo, destac\u00f3 que se cuidar\u00e1n los intereses de la ciudadan\u00eda al favorecer pol\u00edticas que permitan la atenci\u00f3n de sus necesidades, como son: salud, educaci\u00f3n, seguridad, justicia, agua y empleo.<\/p>\n<p>El legislador resalt\u00f3 que examinar\u00e1n las iniciativas relacionadas con la pol\u00edtica fiscal y financiera y la inversi\u00f3n p\u00fablica; as\u00ed como que estar\u00e1n vigilantes de la aplicaci\u00f3n de recursos p\u00fablicos y transparencia en las remuneraciones de las y los servidores p\u00fablicos mexiquenses. Mientras tanto, Itzel Guadalupe P\u00e9rez Correa, del\u00a0 Partido Verde, indic\u00f3 que deber\u00e1n permitir una recaudaci\u00f3n justa y eficaz para los ayuntamientos y promover instrumentos econ\u00f3micos para las juventudes, el sector empresarial y grupos vulnerables.<\/p>\n<p>Las legisladoras Araceli Casasola Salazar del PRD y Ruth Salinas Reyes, de MC coincidieron en que vigilar\u00e1n las pol\u00edticas p\u00fablicas que el Poder Ejecutivo ponga en marcha, as\u00ed como el gasto ejercido en el primer a\u00f1o del mandato de la gobernadora Delfina G\u00f3mez \u00c1lvarez, pues, en caso de se\u00f1alar errores, podr\u00edan ser \u00e1reas de oportunidad.<\/p>\n<p>El diputado Alejandro Castro Hern\u00e1ndez (PRI) solicit\u00f3 contemplar recursos para atender los municipios donde hubo p\u00e9rdidas humanas debido a siniestros ocasionados por las lluvias; y el congresista Carlos Antonio Mart\u00ednez Zurita Trejo,\u00a0 destac\u00f3 la eficiencia de programas sociales estatales para el combate a la pobreza.<\/p>\n<p>Tambi\u00e9n conforman la Comisi\u00f3n las diputadas y los diputados: Pablo Fern\u00e1ndez de Cevallos Gonz\u00e1lez (PAN), como secretario; Gabriel Kalid Mohamed B\u00e1ez (PT), prosecretario; y como miembros: Sandra Patricia Santos Rodr\u00edguez, Ang\u00e9lica P\u00e9rez Cer\u00f3n, Osvaldo Cort\u00e9s Contreras y Armando Navarrete L\u00f3pez, de Morena.<\/p>\n","protected":false},"excerpt":{"rendered":"<p>Al instalar la Comisi\u00f3n de Planeaci\u00f3n y Gasto P\u00fablico de la LXII Legislatura mexiquense, su presidente, el diputado Javier Cruz Jaramillo, destac\u00f3 que se cuidar\u00e1n los intereses de la ciudadan\u00eda al favorecer pol\u00edticas que permitan la atenci\u00f3n de sus necesidades, como son: salud, educaci\u00f3n, seguridad, justicia, agua y empleo.<\/p>\n","protected":false},"author":3,"featured_media":634579,"comment_status":"open","ping_status":"open","sticky":false,"template":"","format":"standard","meta":{"_monsterinsights_skip_tracking":false,"_monsterinsights_sitenote_active":false,"_monsterinsights_sitenote_note":"","_monsterinsights_sitenote_category":0,"footnotes":""},"categories":[5],"tags":[100880,74956],"class_list":["post-634463","post","type-post","status-publish","format-standard","has-post-thumbnail","hentry","category-estado-de-mexico","tag-comision-de-planeacion-y-gasto-publico","tag-necesidades"],"_links":{"self":[{"href":"https:\/\/www.diarioimagen.net\/index.php?rest_route=\/wp\/v2\/posts\/634463","targetHints":{"allow":["GET"]}}],"collection":[{"href":"https:\/\/www.diarioimagen.net\/index.php?rest_route=\/wp\/v2\/posts"}],"about":[{"href":"https:\/\/www.diarioimagen.net\/index.php?rest_route=\/wp\/v2\/types\/post"}],"author":[{"embeddable":true,"href":"https:\/\/www.diarioimagen.net\/index.php?rest_route=\/wp\/v2\/users\/3"}],"replies":[{"embeddable":true,"href":"https:\/\/www.diarioimagen.net\/index.php?rest_route=%2Fwp%2Fv2%2Fcomments&post=634463"}],"version-history":[{"count":0,"href":"https:\/\/www.diarioimagen.net\/index.php?rest_route=\/wp\/v2\/posts\/634463\/revisions"}],"wp:featuredmedia":[{"embeddable":true,"href":"https:\/\/www.diarioimagen.net\/index.php?rest_route=\/wp\/v2\/media\/634579"}],"wp:attachment":[{"href":"https:\/\/www.diarioimagen.net\/index.php?rest_route=%2Fwp%2Fv2%2Fmedia&parent=634463"}],"wp:term":[{"taxonomy":"category","embeddable":true,"href":"https:\/\/www.diarioimagen.net\/index.php?rest_route=%2Fwp%2Fv2%2Fcategories&post=634463"},{"taxonomy":"post_tag","embeddable":true,"href":"https:\/\/www.diarioimagen.net\/index.php?rest_route=%2Fwp%2Fv2%2Ftags&post=634463"}],"curies":[{"name":"wp","href":"https:\/\/api.w.org\/{rel}","templated":true}]}}