{"id":634465,"date":"2024-09-24T00:02:51","date_gmt":"2024-09-24T06:02:51","guid":{"rendered":"https:\/\/www.diarioimagen.net\/?p=634465"},"modified":"2024-09-24T03:25:32","modified_gmt":"2024-09-24T09:25:32","slug":"el-prd-continua-vivo-y-en-el-corazon-de-mexiquenses-afirma-lucina-cortes","status":"publish","type":"post","link":"https:\/\/www.diarioimagen.net\/?p=634465","title":{"rendered":"El PRD contin\u00faa vivo y en el coraz\u00f3n de mexiquenses, afirma Lucina Cort\u00e9s"},"content":{"rendered":"<p>&nbsp;<\/p>\n<ul>\n<li><em><strong>\u201cSeguir\u00e1 su lucha en Edomex\u201d<\/strong><\/em><\/li>\n<\/ul>\n<p>&nbsp;<\/p>\n<div id=\"attachment_634577\" style=\"width: 470px\" class=\"wp-caption aligncenter\"><a href=\"https:\/\/www.diarioimagen.net\/?attachment_id=634577\" rel=\"attachment wp-att-634577\"><img loading=\"lazy\" decoding=\"async\" aria-describedby=\"caption-attachment-634577\" class=\"size-full wp-image-634577\" src=\"https:\/\/www.diarioimagen.net\/wp-content\/uploads\/2024\/09\/prd-continua-vivo.jpg\" alt=\"\" width=\"460\" height=\"270\" srcset=\"https:\/\/www.diarioimagen.net\/wp-content\/uploads\/2024\/09\/prd-continua-vivo.jpg 460w, https:\/\/www.diarioimagen.net\/wp-content\/uploads\/2024\/09\/prd-continua-vivo-240x141.jpg 240w\" sizes=\"auto, (max-width: 460px) 100vw, 460px\" \/><\/a><p id=\"caption-attachment-634577\" class=\"wp-caption-text\">El PRD en el Estado de M\u00e9xico seguir\u00e1 en pie de lucha por su subsistencia, se\u00f1ala Lucina Cort\u00e9s Cornejo.<\/p><\/div>\n<p>&nbsp;<\/p>\n<p><strong>Naucalpan,\u00a0 Estado de M\u00e9xico.\u2014<\/strong> \u201cAunque el INE hizo formal la extinci\u00f3n del Partido de la Revoluci\u00f3n Democr\u00e1tica (PRD), luego de 35 a\u00f1os de su historia en la pol\u00edtica mexicana, aqu\u00ed en el Estado de M\u00e9xico, seguiremos en pie de lucha por su subsistencia. El sol azteca sigue vivo y el el coraz\u00f3n de miles de mexiquenses\u201d.<\/p>\n<p>As\u00ed lo expres\u00f3 en entrevista, la dirigente de ese instituto pol\u00edtico en esta localidad, Lucina Cort\u00e9s Cornejo, luego de asegurar que \u201chay qu\u00e9 enfrentar los retos que se aproximan como partido de oposici\u00f3n y tenemos hombres y mujeres qu\u00e9 har\u00e1n muy bien su papel\u201d , dijo.<\/p>\n<p>Mientras tanto, y durante una reuni\u00f3n, perredistas mexiquenses ofrecieron perspectivas sobre las estrategias y enfoques necesarios para que el PRD mantenga su relevancia y efectividad en el escenario pol\u00edtico actual.<\/p>\n<p>La reuni\u00f3n form\u00f3 parte de los preparativos del PRD para solicitar su registro como partido local, acci\u00f3n que realizar\u00e1n la pr\u00f3xima semana.<\/p>\n<p>La direcci\u00f3n, conducci\u00f3n y organizaci\u00f3n del evento, estuvo a cargo de X\u00f3chitl Lim\u00f3n Pintado, secretaria de Gobierno y Asuntos Legislativos del PRD Estado de M\u00e9xico.<\/p>\n","protected":false},"excerpt":{"rendered":"<p>\u201cAunque el INE hizo formal la extinci\u00f3n del Partido de la Revoluci\u00f3n Democr\u00e1tica (PRD), luego de 35 a\u00f1os de su historia en la pol\u00edtica mexicana, aqu\u00ed en el Estado de M\u00e9xico, seguiremos en pie de lucha por su subsistencia. El sol azteca sigue vivo y el el coraz\u00f3n de miles de mexiquenses\u201d.<\/p>\n","protected":false},"author":3,"featured_media":634577,"comment_status":"open","ping_status":"open","sticky":false,"template":"","format":"standard","meta":{"_monsterinsights_skip_tracking":false,"_monsterinsights_sitenote_active":false,"_monsterinsights_sitenote_note":"","_monsterinsights_sitenote_category":0,"footnotes":""},"categories":[5],"tags":[100881,277,211],"class_list":["post-634465","post","type-post","status-publish","format-standard","has-post-thumbnail","hentry","category-estado-de-mexico","tag-lucina-cortes","tag-mexiquense","tag-prd"],"_links":{"self":[{"href":"https:\/\/www.diarioimagen.net\/index.php?rest_route=\/wp\/v2\/posts\/634465","targetHints":{"allow":["GET"]}}],"collection":[{"href":"https:\/\/www.diarioimagen.net\/index.php?rest_route=\/wp\/v2\/posts"}],"about":[{"href":"https:\/\/www.diarioimagen.net\/index.php?rest_route=\/wp\/v2\/types\/post"}],"author":[{"embeddable":true,"href":"https:\/\/www.diarioimagen.net\/index.php?rest_route=\/wp\/v2\/users\/3"}],"replies":[{"embeddable":true,"href":"https:\/\/www.diarioimagen.net\/index.php?rest_route=%2Fwp%2Fv2%2Fcomments&post=634465"}],"version-history":[{"count":0,"href":"https:\/\/www.diarioimagen.net\/index.php?rest_route=\/wp\/v2\/posts\/634465\/revisions"}],"wp:featuredmedia":[{"embeddable":true,"href":"https:\/\/www.diarioimagen.net\/index.php?rest_route=\/wp\/v2\/media\/634577"}],"wp:attachment":[{"href":"https:\/\/www.diarioimagen.net\/index.php?rest_route=%2Fwp%2Fv2%2Fmedia&parent=634465"}],"wp:term":[{"taxonomy":"category","embeddable":true,"href":"https:\/\/www.diarioimagen.net\/index.php?rest_route=%2Fwp%2Fv2%2Fcategories&post=634465"},{"taxonomy":"post_tag","embeddable":true,"href":"https:\/\/www.diarioimagen.net\/index.php?rest_route=%2Fwp%2Fv2%2Ftags&post=634465"}],"curies":[{"name":"wp","href":"https:\/\/api.w.org\/{rel}","templated":true}]}}