{"id":634468,"date":"2024-09-24T00:02:45","date_gmt":"2024-09-24T06:02:45","guid":{"rendered":"https:\/\/www.diarioimagen.net\/?p=634468"},"modified":"2024-09-24T03:22:42","modified_gmt":"2024-09-24T09:22:42","slug":"hay-planilla-unica-para-renovar-la-dirigencia-estatal-del-smsem","status":"publish","type":"post","link":"https:\/\/www.diarioimagen.net\/?p=634468","title":{"rendered":"Hay planilla \u00fanica para renovar la dirigencia estatal del SMSEM"},"content":{"rendered":"<p>&nbsp;<\/p>\n<ul>\n<li><em><strong>Cerrado, el proceso de registro<\/strong><\/em><\/li>\n<\/ul>\n<p>&nbsp;<\/p>\n<div id=\"attachment_634575\" style=\"width: 470px\" class=\"wp-caption aligncenter\"><a href=\"https:\/\/www.diarioimagen.net\/?attachment_id=634575\" rel=\"attachment wp-att-634575\"><img loading=\"lazy\" decoding=\"async\" aria-describedby=\"caption-attachment-634575\" class=\"size-full wp-image-634575\" src=\"https:\/\/www.diarioimagen.net\/wp-content\/uploads\/2024\/09\/hay-planilla-unica.jpg\" alt=\"\" width=\"460\" height=\"270\" srcset=\"https:\/\/www.diarioimagen.net\/wp-content\/uploads\/2024\/09\/hay-planilla-unica.jpg 460w, https:\/\/www.diarioimagen.net\/wp-content\/uploads\/2024\/09\/hay-planilla-unica-240x141.jpg 240w\" sizes=\"auto, (max-width: 460px) 100vw, 460px\" \/><\/a><p id=\"caption-attachment-634575\" class=\"wp-caption-text\">Con el registro de la Planilla Cambio Sindical, aprobado, la campa\u00f1a electoral comenz\u00f3 a las 00:00 horas del 23 de septiembre y concluir\u00e1 a las 24:00 horas del 9 de octubre de 2024.<\/p><\/div>\n<p>&nbsp;<\/p>\n<p><strong>Toluca, Estado de M\u00e9xico.\u2014<\/strong> El \u00d3rgano Electoral Independiente (OEI) 2024 del Sindicato de Maestros al Servicio del Estado de M\u00e9xico (SMSEM) cerr\u00f3 el proceso de registro de planillas y resolvi\u00f3 procedente \u00fanicamente a Cambio Sindical, ya que cumpli\u00f3 con los requisitos establecidos en la Convocatoria publicada el 19 de septiembre.<\/p>\n<p>Las planillas Movimiento Magisterial por la Transformaci\u00f3n Sindical y Transformaci\u00f3n Sindical fueron declaradas improcedentes.<\/p>\n<p>No acreditaron el cumplimiento de los principios de paridad de g\u00e9nero, proporcionalidad y representatividad; adem\u00e1s de que la mayor\u00eda de su documentaci\u00f3n presentada ten\u00eda irregularidades.<\/p>\n<p>La primera planilla con pre registro denominada Joven Guardia Sindical no acudi\u00f3 en el tiempo establecido.<\/p>\n<p>Con el registro de la Planilla Cambio Sindical aprobado, la campa\u00f1a electoral comenz\u00f3 a las 00:00 horas del 23 de septiembre y concluir\u00e1 a las 24:00 horas del 9 de octubre de 2024. La jornada electoral se llevar\u00e1 a cabo el pr\u00f3ximo 13 de octubre.<\/p>\n<p>El OEI contin\u00faa supervisando el proceso electoral para asegurar que se realice de manera transparente, c\u00edvica y democr\u00e1tica.<\/p>\n","protected":false},"excerpt":{"rendered":"<p>El \u00d3rgano Electoral Independiente (OEI) 2024 del Sindicato de Maestros al Servicio del Estado de M\u00e9xico (SMSEM) cerr\u00f3 el proceso de registro de planillas y resolvi\u00f3 procedente \u00fanicamente a Cambio Sindical, ya que cumpli\u00f3 con los requisitos establecidos en la Convocatoria publicada el 19 de septiembre.<\/p>\n","protected":false},"author":3,"featured_media":634575,"comment_status":"open","ping_status":"open","sticky":false,"template":"","format":"standard","meta":{"_monsterinsights_skip_tracking":false,"_monsterinsights_sitenote_active":false,"_monsterinsights_sitenote_note":"","_monsterinsights_sitenote_category":0,"footnotes":""},"categories":[5],"tags":[43675,100128,657,452],"class_list":["post-634468","post","type-post","status-publish","format-standard","has-post-thumbnail","hentry","category-estado-de-mexico","tag-estado-de-mexico","tag-oei","tag-smsem","tag-toluca"],"_links":{"self":[{"href":"https:\/\/www.diarioimagen.net\/index.php?rest_route=\/wp\/v2\/posts\/634468","targetHints":{"allow":["GET"]}}],"collection":[{"href":"https:\/\/www.diarioimagen.net\/index.php?rest_route=\/wp\/v2\/posts"}],"about":[{"href":"https:\/\/www.diarioimagen.net\/index.php?rest_route=\/wp\/v2\/types\/post"}],"author":[{"embeddable":true,"href":"https:\/\/www.diarioimagen.net\/index.php?rest_route=\/wp\/v2\/users\/3"}],"replies":[{"embeddable":true,"href":"https:\/\/www.diarioimagen.net\/index.php?rest_route=%2Fwp%2Fv2%2Fcomments&post=634468"}],"version-history":[{"count":0,"href":"https:\/\/www.diarioimagen.net\/index.php?rest_route=\/wp\/v2\/posts\/634468\/revisions"}],"wp:featuredmedia":[{"embeddable":true,"href":"https:\/\/www.diarioimagen.net\/index.php?rest_route=\/wp\/v2\/media\/634575"}],"wp:attachment":[{"href":"https:\/\/www.diarioimagen.net\/index.php?rest_route=%2Fwp%2Fv2%2Fmedia&parent=634468"}],"wp:term":[{"taxonomy":"category","embeddable":true,"href":"https:\/\/www.diarioimagen.net\/index.php?rest_route=%2Fwp%2Fv2%2Fcategories&post=634468"},{"taxonomy":"post_tag","embeddable":true,"href":"https:\/\/www.diarioimagen.net\/index.php?rest_route=%2Fwp%2Fv2%2Ftags&post=634468"}],"curies":[{"name":"wp","href":"https:\/\/api.w.org\/{rel}","templated":true}]}}