{"id":634472,"date":"2024-09-24T00:04:11","date_gmt":"2024-09-24T06:04:11","guid":{"rendered":"https:\/\/www.diarioimagen.net\/?p=634472"},"modified":"2024-09-24T03:21:11","modified_gmt":"2024-09-24T09:21:11","slug":"envian-ayuda-medica-a-san-pedro-cholula-en-ocoyoacac","status":"publish","type":"post","link":"https:\/\/www.diarioimagen.net\/?p=634472","title":{"rendered":"Env\u00edan ayuda m\u00e9dica a San Pedro Cholula, en Ocoyoacac"},"content":{"rendered":"<p>&nbsp;<\/p>\n<ul>\n<li><em><strong>Afectaciones por las lluvias<\/strong><\/em><\/li>\n<\/ul>\n<p><strong>\u00a0<\/strong><\/p>\n<div id=\"attachment_634571\" style=\"width: 470px\" class=\"wp-caption aligncenter\"><a href=\"https:\/\/www.diarioimagen.net\/?attachment_id=634571\" rel=\"attachment wp-att-634571\"><img loading=\"lazy\" decoding=\"async\" aria-describedby=\"caption-attachment-634571\" class=\"size-full wp-image-634571\" src=\"https:\/\/www.diarioimagen.net\/wp-content\/uploads\/2024\/09\/envian-ayuda-medica.jpg\" alt=\"\" width=\"460\" height=\"270\" srcset=\"https:\/\/www.diarioimagen.net\/wp-content\/uploads\/2024\/09\/envian-ayuda-medica.jpg 460w, https:\/\/www.diarioimagen.net\/wp-content\/uploads\/2024\/09\/envian-ayuda-medica-240x141.jpg 240w\" sizes=\"auto, (max-width: 460px) 100vw, 460px\" \/><\/a><p id=\"caption-attachment-634571\" class=\"wp-caption-text\">Instala Secretar\u00eda de Salud estatal dos m\u00f3dulos de atenci\u00f3n m\u00e9dica y una brigada de vacunaci\u00f3n en la zona afectada por las lluvias en la comunidad de San Pedro Cholula en el municipio de Ocoyoacac.<\/p><\/div>\n<p>&nbsp;<\/p>\n<p><strong>Ocoyoacac, Estado de M\u00e9xico.\u2014 <\/strong>En apoyo a la comunidad de San Pedro Cholula en el municipio de Ocoyoacac, afectada por las lluvias, la gobernadora del Estado de M\u00e9xico, Delfina G\u00f3mez \u00c1lvarez despleg\u00f3 al personal m\u00e9dico, de enfermer\u00eda, promotores de salud y T\u00e9cnicos en Atenci\u00f3n Primaria de la Secretar\u00eda de Salud para atender a las familias de esta zona.<\/p>\n<p>A trav\u00e9s del Instituto de Salud del Estado de M\u00e9xico (ISEM) y de la Jurisdicci\u00f3n Sanitaria de Xonacatl\u00e1n, las brigadas llevan a cabo acciones de salud y medicina preventiva en la colonia afectada por las lluvias.<\/p>\n<p>Macarena Montoya Olvera, Secretaria de Salud del Estado de M\u00e9xico, inform\u00f3 que a trav\u00e9s del Instituto de Salud del Estado de M\u00e9xico (ISEM), la Coordinaci\u00f3n Estatal de Salud P\u00fablica y la Jurisdicci\u00f3n Sanitaria de Xonacatl\u00e1n, desde el pasado 18 de septiembre hasta el momento se han brindado m\u00e1s de 2 mil 070 acciones y servicios.<\/p>\n<p>En la comunidad afectada trabajan dos m\u00f3dulos de atenci\u00f3n m\u00e9dica, ubicado en el siguiente punto: en el edificio del susbsistema municipal DIF de la comunidad de San Pedro Cholula.<\/p>\n<p>Asimismo, se instal\u00f3 una brigada de vacunaci\u00f3n en calle Independencia esquina con vialidad Guadalupe Victoria.<\/p>\n<p>Al momento, se han brindado 330 consultas y se han entregado mil 100 piezas de medicamentos, se han aplicado 280 vacunas de t\u00e9tanos, hepatitis B y neumococo; se han otorgado 360 pl\u00e1ticas de promoci\u00f3n y prevenci\u00f3n de enfermedades.<\/p>\n<p>El personal m\u00e9dico ofrece consultas generales, toma de signos vitales, vacunaci\u00f3n, atiende a personas con enfermedades cr\u00f3nicas, mujeres embarazadas, ni\u00f1as y ni\u00f1os, as\u00ed como contusiones, heridas leves, fiebre e infecciones respiratorias agudas o diarreicas. Tambi\u00e9n se distribuyen medicamentos y vacunas a domicilio.<\/p>\n<p>A trav\u00e9s de brigadas con personal de salud se realizan visitas y se levanta un censo casa por casa en las calles afectadas, en donde se ha entregado a las familias diversos medicamentos, antiparasitarios, miconazol en crema, plata coloidal, pastillas de hipoclorito de calcio y vida suero oral para prevenir la deshidrataci\u00f3n y casos de diarrea.<\/p>\n<p>Macarena Montoya Olvera supervis\u00f3 la zona afectada en coordinaci\u00f3n con autoridades municipales, en donde reiter\u00f3 que el Gobierno de la Maestra Delfina G\u00f3mez \u00c1lvarez, est\u00e1 al servicio de las y los ciudadanos y por ello, es un prioridad cuidar la salud de las familias mexiquenses.<\/p>\n<p>Llam\u00f3 a continuar con las medidas preventivas de autocuidado de la salud, a fin de prevenir enfermedades gastrointestinales y de la piel, resultado de la exposici\u00f3n a aguas residuales.<\/p>\n<p>Reiter\u00f3 que se mantiene permanente comunicaci\u00f3n interinstitucional y con autoridades locales, y en caso de ser necesario referir a la y los habitantes de la comunidad que requieran atenci\u00f3n y hospitalizaci\u00f3n a las unidades m\u00e9dicas m\u00e1s cercanas. Y de ser necesario, la referencia a unidades m\u00e9dicas de mayor capacidad resolutiva.<\/p>\n","protected":false},"excerpt":{"rendered":"<p>En apoyo a la comunidad de San Pedro Cholula en el municipio de Ocoyoacac, afectada por las lluvias, la gobernadora del Estado de M\u00e9xico, Delfina G\u00f3mez \u00c1lvarez despleg\u00f3 al personal m\u00e9dico, de enfermer\u00eda, promotores de salud y T\u00e9cnicos en Atenci\u00f3n Primaria de la Secretar\u00eda de Salud para atender a las familias de esta zona.<\/p>\n","protected":false},"author":3,"featured_media":634571,"comment_status":"open","ping_status":"open","sticky":false,"template":"","format":"standard","meta":{"_monsterinsights_skip_tracking":false,"_monsterinsights_sitenote_active":false,"_monsterinsights_sitenote_note":"","_monsterinsights_sitenote_category":0,"footnotes":""},"categories":[18863,99730],"tags":[6774,100882,432],"class_list":["post-634472","post","type-post","status-publish","format-standard","has-post-thumbnail","hentry","category-salud-edomex","category-edomex","tag-ocoyoacac","tag-san-pedro-cholula","tag-secretaria-de-salud"],"_links":{"self":[{"href":"https:\/\/www.diarioimagen.net\/index.php?rest_route=\/wp\/v2\/posts\/634472","targetHints":{"allow":["GET"]}}],"collection":[{"href":"https:\/\/www.diarioimagen.net\/index.php?rest_route=\/wp\/v2\/posts"}],"about":[{"href":"https:\/\/www.diarioimagen.net\/index.php?rest_route=\/wp\/v2\/types\/post"}],"author":[{"embeddable":true,"href":"https:\/\/www.diarioimagen.net\/index.php?rest_route=\/wp\/v2\/users\/3"}],"replies":[{"embeddable":true,"href":"https:\/\/www.diarioimagen.net\/index.php?rest_route=%2Fwp%2Fv2%2Fcomments&post=634472"}],"version-history":[{"count":0,"href":"https:\/\/www.diarioimagen.net\/index.php?rest_route=\/wp\/v2\/posts\/634472\/revisions"}],"wp:featuredmedia":[{"embeddable":true,"href":"https:\/\/www.diarioimagen.net\/index.php?rest_route=\/wp\/v2\/media\/634571"}],"wp:attachment":[{"href":"https:\/\/www.diarioimagen.net\/index.php?rest_route=%2Fwp%2Fv2%2Fmedia&parent=634472"}],"wp:term":[{"taxonomy":"category","embeddable":true,"href":"https:\/\/www.diarioimagen.net\/index.php?rest_route=%2Fwp%2Fv2%2Fcategories&post=634472"},{"taxonomy":"post_tag","embeddable":true,"href":"https:\/\/www.diarioimagen.net\/index.php?rest_route=%2Fwp%2Fv2%2Ftags&post=634472"}],"curies":[{"name":"wp","href":"https:\/\/api.w.org\/{rel}","templated":true}]}}